{"id":19497,"date":"2019-12-16T12:40:46","date_gmt":"2019-12-16T15:40:46","guid":{"rendered":"https:\/\/portal.sma.gob.cl\/?p=19497"},"modified":"2019-12-16T12:40:46","modified_gmt":"2019-12-16T15:40:46","slug":"catemu-sma-multa-por-mas-de-5-mil-200-millones-a-mina-cardenilla-por-dano-ambiental","status":"publish","type":"post","link":"https:\/\/portal.sma.gob.cl\/index.php\/catemu-sma-multa-por-mas-de-5-mil-200-millones-a-mina-cardenilla-por-dano-ambiental\/","title":{"rendered":"CATEMU: SMA Multa por m\u00e1s de $5 mil 200 millones a Mina Cardenilla por da\u00f1o ambiental"},"content":{"rendered":"<p><strong><em>Es considerada <\/em><\/strong><strong><em>la segunda multa m\u00e1s alta aplicada por esta Superintendencia y la m\u00e1s alta para una \u00fanica infracci\u00f3n. Se curs\u00f3 tras constatar da\u00f1o ambiental dentro del sitio prioritario para la conservaci\u00f3n Cordillera el Mel\u00f3n.<\/em><\/strong><\/p>\n<p><strong>Santiago, 16 de diciembre de 2019<\/strong>. La Superintendencia del Medio Ambiente (SMA) aplic\u00f3 una multa de 8.862 Unidades Tributarias Anuales (UTA), equivalentes a m\u00e1s de $5.247 millones, contra la Sociedad de Exploraci\u00f3n y Desarrollo Minero (Explodesa), titular de Mina Cardenilla.<\/p>\n<p>El proyecto se emplaza en la comuna de Catemu, Regi\u00f3n de Valpara\u00edso dentro del sitio prioritario para la conservaci\u00f3n Cordillera El Mel\u00f3n, establecido en la Estrategia Nacional de Biodiversidad. Fue aprobado con la Resoluci\u00f3n de Calificaci\u00f3n Ambiental (RCA) y su faena se centra en la explotaci\u00f3n de cobre a cielo abierto, para una producci\u00f3n de 15.000 toneladas mensuales de mineral durante una vida \u00fatil de 7 a\u00f1os.<\/p>\n<p>La instalaci\u00f3n fue fiscalizada por profesionales de la SMA, en conjunto con el Servicio Agr\u00edcola y Ganadero (SAG) y la Corporaci\u00f3n Nacional Forestal (CONAF), todos de la Regi\u00f3n de Valpara\u00edso. En la inspecci\u00f3n se detectaron 9 infracciones incluyendo el cargo de elusi\u00f3n al Sistema de Evaluaci\u00f3n de Impacto Ambiental (SEIA), con las cuales se formularon cargos contra la empresa en 2018. En este caso, por 8 cargos se acept\u00f3 un Programa de Cumplimiento (PDC), que es un plan de acciones y metas presentado por el infractor, para que dentro de un plazo fijado por la Superintendencia, el titular cumpla sus obligaciones ambientales.<\/p>\n<p>Respecto al cargo de elusi\u00f3n al SEIA, al cual se asoci\u00f3 la generaci\u00f3n de da\u00f1o ambiental, se sigui\u00f3 adelante con el procedimiento de sanci\u00f3n.<\/p>\n<p>Es importante destacar, que la elusi\u00f3n al SEIA corresponde a una infracci\u00f3n donde la empresa o titular de un proyecto realiza actividades sin tener la respectiva autorizaci\u00f3n ambiental (RCA), provocando en este caso, un da\u00f1o ambiental de car\u00e1cter irreparable, debido a la reducci\u00f3n y fragmentaci\u00f3n irreversible del patrimonio natural de este sector protegido.<\/p>\n<p>Entre las obras y acciones que se ejecutaron fuera de lo aprobado ambientalmente, se encuentran las de operar al menos 6 meses m\u00e1s del tiempo autorizado y extraer m\u00e1s de 1,4 mill\u00f3n de toneladas brutas de manera il\u00edcita durante ese per\u00edodo; ampliar la cantera de extracci\u00f3n de mineral en casi 8 hect\u00e1reas sobre lo autorizado; crear dos nuevos sectores de extracci\u00f3n de mineral (Lumbrera Norte y Lumbrera Sur) con sus respectivos caminos afectando las hect\u00e1reas de vegetaci\u00f3n nativa, entre otras materias.<\/p>\n<p>Tras la notificaci\u00f3n de esta sanci\u00f3n, la empresa puede pagar su multa a la Tesorer\u00eda General de la Rep\u00fablica, o bien, reclamar de ilegalidad ante el Tribunal Ambiental de Santiago dentro de un plazo de 15 d\u00edas h\u00e1biles, en cuyo caso no ser\u00e1 exigible el pago mientras el proceso legal no haya concluido.<\/p>\n<p>Los antecedentes fueron derivados al Consejo de Defensa del Estado (CDE) para que eval\u00fae la necesidad de entablar las acciones judiciales que correspondan. Al respecto, la empresa puede presentar voluntariamente una propuesta de Plan de Reparaci\u00f3n avalada por un estudio t\u00e9cnico ambiental, lo que suspender\u00eda las acciones que el CDE pueda presentar al Tribunal Ambiental de Santiago. La SMA ya notific\u00f3 a esta repartici\u00f3n sobre esta sanci\u00f3n, para los fines que estime pertinentes.<\/p>\n<p>Sobre este caso, el Superintendente del Medio Ambiente, Crist\u00f3bal De La Maza, expres\u00f3 que \u201cesta sanci\u00f3n es la segunda m\u00e1s alta cursada por la SMA y la m\u00e1s alta para una \u00fanica infracci\u00f3n, y obedece a la importancia y la extensi\u00f3n del da\u00f1o ambiental causado por esta minera al bosque nativo y a la flora y fauna en estado de conservaci\u00f3n de la zona, como guayacanes (<em>Porlieria chilensis) <\/em>en estado vulnerable<em>.<\/em> Esperamos ahora que la compa\u00f1\u00eda presente su Plan de Reparaci\u00f3n, que tiene por objeto mitigar el grav\u00edsimo impacto ambiental causado a la Cordillera El Mel\u00f3n en la Regi\u00f3n de Valpara\u00edso\u201d.<\/p>\n<p>De La Maza, enfatiz\u00f3 que \u201cpara el pa\u00eds es crucial que se protejan los Sitios Prioritarios de Conservaci\u00f3n establecidos en la Estrategia Nacional de Biodiversidad. Por esa raz\u00f3n, las fiscalizaciones que realiza nuestra instituci\u00f3n a distintos proyectos son fundamentales. En caso de detectar incumplimientos, estos se deben ser sancionados de forma ejemplar, para que las empresas partan de la premisa de que en Chile la normativa ambiental debe respetarse\u201d.<\/p>\n<p>Para mayores detalles de esta sanci\u00f3n, acceder al Sistema de Informaci\u00f3n de Fiscalizaci\u00f3n Ambiental (SNIFA) en el siguiente link: <a href=\"http:\/\/snifa.sma.gob.cl\/v2\/Sancionatorio\/Ficha\/1699\">http:\/\/snifa.sma.gob.cl\/v2\/Sancionatorio\/Ficha\/1699<\/a><\/p>\n","protected":false},"excerpt":{"rendered":"<p>Es considerada la segunda multa m\u00e1s alta aplicada por esta Superintendencia y la m\u00e1s alta para una \u00fanica infracci\u00f3n. Se curs\u00f3 tras constatar da\u00f1o ambiental dentro del sitio prioritario para la conservaci\u00f3n Cordillera el Mel\u00f3n. Santiago, 16 de diciembre de 2019. La Superintendencia del Medio Ambiente (SMA) aplic\u00f3 una multa de 8.862 Unidades Tributarias Anuales (UTA), <a href=\"https:\/\/portal.sma.gob.cl\/index.php\/catemu-sma-multa-por-mas-de-5-mil-200-millones-a-mina-cardenilla-por-dano-ambiental\/\">Leer m\u00e1s<\/a><\/p>\n","protected":false},"author":8,"featured_media":19499,"comment_status":"open","ping_status":"open","sticky":false,"template":"","format":"standard","meta":{"footnotes":""},"categories":[90,107],"tags":[],"class_list":["post-19497","post","type-post","status-publish","format-standard","has-post-thumbnail","hentry","category-comunicados-noticias","category-destacado"],"_links":{"self":[{"href":"https:\/\/portal.sma.gob.cl\/index.php\/wp-json\/wp\/v2\/posts\/19497","targetHints":{"allow":["GET"]}}],"collection":[{"href":"https:\/\/portal.sma.gob.cl\/index.php\/wp-json\/wp\/v2\/posts"}],"about":[{"href":"https:\/\/portal.sma.gob.cl\/index.php\/wp-json\/wp\/v2\/types\/post"}],"author":[{"embeddable":true,"href":"https:\/\/portal.sma.gob.cl\/index.php\/wp-json\/wp\/v2\/users\/8"}],"replies":[{"embeddable":true,"href":"https:\/\/portal.sma.gob.cl\/index.php\/wp-json\/wp\/v2\/comments?post=19497"}],"version-history":[{"count":2,"href":"https:\/\/portal.sma.gob.cl\/index.php\/wp-json\/wp\/v2\/posts\/19497\/revisions"}],"predecessor-version":[{"id":19500,"href":"https:\/\/portal.sma.gob.cl\/index.php\/wp-json\/wp\/v2\/posts\/19497\/revisions\/19500"}],"wp:featuredmedia":[{"embeddable":true,"href":"https:\/\/portal.sma.gob.cl\/index.php\/wp-json\/wp\/v2\/media\/19499"}],"wp:attachment":[{"href":"https:\/\/portal.sma.gob.cl\/index.php\/wp-json\/wp\/v2\/media?parent=19497"}],"wp:term":[{"taxonomy":"category","embeddable":true,"href":"https:\/\/portal.sma.gob.cl\/index.php\/wp-json\/wp\/v2\/categories?post=19497"},{"taxonomy":"post_tag","embeddable":true,"href":"https:\/\/portal.sma.gob.cl\/index.php\/wp-json\/wp\/v2\/tags?post=19497"}],"curies":[{"name":"wp","href":"https:\/\/api.w.org\/{rel}","templated":true}]}}