{"id":19510,"date":"2019-12-18T12:13:33","date_gmt":"2019-12-18T15:13:33","guid":{"rendered":"https:\/\/portal.sma.gob.cl\/?p=19510"},"modified":"2019-12-18T12:15:13","modified_gmt":"2019-12-18T15:15:13","slug":"ancud-sma-inicia-sancionatorio-contra-sanitaria-essal","status":"publish","type":"post","link":"https:\/\/portal.sma.gob.cl\/index.php\/ancud-sma-inicia-sancionatorio-contra-sanitaria-essal\/","title":{"rendered":"Ancud: SMA inicia sancionatorio contra sanitaria ESSAL"},"content":{"rendered":"<p><strong>En las fiscalizaciones se constat\u00f3 que la empresa aplica deficientemente la disposici\u00f3n de bios\u00f3lidos en predios agr\u00edcolas de la comuna de Ancud y que el ducto que descarga los l\u00edquidos tratados a la bah\u00eda tiene roturas con evidentes signos de corrosi\u00f3n, entre otras falencias.<\/strong><\/p>\n<p><strong>Ancud, 18 de diciembre de 2019.<\/strong>\u00a0La Superintendencia del Medio Ambiente (SMA) formul\u00f3 cargos contra la Empresa de Servicios Sanitarios Los Lagos (ESSAL S.A.), titular del proyecto \u201cTratamiento y Disposici\u00f3n Final de las Aguas Servidas de Ancud\u201d, ubicado en el sector Lechagua, comuna de Ancud, Regi\u00f3n de Los Lagos.<\/p>\n<p>En este caso, los funcionarios de la SMA, de la Seremi de Salud y de la Gobernaci\u00f3n Mar\u00edtima de Castro, fiscalizaron a esta empresa a ra\u00edz de distintas denuncias ciudadanas, corroborando en terreno el incumplimiento de obligaciones y acciones comprometidas en su Resoluci\u00f3n de Calificaci\u00f3n Ambiental (RCA).<\/p>\n<p>Luego de analizar la informaci\u00f3n, la SMA inici\u00f3 un proceso de sanci\u00f3n a la sanitaria, a trav\u00e9s de una formulaci\u00f3n de cargos, por no dar cumplimiento a sus obligaciones ambientales, principalmente en materia disposici\u00f3n de bios\u00f3lidos, los cuales se relacionan con: la existencia de un dep\u00f3sito no se ha impermeabilizado; la deficiente aplicaci\u00f3n de lodos al suelo, generando pozas; ducto (emisario) submarino presenta dos roturas considerables, signos de corrosi\u00f3n y no se encuentra sumergido en su totalidad; y a eso se suma la entrega incompleta y omisi\u00f3n de informaci\u00f3n relativa al programa de vigilancia ambiental asociados al efluente, columna de agua, entre otros.<\/p>\n<p>De los cuatro cargos formulados, tres han sido calificados preliminarmente como graves y uno leve. Las primeras pueden ser objeto de revocaci\u00f3n de la RCA, clausura, o multa de hasta 5.000 unidades tributarias anuales (UTA), mientras que las leves pueden ser sancionadas con amonestaci\u00f3n por escrito o multa de hasta 1.000 UTA.<\/p>\n<p>Cabe se\u00f1alar que tras la notificaci\u00f3n, la empresa tiene un plazo de 15 d\u00edas h\u00e1biles para presentar sus descargos y de 10 d\u00edas h\u00e1biles para presentar un programa de cumplimiento.<\/p>\n<p>Para mayor detalle de la formulaci\u00f3n de cargo, acceder al Sistema de Informaci\u00f3n de Fiscalizaci\u00f3n Ambiental (SNIFA) en el siguiente link: <a href=\"http:\/\/snifa.sma.gob.cl\/v2\/Sancionatorio\/Ficha\/2102\">http:\/\/snifa.sma.gob.cl\/v2\/Sancionatorio\/Ficha\/2102<\/a><\/p>\n","protected":false},"excerpt":{"rendered":"<p>En las fiscalizaciones se constat\u00f3 que la empresa aplica deficientemente la disposici\u00f3n de bios\u00f3lidos en predios agr\u00edcolas de la comuna de Ancud y que el ducto que descarga los l\u00edquidos tratados a la bah\u00eda tiene roturas con evidentes signos de corrosi\u00f3n, entre otras falencias. Ancud, 18 de diciembre de 2019.\u00a0La Superintendencia del Medio Ambiente (SMA) formul\u00f3 <a href=\"https:\/\/portal.sma.gob.cl\/index.php\/ancud-sma-inicia-sancionatorio-contra-sanitaria-essal\/\">Leer m\u00e1s<\/a><\/p>\n","protected":false},"author":9,"featured_media":19511,"comment_status":"open","ping_status":"open","sticky":false,"template":"","format":"standard","meta":{"footnotes":""},"categories":[90,107],"tags":[],"class_list":["post-19510","post","type-post","status-publish","format-standard","has-post-thumbnail","hentry","category-comunicados-noticias","category-destacado"],"_links":{"self":[{"href":"https:\/\/portal.sma.gob.cl\/index.php\/wp-json\/wp\/v2\/posts\/19510","targetHints":{"allow":["GET"]}}],"collection":[{"href":"https:\/\/portal.sma.gob.cl\/index.php\/wp-json\/wp\/v2\/posts"}],"about":[{"href":"https:\/\/portal.sma.gob.cl\/index.php\/wp-json\/wp\/v2\/types\/post"}],"author":[{"embeddable":true,"href":"https:\/\/portal.sma.gob.cl\/index.php\/wp-json\/wp\/v2\/users\/9"}],"replies":[{"embeddable":true,"href":"https:\/\/portal.sma.gob.cl\/index.php\/wp-json\/wp\/v2\/comments?post=19510"}],"version-history":[{"count":2,"href":"https:\/\/portal.sma.gob.cl\/index.php\/wp-json\/wp\/v2\/posts\/19510\/revisions"}],"predecessor-version":[{"id":19513,"href":"https:\/\/portal.sma.gob.cl\/index.php\/wp-json\/wp\/v2\/posts\/19510\/revisions\/19513"}],"wp:featuredmedia":[{"embeddable":true,"href":"https:\/\/portal.sma.gob.cl\/index.php\/wp-json\/wp\/v2\/media\/19511"}],"wp:attachment":[{"href":"https:\/\/portal.sma.gob.cl\/index.php\/wp-json\/wp\/v2\/media?parent=19510"}],"wp:term":[{"taxonomy":"category","embeddable":true,"href":"https:\/\/portal.sma.gob.cl\/index.php\/wp-json\/wp\/v2\/categories?post=19510"},{"taxonomy":"post_tag","embeddable":true,"href":"https:\/\/portal.sma.gob.cl\/index.php\/wp-json\/wp\/v2\/tags?post=19510"}],"curies":[{"name":"wp","href":"https:\/\/api.w.org\/{rel}","templated":true}]}}