{"id":19514,"date":"2019-12-19T08:30:05","date_gmt":"2019-12-19T11:30:05","guid":{"rendered":"https:\/\/portal.sma.gob.cl\/?p=19514"},"modified":"2019-12-19T10:13:52","modified_gmt":"2019-12-19T13:13:52","slug":"los-angeles-sma-fiscaliza-medidas-provisionales-a-plantel-agricola-los-varones","status":"publish","type":"post","link":"https:\/\/portal.sma.gob.cl\/index.php\/los-angeles-sma-fiscaliza-medidas-provisionales-a-plantel-agricola-los-varones\/","title":{"rendered":"Los \u00c1ngeles: SMA fiscaliza medidas provisionales a plantel agr\u00edcola Los Varones"},"content":{"rendered":"<p><strong>Tras recibir quejas de vecinos, la Oficina Regional del Biob\u00edo acudi\u00f3 a terreno y constat\u00f3 incumplimientos ambientales de la empresa, la que deber\u00e1 dejar de aplicar purines sobre potreros cercanos al estero Curanad\u00fa, entre otros.<\/strong><\/p>\n<p><strong>Concepci\u00f3n, 18 de diciembre de 2019.<\/strong> Malos olores, vectores y afectaci\u00f3n a cursos de agua han sido una queja constante de los vecinos de la zona rural de Santa Clara y Curanad\u00fa, de la comuna de Los \u00c1ngeles, que viven en las cercan\u00edas de la empresa Agropecuaria Los Varones Ltda. Dicho plantel corresponde a una crianza intensiva de vacunos, adem\u00e1s de un plantel lechero, y no cuenta una Resoluci\u00f3n de Calificaci\u00f3n Ambiental (RCA) necesaria para su funcionamiento.<\/p>\n<p>Por esta raz\u00f3n, y sumado a las denuncias recurrentes, la Oficina Regional del Biob\u00edo realiz\u00f3 una fiscalizaci\u00f3n al proyecto, detectando incumplimientos ambientales asociados a la disposici\u00f3n de residuos del plantel. Tras esa inspecci\u00f3n, se ordenaron Medidas Provisionales al proyecto, las que se notificaron a la compa\u00f1\u00eda en noviembre pasado.<\/p>\n<p>Durante la semana pasada, los profesionales de la SMA fiscalizaron la implementaci\u00f3n de las medidas que se dictaron contra la empresa y los efectos derivados de \u00e9stas. Entre ellas se encuentra la suspensi\u00f3n de aplicaci\u00f3n purines sobre potreros pr\u00f3ximos a curso de agua superficial, para evitar que estos residuos l\u00edquidos escurran al estero Curanad\u00fa. Tambi\u00e9n se le exigi\u00f3 la implementaci\u00f3n de sistemas de control en sus pozos purineros, a fin de evitar nuevos escurrimientos superficiales, adem\u00e1s de la obligaci\u00f3n de realizar una limpieza del sector afectado por los escurrimientos de residuos que ya se produjeron en meses anteriores.<\/p>\n<p>La empresa debe acatar y llevar a cabo las medidas solicitadas, las que seguir\u00e1n siendo fiscalizadas por esta Superintendencia. Adicionalmente, se coordinar\u00e1n visitas con otros servicios p\u00fablicos, en caso de ser necesario, para abordar sistem\u00e1ticamente el problema que presenta este plantel.<\/p>\n\n\t\t<style type=\"text\/css\">\n\t\t\t#gallery-1 {\n\t\t\t\tmargin: auto;\n\t\t\t}\n\t\t\t#gallery-1 .gallery-item {\n\t\t\t\tfloat: left;\n\t\t\t\tmargin-top: 10px;\n\t\t\t\ttext-align: center;\n\t\t\t\twidth: 50%;\n\t\t\t}\n\t\t\t#gallery-1 img {\n\t\t\t\tborder: 2px solid #cfcfcf;\n\t\t\t}\n\t\t\t#gallery-1 .gallery-caption {\n\t\t\t\tmargin-left: 0;\n\t\t\t}\n\t\t\t\/* see gallery_shortcode() in wp-includes\/media.php *\/\n\t\t<\/style>\n\t\t<div id='gallery-1' class='gallery galleryid-19514 gallery-columns-2 gallery-size-thumbnail'><dl class='gallery-item'>\n\t\t\t<dt class='gallery-icon landscape'>\n\t\t\t\t<a data-rel=\"iLightbox[postimages]\" data-title=\"IMG_1736\" data-caption=\"\" href='https:\/\/portal.sma.gob.cl\/index.php\/los-angeles-sma-fiscaliza-medidas-provisionales-a-plantel-agricola-los-varones\/img_1736\/'><img decoding=\"async\" width=\"150\" height=\"150\" src=\"https:\/\/portal.sma.gob.cl\/wp-content\/uploads\/2019\/12\/IMG_1736-150x150.jpg\" class=\"attachment-thumbnail size-thumbnail\" alt=\"\" srcset=\"https:\/\/portal.sma.gob.cl\/wp-content\/uploads\/2019\/12\/IMG_1736-66x66.jpg 66w, https:\/\/portal.sma.gob.cl\/wp-content\/uploads\/2019\/12\/IMG_1736-150x150.jpg 150w\" sizes=\"(max-width: 150px) 100vw, 150px\" \/><\/a>\n\t\t\t<\/dt><\/dl><dl class='gallery-item'>\n\t\t\t<dt class='gallery-icon landscape'>\n\t\t\t\t<a data-rel=\"iLightbox[postimages]\" data-title=\"IMG_1742\" data-caption=\"\" href='https:\/\/portal.sma.gob.cl\/index.php\/los-angeles-sma-fiscaliza-medidas-provisionales-a-plantel-agricola-los-varones\/img_1742\/'><img decoding=\"async\" width=\"150\" height=\"150\" src=\"https:\/\/portal.sma.gob.cl\/wp-content\/uploads\/2019\/12\/IMG_1742-150x150.jpg\" class=\"attachment-thumbnail size-thumbnail\" alt=\"\" srcset=\"https:\/\/portal.sma.gob.cl\/wp-content\/uploads\/2019\/12\/IMG_1742-66x66.jpg 66w, https:\/\/portal.sma.gob.cl\/wp-content\/uploads\/2019\/12\/IMG_1742-150x150.jpg 150w\" sizes=\"(max-width: 150px) 100vw, 150px\" \/><\/a>\n\t\t\t<\/dt><\/dl><br style=\"clear: both\" \/><dl class='gallery-item'>\n\t\t\t<dt class='gallery-icon landscape'>\n\t\t\t\t<a data-rel=\"iLightbox[postimages]\" data-title=\"IMG_1677\" data-caption=\"\" href='https:\/\/portal.sma.gob.cl\/index.php\/los-angeles-sma-fiscaliza-medidas-provisionales-a-plantel-agricola-los-varones\/img_1677\/'><img decoding=\"async\" width=\"150\" height=\"150\" src=\"https:\/\/portal.sma.gob.cl\/wp-content\/uploads\/2019\/12\/IMG_1677-150x150.jpg\" class=\"attachment-thumbnail size-thumbnail\" alt=\"\" srcset=\"https:\/\/portal.sma.gob.cl\/wp-content\/uploads\/2019\/12\/IMG_1677-66x66.jpg 66w, https:\/\/portal.sma.gob.cl\/wp-content\/uploads\/2019\/12\/IMG_1677-150x150.jpg 150w\" sizes=\"(max-width: 150px) 100vw, 150px\" \/><\/a>\n\t\t\t<\/dt><\/dl><dl class='gallery-item'>\n\t\t\t<dt class='gallery-icon landscape'>\n\t\t\t\t<a data-rel=\"iLightbox[postimages]\" data-title=\"IMG_1715\" data-caption=\"\" href='https:\/\/portal.sma.gob.cl\/index.php\/los-angeles-sma-fiscaliza-medidas-provisionales-a-plantel-agricola-los-varones\/img_1715\/'><img decoding=\"async\" width=\"150\" height=\"150\" src=\"https:\/\/portal.sma.gob.cl\/wp-content\/uploads\/2019\/12\/IMG_1715-150x150.jpg\" class=\"attachment-thumbnail size-thumbnail\" alt=\"\" srcset=\"https:\/\/portal.sma.gob.cl\/wp-content\/uploads\/2019\/12\/IMG_1715-66x66.jpg 66w, https:\/\/portal.sma.gob.cl\/wp-content\/uploads\/2019\/12\/IMG_1715-150x150.jpg 150w\" sizes=\"(max-width: 150px) 100vw, 150px\" \/><\/a>\n\t\t\t<\/dt><\/dl><br style=\"clear: both\" \/><dl class='gallery-item'>\n\t\t\t<dt class='gallery-icon landscape'>\n\t\t\t\t<a data-rel=\"iLightbox[postimages]\" data-title=\"IMG_1734\" data-caption=\"\" href='https:\/\/portal.sma.gob.cl\/index.php\/los-angeles-sma-fiscaliza-medidas-provisionales-a-plantel-agricola-los-varones\/img_1734\/'><img decoding=\"async\" width=\"150\" height=\"150\" src=\"https:\/\/portal.sma.gob.cl\/wp-content\/uploads\/2019\/12\/IMG_1734-150x150.jpg\" class=\"attachment-thumbnail size-thumbnail\" alt=\"\" srcset=\"https:\/\/portal.sma.gob.cl\/wp-content\/uploads\/2019\/12\/IMG_1734-66x66.jpg 66w, https:\/\/portal.sma.gob.cl\/wp-content\/uploads\/2019\/12\/IMG_1734-150x150.jpg 150w\" sizes=\"(max-width: 150px) 100vw, 150px\" \/><\/a>\n\t\t\t<\/dt><\/dl>\n\t\t\t<br style='clear: both' \/>\n\t\t<\/div>\n\n","protected":false},"excerpt":{"rendered":"<p>Tras recibir quejas de vecinos, la Oficina Regional del Biob\u00edo acudi\u00f3 a terreno y constat\u00f3 incumplimientos ambientales de la empresa, la que deber\u00e1 dejar de aplicar purines sobre potreros cercanos al estero Curanad\u00fa, entre otros. Concepci\u00f3n, 18 de diciembre de 2019. Malos olores, vectores y afectaci\u00f3n a cursos de agua han sido una queja constante de <a href=\"https:\/\/portal.sma.gob.cl\/index.php\/los-angeles-sma-fiscaliza-medidas-provisionales-a-plantel-agricola-los-varones\/\">Leer m\u00e1s<\/a><\/p>\n","protected":false},"author":9,"featured_media":19515,"comment_status":"open","ping_status":"open","sticky":false,"template":"","format":"standard","meta":{"footnotes":""},"categories":[90,107],"tags":[],"class_list":["post-19514","post","type-post","status-publish","format-standard","has-post-thumbnail","hentry","category-comunicados-noticias","category-destacado"],"_links":{"self":[{"href":"https:\/\/portal.sma.gob.cl\/index.php\/wp-json\/wp\/v2\/posts\/19514","targetHints":{"allow":["GET"]}}],"collection":[{"href":"https:\/\/portal.sma.gob.cl\/index.php\/wp-json\/wp\/v2\/posts"}],"about":[{"href":"https:\/\/portal.sma.gob.cl\/index.php\/wp-json\/wp\/v2\/types\/post"}],"author":[{"embeddable":true,"href":"https:\/\/portal.sma.gob.cl\/index.php\/wp-json\/wp\/v2\/users\/9"}],"replies":[{"embeddable":true,"href":"https:\/\/portal.sma.gob.cl\/index.php\/wp-json\/wp\/v2\/comments?post=19514"}],"version-history":[{"count":1,"href":"https:\/\/portal.sma.gob.cl\/index.php\/wp-json\/wp\/v2\/posts\/19514\/revisions"}],"predecessor-version":[{"id":19521,"href":"https:\/\/portal.sma.gob.cl\/index.php\/wp-json\/wp\/v2\/posts\/19514\/revisions\/19521"}],"wp:featuredmedia":[{"embeddable":true,"href":"https:\/\/portal.sma.gob.cl\/index.php\/wp-json\/wp\/v2\/media\/19515"}],"wp:attachment":[{"href":"https:\/\/portal.sma.gob.cl\/index.php\/wp-json\/wp\/v2\/media?parent=19514"}],"wp:term":[{"taxonomy":"category","embeddable":true,"href":"https:\/\/portal.sma.gob.cl\/index.php\/wp-json\/wp\/v2\/categories?post=19514"},{"taxonomy":"post_tag","embeddable":true,"href":"https:\/\/portal.sma.gob.cl\/index.php\/wp-json\/wp\/v2\/tags?post=19514"}],"curies":[{"name":"wp","href":"https:\/\/api.w.org\/{rel}","templated":true}]}}