{"id":19528,"date":"2019-12-23T15:27:02","date_gmt":"2019-12-23T18:27:02","guid":{"rendered":"https:\/\/portal.sma.gob.cl\/?p=19528"},"modified":"2019-12-23T16:47:07","modified_gmt":"2019-12-23T19:47:07","slug":"sma-y-sag-fiscalizan-plantel-de-cerdos-santa-josefina-por-incumplimientos-al-programa-de-cierre","status":"publish","type":"post","link":"https:\/\/portal.sma.gob.cl\/index.php\/sma-y-sag-fiscalizan-plantel-de-cerdos-santa-josefina-por-incumplimientos-al-programa-de-cierre\/","title":{"rendered":"SMA Y SAG fiscalizan plantel de cerdos Santa Josefina por incumplimientos al programa de cierre"},"content":{"rendered":"<p><strong>Autoridades clausuran cerca de un 43% de la capacidad instalada del recinto, lo que corresponde a 3.200 unidades de animales. La Oficina Regional SMA de \u00d1uble ha estado monitoreando todos los d\u00edas el cierre programado del plantel, el cual deber\u00eda quedar sin animales en marzo del pr\u00f3ximo a\u00f1o.<\/strong><\/p>\n<p><strong>Chill\u00e1n, 23 de diciembre de 2019.<\/strong> La Oficina Regional de \u00d1uble de la Superintendencia del Medio Ambiente (SMA) ha estado fiscalizando semanalmente el programa de cierre del plantel de cerdos Santa Josefina de la empresa Agr\u00edcola Veneto, ubicado en la comuna de Coihueco, el cual se comenz\u00f3 a implementar en septiembre de 2019 y tiene previsto el total despoblamiento para marzo de 2020, debido a que es una instalaci\u00f3n que oper\u00f3 sin tener la debida aprobaci\u00f3n ambiental para sus actividades.<\/p>\n<p>Durante la inspecci\u00f3n realizada entre el SAG \u2013 SMA, se dio cuenta que el plantel no ha dado cumplimiento a la prohibici\u00f3n de realizar cualquier proceso de reproducci\u00f3n artificial o natural al interior de las instalaciones, medida vigente desde el 5 de julio de 2019.<\/p>\n<p>Durante la semana del 16 al 20 de diciembre del presente per\u00edodo, se han parido alrededor de 180 lechones de hembras que proven\u00edan del plantel. A ello, se suma que la empresa presenta faltas en los reportes semanales emitidos desde noviembre a la fecha. <strong><em>\u201cConsiderando la vulneraci\u00f3n a la obligaci\u00f3n de reducci\u00f3n de masa animal de forma sostenida e intermitente establecido por la SMA, se procedi\u00f3 a hacer efectiva la clausura cerrando cerca de un 43% de la capacidad instalada del recinto, lo que corresponde a 3.200 unidades de animales. Adem\u00e1s, se hizo una serie de nuevos requerimientos de informaci\u00f3n a la empresa&#8221;<\/em><\/strong>, se\u00f1al\u00f3 Cristi\u00e1n Lineros, Jefe de la Oficina Regional SMA de \u00d1uble.<\/p>\n<p>La oficina regional, luego de realizar las diligencias indicadas, procedi\u00f3 a derivar los antecedentes a la Fiscal\u00eda de la SMA, para que se analice la necesidad de ejercer otras atribuciones legales.<\/p>\n<p>Junto con lo anterior, la SMA y los organismos con competencia ambiental, seguir\u00e1n manteniendo la fiscalizaci\u00f3n constante del estricto cumplimiento del programa, para que se cumplan todas las acciones comprometidas, y se opere conforme a las distintas normativas que se aplican a los planteles de porcinos. En caso de detectar desviaciones, se adoptar\u00e1n las medidas legales correspondientes.<\/p>\n<div id=\"attachment_19535\" style=\"width: 1073px\" class=\"wp-caption alignnone\"><a href=\"https:\/\/portal.sma.gob.cl\/wp-content\/uploads\/2019\/12\/sj-2.jpeg\"><img decoding=\"async\" aria-describedby=\"caption-attachment-19535\" class=\"wp-image-19535 size-full\" src=\"https:\/\/portal.sma.gob.cl\/wp-content\/uploads\/2019\/12\/sj-2.jpeg\" alt=\"\" width=\"1063\" height=\"677\" srcset=\"https:\/\/portal.sma.gob.cl\/wp-content\/uploads\/2019\/12\/sj-2-200x127.jpeg 200w, https:\/\/portal.sma.gob.cl\/wp-content\/uploads\/2019\/12\/sj-2-300x191.jpeg 300w, https:\/\/portal.sma.gob.cl\/wp-content\/uploads\/2019\/12\/sj-2-400x255.jpeg 400w, https:\/\/portal.sma.gob.cl\/wp-content\/uploads\/2019\/12\/sj-2-600x382.jpeg 600w, https:\/\/portal.sma.gob.cl\/wp-content\/uploads\/2019\/12\/sj-2-768x489.jpeg 768w, https:\/\/portal.sma.gob.cl\/wp-content\/uploads\/2019\/12\/sj-2-800x510.jpeg 800w, https:\/\/portal.sma.gob.cl\/wp-content\/uploads\/2019\/12\/sj-2-1024x652.jpeg 1024w, https:\/\/portal.sma.gob.cl\/wp-content\/uploads\/2019\/12\/sj-2.jpeg 1063w\" sizes=\"(max-width: 1063px) 100vw, 1063px\" \/><\/a><p id=\"caption-attachment-19535\" class=\"wp-caption-text\">Fuente: SMA<\/p><\/div>\n","protected":false},"excerpt":{"rendered":"<p>Autoridades clausuran cerca de un 43% de la capacidad instalada del recinto, lo que corresponde a 3.200 unidades de animales. La Oficina Regional SMA de \u00d1uble ha estado monitoreando todos los d\u00edas el cierre programado del plantel, el cual deber\u00eda quedar sin animales en marzo del pr\u00f3ximo a\u00f1o. Chill\u00e1n, 23 de diciembre de 2019. La Oficina <a href=\"https:\/\/portal.sma.gob.cl\/index.php\/sma-y-sag-fiscalizan-plantel-de-cerdos-santa-josefina-por-incumplimientos-al-programa-de-cierre\/\">Leer m\u00e1s<\/a><\/p>\n","protected":false},"author":3,"featured_media":19529,"comment_status":"open","ping_status":"open","sticky":false,"template":"","format":"standard","meta":{"footnotes":""},"categories":[90,107],"tags":[],"class_list":["post-19528","post","type-post","status-publish","format-standard","has-post-thumbnail","hentry","category-comunicados-noticias","category-destacado"],"_links":{"self":[{"href":"https:\/\/portal.sma.gob.cl\/index.php\/wp-json\/wp\/v2\/posts\/19528","targetHints":{"allow":["GET"]}}],"collection":[{"href":"https:\/\/portal.sma.gob.cl\/index.php\/wp-json\/wp\/v2\/posts"}],"about":[{"href":"https:\/\/portal.sma.gob.cl\/index.php\/wp-json\/wp\/v2\/types\/post"}],"author":[{"embeddable":true,"href":"https:\/\/portal.sma.gob.cl\/index.php\/wp-json\/wp\/v2\/users\/3"}],"replies":[{"embeddable":true,"href":"https:\/\/portal.sma.gob.cl\/index.php\/wp-json\/wp\/v2\/comments?post=19528"}],"version-history":[{"count":9,"href":"https:\/\/portal.sma.gob.cl\/index.php\/wp-json\/wp\/v2\/posts\/19528\/revisions"}],"predecessor-version":[{"id":19541,"href":"https:\/\/portal.sma.gob.cl\/index.php\/wp-json\/wp\/v2\/posts\/19528\/revisions\/19541"}],"wp:featuredmedia":[{"embeddable":true,"href":"https:\/\/portal.sma.gob.cl\/index.php\/wp-json\/wp\/v2\/media\/19529"}],"wp:attachment":[{"href":"https:\/\/portal.sma.gob.cl\/index.php\/wp-json\/wp\/v2\/media?parent=19528"}],"wp:term":[{"taxonomy":"category","embeddable":true,"href":"https:\/\/portal.sma.gob.cl\/index.php\/wp-json\/wp\/v2\/categories?post=19528"},{"taxonomy":"post_tag","embeddable":true,"href":"https:\/\/portal.sma.gob.cl\/index.php\/wp-json\/wp\/v2\/tags?post=19528"}],"curies":[{"name":"wp","href":"https:\/\/api.w.org\/{rel}","templated":true}]}}