{"id":19542,"date":"2019-12-24T12:47:42","date_gmt":"2019-12-24T15:47:42","guid":{"rendered":"https:\/\/portal.sma.gob.cl\/?p=19542"},"modified":"2019-12-24T12:52:20","modified_gmt":"2019-12-24T15:52:20","slug":"ante-altas-temperaturas-sma-requiere-planes-de-contingencia-a-rellenos-sanitarios-y-estaciones-de-transferencia-del-pais","status":"publish","type":"post","link":"https:\/\/portal.sma.gob.cl\/index.php\/ante-altas-temperaturas-sma-requiere-planes-de-contingencia-a-rellenos-sanitarios-y-estaciones-de-transferencia-del-pais\/","title":{"rendered":"Ante altas temperaturas SMA Requiere Planes de Contingencia a Rellenos Sanitarios y Estaciones de Transferencia del Pa\u00eds"},"content":{"rendered":"<p><strong>Informes de la Direcci\u00f3n Meteorol\u00f3gica de Chile se\u00f1alan que este verano ser\u00e1 de altas temperaturas y muy baja humedad en la zona central del pa\u00eds, lo que puede propiciar incendios autogenerados en recintos que reciben residuos domiciliarios. Por ello, la Superintendencia solicit\u00f3 planes de prevenci\u00f3n de contingencias y de emergencia que deber\u00e1n presentar ante la entidad en 15 d\u00edas.<\/strong><\/p>\n<p><strong>Santiago, 24 de diciembre de 2019.<\/strong> La Superintendencia del Medio Ambiente (SMA) envi\u00f3 una notificaci\u00f3n a 66 instalaciones de rellenos sanitarios y estaciones de transferencia del pa\u00eds, que reciben residuos domiciliarios y asimilables a domiciliarios exigi\u00e9ndoles una actualizaci\u00f3n en sus planes de prevenci\u00f3n de contingencias y de emergencias tras el anuncio de las elevadas temperaturas estivales.<\/p>\n<p><em>\u201cEl requerimiento obedece principalmente al inicio de la temporada de verano 2019-2020, pues seg\u00fan informes de la Universidad de Talca se prev\u00e9 que este sea el m\u00e1s seco en 119 a\u00f1os, con d\u00edas sobre los 40\u00b0 en la zona central. Mientras que la Direcci\u00f3n Meteorol\u00f3gica ha estimado altas temperaturas y baja humedad, lo cual colabora con un ambiente propicio para los incendios en estas instalaciones\u201d<\/em> sostuvo el superintendente de medio ambiente Crist\u00f3bal de la Maza.<\/p>\n<p><em>\u201cLas empresas tendr\u00e1n un plazo de 15 d\u00edas para entregar a la SMA sus planes, los que ser\u00e1n revisados por la entidad a fin de prepararse para la temporada estival. Hago un llamado a la poblaci\u00f3n a seguir pautas de reciclaje, para evitar que residuos peligrosos de origen domiciliario, como pilas, bater\u00edas de auto, tubos fluorescentes, aceite quemado, ampolletas, lleguen a los rellenos sanitarios, ya que pueden interactuar y facilitar los incendios\u201d<\/em>, enfatiz\u00f3 la autoridad.<\/p>\n<p>A\u00f1adi\u00f3 que hay que considerar que en algunas zonas del pa\u00eds los rellenos sanitarios se encuentran en zonas boscosas, como la Regi\u00f3n del Biob\u00edo, donde un incendio forestal puede traspasarse y llegar estas instalaciones. Para evitar esto, es necesario tener los planes de prevenci\u00f3n de contingencias y de emergencias que hemos solicitado con urgencia.<\/p>\n<p>El verano propicia la autogeneraci\u00f3n de incendios en vertederos y rellenos sanitarios, debido a que el gas metano que se produce en estos recintos, m\u00e1s la materia org\u00e1nica expuesta sirve como combustible para la propagaci\u00f3n de fuego.<\/p>\n<p>En este contexto, se espera que los planes de contingencia y emergencia trabajen con frentes de trabajo acotados, con cobertura diaria de residuos, dejando as\u00ed sin ox\u00edgeno disponible para evitar la propagaci\u00f3n del fuego. Adicionalmente, los sistemas de captaci\u00f3n de gas de estos recintos deben estar operando en \u00f3ptimas condiciones, para evitar fugas de gas metano que es inflamable.<\/p>\n<h3><strong>Recorrido por Santa Marta<\/strong><\/h3>\n<p>El Superintendente hizo el anuncio del requerimiento a los rellenos y vertederos en el marco de una visita al relleno Santa Marta, ubicado en Talagante. Dicha instalaci\u00f3n sufri\u00f3 un incendio en enero de 2016, tras lo cual la SMA formul\u00f3 cargos y luego aprob\u00f3 un Programa de Cumplimiento que est\u00e1 terminando de ejecutarse. En la oportunidad recorri\u00f3 las mejoras efectuadas por la empresa y llam\u00f3 a los titulares del relleno a entregar la informaci\u00f3n exigida sobre prevenci\u00f3n y emergencias.<\/p>\n<p>De La Maza visitar\u00e1 otros rellenos sanitarios con el fin de difundir en terreno esta exigencia y solicitar a los encargados de los recintos la pronta implementaci\u00f3n de las medidas preventivas ante la temporada de altas temperaturas.<\/p>\n\n\t\t<style type=\"text\/css\">\n\t\t\t#gallery-1 {\n\t\t\t\tmargin: auto;\n\t\t\t}\n\t\t\t#gallery-1 .gallery-item {\n\t\t\t\tfloat: left;\n\t\t\t\tmargin-top: 10px;\n\t\t\t\ttext-align: center;\n\t\t\t\twidth: 33%;\n\t\t\t}\n\t\t\t#gallery-1 img {\n\t\t\t\tborder: 2px solid #cfcfcf;\n\t\t\t}\n\t\t\t#gallery-1 .gallery-caption {\n\t\t\t\tmargin-left: 0;\n\t\t\t}\n\t\t\t\/* see gallery_shortcode() in wp-includes\/media.php *\/\n\t\t<\/style>\n\t\t<div id='gallery-1' class='gallery galleryid-19542 gallery-columns-3 gallery-size-medium'><dl class='gallery-item'>\n\t\t\t<dt class='gallery-icon landscape'>\n\t\t\t\t<a data-rel=\"iLightbox[postimages]\" data-title=\"gal1\" data-caption=\"\" href='https:\/\/portal.sma.gob.cl\/wp-content\/uploads\/2019\/12\/gal1.jpeg'><img decoding=\"async\" width=\"300\" height=\"150\" src=\"https:\/\/portal.sma.gob.cl\/wp-content\/uploads\/2019\/12\/gal1-300x150.jpeg\" class=\"attachment-medium size-medium\" alt=\"\" srcset=\"https:\/\/portal.sma.gob.cl\/wp-content\/uploads\/2019\/12\/gal1-200x100.jpeg 200w, https:\/\/portal.sma.gob.cl\/wp-content\/uploads\/2019\/12\/gal1-300x150.jpeg 300w, https:\/\/portal.sma.gob.cl\/wp-content\/uploads\/2019\/12\/gal1-400x201.jpeg 400w, https:\/\/portal.sma.gob.cl\/wp-content\/uploads\/2019\/12\/gal1-540x272.jpeg 540w, https:\/\/portal.sma.gob.cl\/wp-content\/uploads\/2019\/12\/gal1-600x301.jpeg 600w, https:\/\/portal.sma.gob.cl\/wp-content\/uploads\/2019\/12\/gal1-768x385.jpeg 768w, https:\/\/portal.sma.gob.cl\/wp-content\/uploads\/2019\/12\/gal1-800x401.jpeg 800w, https:\/\/portal.sma.gob.cl\/wp-content\/uploads\/2019\/12\/gal1-1024x514.jpeg 1024w, https:\/\/portal.sma.gob.cl\/wp-content\/uploads\/2019\/12\/gal1-1200x602.jpeg 1200w, https:\/\/portal.sma.gob.cl\/wp-content\/uploads\/2019\/12\/gal1.jpeg 1240w\" sizes=\"(max-width: 300px) 100vw, 300px\" \/><\/a>\n\t\t\t<\/dt><\/dl><dl class='gallery-item'>\n\t\t\t<dt class='gallery-icon landscape'>\n\t\t\t\t<a data-rel=\"iLightbox[postimages]\" data-title=\"gal3\" data-caption=\"\" href='https:\/\/portal.sma.gob.cl\/wp-content\/uploads\/2019\/12\/gal3.jpeg'><img decoding=\"async\" width=\"300\" height=\"225\" src=\"https:\/\/portal.sma.gob.cl\/wp-content\/uploads\/2019\/12\/gal3-300x225.jpeg\" class=\"attachment-medium size-medium\" alt=\"\" srcset=\"https:\/\/portal.sma.gob.cl\/wp-content\/uploads\/2019\/12\/gal3-200x150.jpeg 200w, https:\/\/portal.sma.gob.cl\/wp-content\/uploads\/2019\/12\/gal3-300x225.jpeg 300w, https:\/\/portal.sma.gob.cl\/wp-content\/uploads\/2019\/12\/gal3-400x300.jpeg 400w, https:\/\/portal.sma.gob.cl\/wp-content\/uploads\/2019\/12\/gal3-600x450.jpeg 600w, https:\/\/portal.sma.gob.cl\/wp-content\/uploads\/2019\/12\/gal3-768x576.jpeg 768w, https:\/\/portal.sma.gob.cl\/wp-content\/uploads\/2019\/12\/gal3-800x600.jpeg 800w, https:\/\/portal.sma.gob.cl\/wp-content\/uploads\/2019\/12\/gal3-1024x768.jpeg 1024w, https:\/\/portal.sma.gob.cl\/wp-content\/uploads\/2019\/12\/gal3-1200x900.jpeg 1200w, https:\/\/portal.sma.gob.cl\/wp-content\/uploads\/2019\/12\/gal3.jpeg 1280w\" sizes=\"(max-width: 300px) 100vw, 300px\" \/><\/a>\n\t\t\t<\/dt><\/dl><dl class='gallery-item'>\n\t\t\t<dt class='gallery-icon landscape'>\n\t\t\t\t<a data-rel=\"iLightbox[postimages]\" data-title=\"gal4\" data-caption=\"\" href='https:\/\/portal.sma.gob.cl\/wp-content\/uploads\/2019\/12\/gal4.jpeg'><img decoding=\"async\" width=\"300\" height=\"161\" src=\"https:\/\/portal.sma.gob.cl\/wp-content\/uploads\/2019\/12\/gal4-300x161.jpeg\" class=\"attachment-medium size-medium\" alt=\"\" srcset=\"https:\/\/portal.sma.gob.cl\/wp-content\/uploads\/2019\/12\/gal4-200x107.jpeg 200w, https:\/\/portal.sma.gob.cl\/wp-content\/uploads\/2019\/12\/gal4-300x161.jpeg 300w, https:\/\/portal.sma.gob.cl\/wp-content\/uploads\/2019\/12\/gal4-400x215.jpeg 400w, https:\/\/portal.sma.gob.cl\/wp-content\/uploads\/2019\/12\/gal4-600x322.jpeg 600w, https:\/\/portal.sma.gob.cl\/wp-content\/uploads\/2019\/12\/gal4-768x413.jpeg 768w, https:\/\/portal.sma.gob.cl\/wp-content\/uploads\/2019\/12\/gal4-800x430.jpeg 800w, https:\/\/portal.sma.gob.cl\/wp-content\/uploads\/2019\/12\/gal4-1024x550.jpeg 1024w, https:\/\/portal.sma.gob.cl\/wp-content\/uploads\/2019\/12\/gal4.jpeg 1158w\" sizes=\"(max-width: 300px) 100vw, 300px\" \/><\/a>\n\t\t\t<\/dt><\/dl><br style=\"clear: both\" \/><dl class='gallery-item'>\n\t\t\t<dt class='gallery-icon landscape'>\n\t\t\t\t<a data-rel=\"iLightbox[postimages]\" data-title=\"gal5\" data-caption=\"\" href='https:\/\/portal.sma.gob.cl\/wp-content\/uploads\/2019\/12\/gal5.jpeg'><img decoding=\"async\" width=\"300\" height=\"164\" src=\"https:\/\/portal.sma.gob.cl\/wp-content\/uploads\/2019\/12\/gal5-300x164.jpeg\" class=\"attachment-medium size-medium\" alt=\"\" srcset=\"https:\/\/portal.sma.gob.cl\/wp-content\/uploads\/2019\/12\/gal5-200x109.jpeg 200w, https:\/\/portal.sma.gob.cl\/wp-content\/uploads\/2019\/12\/gal5-300x164.jpeg 300w, https:\/\/portal.sma.gob.cl\/wp-content\/uploads\/2019\/12\/gal5-400x219.jpeg 400w, https:\/\/portal.sma.gob.cl\/wp-content\/uploads\/2019\/12\/gal5-600x328.jpeg 600w, https:\/\/portal.sma.gob.cl\/wp-content\/uploads\/2019\/12\/gal5-768x420.jpeg 768w, https:\/\/portal.sma.gob.cl\/wp-content\/uploads\/2019\/12\/gal5-800x438.jpeg 800w, https:\/\/portal.sma.gob.cl\/wp-content\/uploads\/2019\/12\/gal5-1024x560.jpeg 1024w, https:\/\/portal.sma.gob.cl\/wp-content\/uploads\/2019\/12\/gal5.jpeg 1137w\" sizes=\"(max-width: 300px) 100vw, 300px\" \/><\/a>\n\t\t\t<\/dt><\/dl><dl class='gallery-item'>\n\t\t\t<dt class='gallery-icon portrait'>\n\t\t\t\t<a data-rel=\"iLightbox[postimages]\" data-title=\"gal2\" data-caption=\"\" href='https:\/\/portal.sma.gob.cl\/wp-content\/uploads\/2019\/12\/gal2.jpeg'><img decoding=\"async\" width=\"231\" height=\"300\" src=\"https:\/\/portal.sma.gob.cl\/wp-content\/uploads\/2019\/12\/gal2-231x300.jpeg\" class=\"attachment-medium size-medium\" alt=\"\" srcset=\"https:\/\/portal.sma.gob.cl\/wp-content\/uploads\/2019\/12\/gal2-200x260.jpeg 200w, https:\/\/portal.sma.gob.cl\/wp-content\/uploads\/2019\/12\/gal2-231x300.jpeg 231w, https:\/\/portal.sma.gob.cl\/wp-content\/uploads\/2019\/12\/gal2-400x520.jpeg 400w, https:\/\/portal.sma.gob.cl\/wp-content\/uploads\/2019\/12\/gal2-600x781.jpeg 600w, https:\/\/portal.sma.gob.cl\/wp-content\/uploads\/2019\/12\/gal2-768x999.jpeg 768w, https:\/\/portal.sma.gob.cl\/wp-content\/uploads\/2019\/12\/gal2-787x1024.jpeg 787w, https:\/\/portal.sma.gob.cl\/wp-content\/uploads\/2019\/12\/gal2-800x1041.jpeg 800w, https:\/\/portal.sma.gob.cl\/wp-content\/uploads\/2019\/12\/gal2.jpeg 960w\" sizes=\"(max-width: 231px) 100vw, 231px\" \/><\/a>\n\t\t\t<\/dt><\/dl>\n\t\t\t<br style='clear: both' \/>\n\t\t<\/div>\n\n","protected":false},"excerpt":{"rendered":"<p>Informes de la Direcci\u00f3n Meteorol\u00f3gica de Chile se\u00f1alan que este verano ser\u00e1 de altas temperaturas y muy baja humedad en la zona central del pa\u00eds, lo que puede propiciar incendios autogenerados en recintos que reciben residuos domiciliarios. Por ello, la Superintendencia solicit\u00f3 planes de prevenci\u00f3n de contingencias y de emergencia que deber\u00e1n presentar ante la entidad <a href=\"https:\/\/portal.sma.gob.cl\/index.php\/ante-altas-temperaturas-sma-requiere-planes-de-contingencia-a-rellenos-sanitarios-y-estaciones-de-transferencia-del-pais\/\">Leer m\u00e1s<\/a><\/p>\n","protected":false},"author":3,"featured_media":19543,"comment_status":"open","ping_status":"open","sticky":false,"template":"","format":"standard","meta":{"footnotes":""},"categories":[107,94],"tags":[],"class_list":["post-19542","post","type-post","status-publish","format-standard","has-post-thumbnail","hentry","category-destacado","category-notas-noticias"],"_links":{"self":[{"href":"https:\/\/portal.sma.gob.cl\/index.php\/wp-json\/wp\/v2\/posts\/19542","targetHints":{"allow":["GET"]}}],"collection":[{"href":"https:\/\/portal.sma.gob.cl\/index.php\/wp-json\/wp\/v2\/posts"}],"about":[{"href":"https:\/\/portal.sma.gob.cl\/index.php\/wp-json\/wp\/v2\/types\/post"}],"author":[{"embeddable":true,"href":"https:\/\/portal.sma.gob.cl\/index.php\/wp-json\/wp\/v2\/users\/3"}],"replies":[{"embeddable":true,"href":"https:\/\/portal.sma.gob.cl\/index.php\/wp-json\/wp\/v2\/comments?post=19542"}],"version-history":[{"count":5,"href":"https:\/\/portal.sma.gob.cl\/index.php\/wp-json\/wp\/v2\/posts\/19542\/revisions"}],"predecessor-version":[{"id":19553,"href":"https:\/\/portal.sma.gob.cl\/index.php\/wp-json\/wp\/v2\/posts\/19542\/revisions\/19553"}],"wp:featuredmedia":[{"embeddable":true,"href":"https:\/\/portal.sma.gob.cl\/index.php\/wp-json\/wp\/v2\/media\/19543"}],"wp:attachment":[{"href":"https:\/\/portal.sma.gob.cl\/index.php\/wp-json\/wp\/v2\/media?parent=19542"}],"wp:term":[{"taxonomy":"category","embeddable":true,"href":"https:\/\/portal.sma.gob.cl\/index.php\/wp-json\/wp\/v2\/categories?post=19542"},{"taxonomy":"post_tag","embeddable":true,"href":"https:\/\/portal.sma.gob.cl\/index.php\/wp-json\/wp\/v2\/tags?post=19542"}],"curies":[{"name":"wp","href":"https:\/\/api.w.org\/{rel}","templated":true}]}}