{"id":19621,"date":"2020-01-10T16:40:51","date_gmt":"2020-01-10T19:40:51","guid":{"rendered":"https:\/\/portal.sma.gob.cl\/?p=19621"},"modified":"2020-01-10T17:05:29","modified_gmt":"2020-01-10T20:05:29","slug":"valparaiso-superintendente-de-la-maza-anuncia-medidas-de-fiscalizacion-para-zonas-ambientalmente-vulnerables-de-la-region","status":"publish","type":"post","link":"https:\/\/portal.sma.gob.cl\/index.php\/valparaiso-superintendente-de-la-maza-anuncia-medidas-de-fiscalizacion-para-zonas-ambientalmente-vulnerables-de-la-region\/","title":{"rendered":"Valpara\u00edso: Superintendente De La Maza anuncia medidas de fiscalizaci\u00f3n para zonas ambientalmente vulnerables de la regi\u00f3n"},"content":{"rendered":"<p><strong>El jefe de la Superintendencia de Medio Ambiente (SMA) se reuni\u00f3 con autoridades regionales y destac\u00f3 una bater\u00eda de acciones que apuntan a resguardar mejor y de manera preventiva el cuidado del medio ambiente. Entre otras medidas destacan seguimientos mediante im\u00e1genes satelitales; laboratorio de alta complejidad; centro de toma de muestras, inspecciones intensivas en terreno, informaci\u00f3n ambiental p\u00fablica y georreferenciada y redes de monitoreo<\/strong><strong>.<\/strong><\/p>\n<p><strong>Valpara\u00edso, 10 de enero de 2020.-<\/strong> Una intensa agenda de actividades con foco especialmente en las zonas ambientalmente vulnerables tuvo en la Regi\u00f3n de Valpara\u00edso el Superintendente del Medio Ambiente (SMA), <strong>Crist\u00f3bal De La Maza<\/strong>, visita en la que anunci\u00f3 un paquete de medidas de fiscalizaci\u00f3n.<\/p>\n<p>La autoridad, quien estuvo acompa\u00f1ado por la reci\u00e9n designada jefa regional SMA, Ana Mar\u00eda Guti\u00e9rrez, se reuni\u00f3 con el intendente de Valpara\u00edso, Jorge Mart\u00ednez; el gobernador de la Provincia de Valpara\u00edso, Gonzalo Le Dantec; la alcaldesa de Puchuncav\u00ed, Eliana Olmos; y representantes de los departamentos ambientales de las municipalidades de Conc\u00f3n y Quintero, Daniela Chac\u00f3n y Liset Lobos, respectivamente.<\/p>\n<p>Adem\u00e1s, De La Maza sostuvo encuentros de coordinaci\u00f3n con la seremi de Medio Ambiente, Victoria Gazmuri; de Directemar, el capit\u00e1n del puerto de Quintero, Mario Besoain, y la directora regional de Sernapesca, Mar\u00eda Soledad Tapia.<\/p>\n<p>En las actividades, el superintendente dio a conocer los principales lineamientos y la hoja de ruta que tendr\u00e1 la SMA durante su gesti\u00f3n y abord\u00f3, especialmente, las nuevas acciones de fiscalizaci\u00f3n que se har\u00e1n en las zonas ambientalmente vulnerables de Valpara\u00edso: Quintero, Puchuncav\u00ed y Conc\u00f3n.<\/p>\n<p>Entre otras medidas destacan inspecciones intensivas en terreno, el uso de informaci\u00f3n ambiental p\u00fablica y georreferenciada, redes de monitoreo continuo en l\u00ednea de las principales fuentes emisoras de aire y agua, y de contaminantes relevantes; modelaciones de calidad ambiental; campa\u00f1as de medici\u00f3n; seguimientos mediante im\u00e1genes satelitales; laboratorio de alta complejidad; centro de toma de muestras y revisiones y procesos de di\u00e1logo y participaci\u00f3n con la comunidad.<\/p>\n<p>\u201cEstamos implementando una fiscalizaci\u00f3n integral que abarca todas las dimensiones posibles, utilizando la mayor cantidad de herramientas tecnol\u00f3gicas disponibles, y que ponga a las personas y al cuidado del medio ambiente en el centro de atenci\u00f3n de nuestra gesti\u00f3n. Como pa\u00eds tenemos que dar un salto importante en el cuidado ambiental, y estoy seguro de que tenemos las capacidades profesionales y t\u00e9cnicas en la SMA para hacerlo\u201d, dijo el superintendente De La Maza.<\/p>\n<p><strong>Detalle de la visita a Valpara\u00edso<\/strong><\/p>\n<p>En el recorrido a la regi\u00f3n, la autoridad revis\u00f3 junto al equipo regional de la SMA\u00a0 los avances y compromisos sujetos al Plan de Descontaminaci\u00f3n Atmosf\u00e9rica (PDA) que rige para las comunas de Conc\u00f3n, Quintero y Puchuncav\u00ed.<\/p>\n<p>Durante los \u00faltimos d\u00edas esta Superintendencia ha realizado 10 inspecciones a las empresas Codelco, Oxiquin, Enap Quintero, Gasmar, AES Gener, GNL Quintero, Copec TPI y Copec Lubricantes, sujetas al PDA antes se\u00f1alado.<\/p>\n<p>\u201cMe gustar\u00eda transmitir el mensaje de que la SMA no busca s\u00f3lo sancionar, sino que espera que las empresas puedan llevar a cabo sus procesos cumpliendo con la normativa ambiental, teniendo as\u00ed una vinculaci\u00f3n con su entorno y el territorio desde la perspectiva de la sostenibilidad. A su vez, tenemos el desaf\u00edo de informar a la comunidad sobre nuestro accionar, con el objetivo de generar confianzas necesarias, y sobre todo, explicar la normativa y c\u00f3mo vigilamos que se cumpla\u201d, enfatiz\u00f3 De La Maza.<\/p>\n<p>En tanto, la seremi de Medio Ambiente,\u00a0 coincidi\u00f3 con el Superintendente en que \u201clas empresas respeten los territorios y a sus habitantes donde se encuentren emplazadas dando cumplimiento a la normativa ambiental vigente, no s\u00f3lo en zonas ambientalmente m\u00e1s complejas si no que en toda la regi\u00f3n. Por otra parte, hoy tenemos un Plan de Prevenci\u00f3n y Descontaminaci\u00f3n Atmosf\u00e9rica para las comunas de Conc\u00f3n, Quintero y Puchuncav\u00ed que requiere de toda nuestra atenci\u00f3n, donde la SMA juega un rol en su cumplimiento. Por ello le damos la bienvenida a Ana Mar\u00eda Guti\u00e9rrez, la nueva jefa regional SMA, con quien seguiremos trabajando en conjunto frente a la protecci\u00f3n de nuestro medio ambiente\u201d.<\/p>\n<p><img decoding=\"async\" class=\"alignnone size-large wp-image-19629\" src=\"https:\/\/portal.sma.gob.cl\/wp-content\/uploads\/2020\/01\/Superintendente-se-re\u00fane-con-alcaldes-1024x596.jpg\" alt=\"\" width=\"1024\" height=\"596\" srcset=\"https:\/\/portal.sma.gob.cl\/wp-content\/uploads\/2020\/01\/Superintendente-se-re\u00fane-con-alcaldes-200x116.jpg 200w, https:\/\/portal.sma.gob.cl\/wp-content\/uploads\/2020\/01\/Superintendente-se-re\u00fane-con-alcaldes-300x175.jpg 300w, https:\/\/portal.sma.gob.cl\/wp-content\/uploads\/2020\/01\/Superintendente-se-re\u00fane-con-alcaldes-400x233.jpg 400w, https:\/\/portal.sma.gob.cl\/wp-content\/uploads\/2020\/01\/Superintendente-se-re\u00fane-con-alcaldes-600x349.jpg 600w, https:\/\/portal.sma.gob.cl\/wp-content\/uploads\/2020\/01\/Superintendente-se-re\u00fane-con-alcaldes-768x447.jpg 768w, https:\/\/portal.sma.gob.cl\/wp-content\/uploads\/2020\/01\/Superintendente-se-re\u00fane-con-alcaldes-800x465.jpg 800w, https:\/\/portal.sma.gob.cl\/wp-content\/uploads\/2020\/01\/Superintendente-se-re\u00fane-con-alcaldes-1024x596.jpg 1024w, https:\/\/portal.sma.gob.cl\/wp-content\/uploads\/2020\/01\/Superintendente-se-re\u00fane-con-alcaldes.jpg 1100w\" sizes=\"(max-width: 1024px) 100vw, 1024px\" \/><\/p>\n<p>Imagen: Superintendente De La Maza en reuni\u00f3n con Alcaldesa de la comuna de Puchuncav\u00ed, Eliana Olmos; representantes de los departamentos de medio ambiente de las comunas de Quintero y Conc\u00f3n; y la nueva Jefa Regional SMA Valpara\u00edso, Ana Mar\u00eda Guti\u00e9rrez.<\/p>\n<p><img decoding=\"async\" class=\"alignnone size-large wp-image-19630\" src=\"https:\/\/portal.sma.gob.cl\/wp-content\/uploads\/2020\/01\/Superintendente-se-re\u00fane-con-organismos-sectorales-Valpara\u00edso-1024x596.jpg\" alt=\"\" width=\"1024\" height=\"596\" srcset=\"https:\/\/portal.sma.gob.cl\/wp-content\/uploads\/2020\/01\/Superintendente-se-re\u00fane-con-organismos-sectorales-Valpara\u00edso-200x116.jpg 200w, https:\/\/portal.sma.gob.cl\/wp-content\/uploads\/2020\/01\/Superintendente-se-re\u00fane-con-organismos-sectorales-Valpara\u00edso-300x175.jpg 300w, https:\/\/portal.sma.gob.cl\/wp-content\/uploads\/2020\/01\/Superintendente-se-re\u00fane-con-organismos-sectorales-Valpara\u00edso-400x233.jpg 400w, https:\/\/portal.sma.gob.cl\/wp-content\/uploads\/2020\/01\/Superintendente-se-re\u00fane-con-organismos-sectorales-Valpara\u00edso-600x349.jpg 600w, https:\/\/portal.sma.gob.cl\/wp-content\/uploads\/2020\/01\/Superintendente-se-re\u00fane-con-organismos-sectorales-Valpara\u00edso-768x447.jpg 768w, https:\/\/portal.sma.gob.cl\/wp-content\/uploads\/2020\/01\/Superintendente-se-re\u00fane-con-organismos-sectorales-Valpara\u00edso-800x465.jpg 800w, https:\/\/portal.sma.gob.cl\/wp-content\/uploads\/2020\/01\/Superintendente-se-re\u00fane-con-organismos-sectorales-Valpara\u00edso-1024x596.jpg 1024w, https:\/\/portal.sma.gob.cl\/wp-content\/uploads\/2020\/01\/Superintendente-se-re\u00fane-con-organismos-sectorales-Valpara\u00edso.jpg 1100w\" sizes=\"(max-width: 1024px) 100vw, 1024px\" \/><\/p>\n<p>Imagen: Superintendente De La Maza en reuni\u00f3n con la Seremi del Medio Ambiente de la regi\u00f3n de Valpara\u00edso, Victoria Gazmuri; la Directora Regional de Sernapesca, Mar\u00eda Soledad Tapia; de Directemar, el Capit\u00e1n del puerto de Quintero, Mario Besoain; y la Jefa Regional SMA Valpara\u00edso, Ana Mar\u00eda Guti\u00e9rrez.<\/p>\n","protected":false},"excerpt":{"rendered":"<p>El jefe de la Superintendencia de Medio Ambiente (SMA) se reuni\u00f3 con autoridades regionales y destac\u00f3 una bater\u00eda de acciones que apuntan a resguardar mejor y de manera preventiva el cuidado del medio ambiente. Entre otras medidas destacan seguimientos mediante im\u00e1genes satelitales; laboratorio de alta complejidad; centro de toma de muestras, inspecciones intensivas en terreno, informaci\u00f3n <a href=\"https:\/\/portal.sma.gob.cl\/index.php\/valparaiso-superintendente-de-la-maza-anuncia-medidas-de-fiscalizacion-para-zonas-ambientalmente-vulnerables-de-la-region\/\">Leer m\u00e1s<\/a><\/p>\n","protected":false},"author":2,"featured_media":19624,"comment_status":"open","ping_status":"open","sticky":false,"template":"","format":"standard","meta":{"footnotes":""},"categories":[90,107],"tags":[],"class_list":["post-19621","post","type-post","status-publish","format-standard","has-post-thumbnail","hentry","category-comunicados-noticias","category-destacado"],"_links":{"self":[{"href":"https:\/\/portal.sma.gob.cl\/index.php\/wp-json\/wp\/v2\/posts\/19621","targetHints":{"allow":["GET"]}}],"collection":[{"href":"https:\/\/portal.sma.gob.cl\/index.php\/wp-json\/wp\/v2\/posts"}],"about":[{"href":"https:\/\/portal.sma.gob.cl\/index.php\/wp-json\/wp\/v2\/types\/post"}],"author":[{"embeddable":true,"href":"https:\/\/portal.sma.gob.cl\/index.php\/wp-json\/wp\/v2\/users\/2"}],"replies":[{"embeddable":true,"href":"https:\/\/portal.sma.gob.cl\/index.php\/wp-json\/wp\/v2\/comments?post=19621"}],"version-history":[{"count":10,"href":"https:\/\/portal.sma.gob.cl\/index.php\/wp-json\/wp\/v2\/posts\/19621\/revisions"}],"predecessor-version":[{"id":19636,"href":"https:\/\/portal.sma.gob.cl\/index.php\/wp-json\/wp\/v2\/posts\/19621\/revisions\/19636"}],"wp:featuredmedia":[{"embeddable":true,"href":"https:\/\/portal.sma.gob.cl\/index.php\/wp-json\/wp\/v2\/media\/19624"}],"wp:attachment":[{"href":"https:\/\/portal.sma.gob.cl\/index.php\/wp-json\/wp\/v2\/media?parent=19621"}],"wp:term":[{"taxonomy":"category","embeddable":true,"href":"https:\/\/portal.sma.gob.cl\/index.php\/wp-json\/wp\/v2\/categories?post=19621"},{"taxonomy":"post_tag","embeddable":true,"href":"https:\/\/portal.sma.gob.cl\/index.php\/wp-json\/wp\/v2\/tags?post=19621"}],"curies":[{"name":"wp","href":"https:\/\/api.w.org\/{rel}","templated":true}]}}