{"id":19668,"date":"2020-01-17T17:50:20","date_gmt":"2020-01-17T20:50:20","guid":{"rendered":"https:\/\/portal.sma.gob.cl\/?p=19668"},"modified":"2020-01-17T17:50:20","modified_gmt":"2020-01-17T20:50:20","slug":"iquique-sma-fiscalizo-relleno-sanitario","status":"publish","type":"post","link":"https:\/\/portal.sma.gob.cl\/index.php\/iquique-sma-fiscalizo-relleno-sanitario\/","title":{"rendered":"Iquique: SMA fiscaliz\u00f3 Relleno Sanitario"},"content":{"rendered":"<p><strong>En el contexto del incendio ocurrido hace una semana en el establecimiento destinado a la disposici\u00f3n de residuos finales.<\/strong><\/p>\n<p><strong>Iquique, 17 de enero de 2019.-<\/strong> Profesionales de la Divisi\u00f3n de Fiscalizaci\u00f3n y la Oficina Regional de Tarapac\u00e1 de la Superintendencia de Medio Ambiente (SMA) realizaron actividades de fiscalizaci\u00f3n el d\u00eda 14 de enero, a la Unidad Fiscalizable \u201cRelleno Sanitario Iquique\u201d localizado en la comuna de Alto Hospicio. La actividad se desarroll\u00f3 en el marco de la contingencia ocurrida el d\u00eda 8 de enero en el relleno sanitario, producto del incendio que afect\u00f3 un frente activo de disposici\u00f3n de residuos finales.<\/p>\n<p>\u201cLas materias m\u00e1s relevantes de las inspecciones estuvieron orientadas en verificar la ejecuci\u00f3n del Plan de Contingencia del Relleno Sanitario por parte del titular, y las acciones realizadas para el control y extinci\u00f3n del incendio, con el objetivo de evitar su propagaci\u00f3n a otras \u00e1reas del recinto. Tambi\u00e9n se realiz\u00f3 la inspecci\u00f3n del \u00e1rea afectada verificando su estado y el manejo de residuos en dicha zona, as\u00ed como el manejo de residuos en zonas no afectadas pr\u00f3ximas al incendio\u201d, afirm\u00f3 Rub\u00e9n Verdugo, Jefe (S) Oficina Regional SMA de Tarapac\u00e1.<\/p>\n<p>Adem\u00e1s, durante la fiscalizaci\u00f3n se ejecut\u00f3 el registro de la superficie del \u00e1rea afectada por el incendio a trav\u00e9s de una c\u00e1mara termogr\u00e1fica infrarroja, la cual permite detectar zonas de mayor y menor calor, y as\u00ed revelar posibles \u00e1reas comprometidas con altas temperaturas.<\/p>\n<p>Cabe agregar, que este relleno sanitario fue notificado durante la primera quincena de enero de la Resoluci\u00f3n Exenta N\u00b01877\/19.12.2019 emitida por esta Superintendencia, que reitera la instrucci\u00f3n de car\u00e1cter general sobre deberes de actualizaci\u00f3n de planes de prevenci\u00f3n de contingencias y planes de emergencias para rellenos sanitarios y estaciones de transferencia.<\/p>\n","protected":false},"excerpt":{"rendered":"<p>En el contexto del incendio ocurrido hace una semana en el establecimiento destinado a la disposici\u00f3n de residuos finales. Iquique, 17 de enero de 2019.- Profesionales de la Divisi\u00f3n de Fiscalizaci\u00f3n y la Oficina Regional de Tarapac\u00e1 de la Superintendencia de Medio Ambiente (SMA) realizaron actividades de fiscalizaci\u00f3n el d\u00eda 14 de enero, a la Unidad <a href=\"https:\/\/portal.sma.gob.cl\/index.php\/iquique-sma-fiscalizo-relleno-sanitario\/\">Leer m\u00e1s<\/a><\/p>\n","protected":false},"author":8,"featured_media":19670,"comment_status":"open","ping_status":"open","sticky":false,"template":"","format":"standard","meta":{"footnotes":""},"categories":[107,94],"tags":[],"class_list":["post-19668","post","type-post","status-publish","format-standard","has-post-thumbnail","hentry","category-destacado","category-notas-noticias"],"_links":{"self":[{"href":"https:\/\/portal.sma.gob.cl\/index.php\/wp-json\/wp\/v2\/posts\/19668","targetHints":{"allow":["GET"]}}],"collection":[{"href":"https:\/\/portal.sma.gob.cl\/index.php\/wp-json\/wp\/v2\/posts"}],"about":[{"href":"https:\/\/portal.sma.gob.cl\/index.php\/wp-json\/wp\/v2\/types\/post"}],"author":[{"embeddable":true,"href":"https:\/\/portal.sma.gob.cl\/index.php\/wp-json\/wp\/v2\/users\/8"}],"replies":[{"embeddable":true,"href":"https:\/\/portal.sma.gob.cl\/index.php\/wp-json\/wp\/v2\/comments?post=19668"}],"version-history":[{"count":1,"href":"https:\/\/portal.sma.gob.cl\/index.php\/wp-json\/wp\/v2\/posts\/19668\/revisions"}],"predecessor-version":[{"id":19669,"href":"https:\/\/portal.sma.gob.cl\/index.php\/wp-json\/wp\/v2\/posts\/19668\/revisions\/19669"}],"wp:featuredmedia":[{"embeddable":true,"href":"https:\/\/portal.sma.gob.cl\/index.php\/wp-json\/wp\/v2\/media\/19670"}],"wp:attachment":[{"href":"https:\/\/portal.sma.gob.cl\/index.php\/wp-json\/wp\/v2\/media?parent=19668"}],"wp:term":[{"taxonomy":"category","embeddable":true,"href":"https:\/\/portal.sma.gob.cl\/index.php\/wp-json\/wp\/v2\/categories?post=19668"},{"taxonomy":"post_tag","embeddable":true,"href":"https:\/\/portal.sma.gob.cl\/index.php\/wp-json\/wp\/v2\/tags?post=19668"}],"curies":[{"name":"wp","href":"https:\/\/api.w.org\/{rel}","templated":true}]}}