{"id":19694,"date":"2020-01-24T13:32:19","date_gmt":"2020-01-24T16:32:19","guid":{"rendered":"https:\/\/portal.sma.gob.cl\/?p=19694"},"modified":"2020-01-27T16:52:23","modified_gmt":"2020-01-27T19:52:23","slug":"valdivia-superintendente-de-la-maza-revisa-en-terreno-medidas-de-mitigacion-de-ruidos-a-inmobiliaria","status":"publish","type":"post","link":"https:\/\/portal.sma.gob.cl\/index.php\/valdivia-superintendente-de-la-maza-revisa-en-terreno-medidas-de-mitigacion-de-ruidos-a-inmobiliaria\/","title":{"rendered":"VALDIVIA: Superintendente De La Maza revisa en terreno medidas de mitigaci\u00f3n de ruidos a inmobiliaria"},"content":{"rendered":"<p><strong>La autoridad dijo que es importante que las empresas constructoras concilien la ejecuci\u00f3n de sus obras con el derecho de todos a vivir en un ambiente libre de contaminaci\u00f3n ac\u00fastica.<\/strong><\/p>\n<p><strong>Valdivia, 24 de enero de 2020.- <\/strong>El superintendente del Medio Ambiente (SMA), Crist\u00f3bal De La Maza, realiz\u00f3 esta ma\u00f1ana una revisi\u00f3n de las medidas provisionales impuestas mediante la Resoluci\u00f3n SMA 1930\/2019 a la empresa inmobiliaria Providencia, que se encuentra ejecutando el proyecto denominado Parque Kramher en la ciudad de Valdivia. La acci\u00f3n se enmarca tambi\u00e9n en el viaje a la regi\u00f3n de Los R\u00edos que sostuvo durante esta jornada la autoridad.<\/p>\n<p>De La Maza destac\u00f3 la agilidad del proceso de fiscalizaci\u00f3n en este caso, ya que el 28 de octubre se hicieron formulaciones de cargo luego de constatar en terreno una excedencia de 18 decibeles producto de las obras en ejecuci\u00f3n. El 9 de diciembre la SMA rechaz\u00f3 el programa de cumplimiento de la inmobiliaria (PDC), por no cumplir con los criterios de aprobaci\u00f3n del plan, espec\u00edficamente de eficacia y verificabilidad, por ende, no mitigaba el problema de fondo que afectaba a la comunidad.<\/p>\n<p>Ante esta situaci\u00f3n, el superintendente instruy\u00f3 medidas provisionales el 24 de diciembre a la Inmobiliaria que hoy supervis\u00f3 junto al jefe regional de SMA en Los R\u00edos, Eduardo Rodr\u00edguez, y profesionales de la instituci\u00f3n.<\/p>\n<p>\u201cVisitamos las obras y constatamos que la inmobiliaria implement\u00f3 una serie de medidas, instruidas por la SMA, para controlar los problemas de ruido. Estaremos vigilantes para que las medidas que pedimos controlen la contaminaci\u00f3n ac\u00fastica y le den tranquilidad a los vecinos y el entorno. Es importante que las empresas concilien la construcci\u00f3n con el derecho de todos a vivir en un ambiente libre de contaminaci\u00f3n ac\u00fastica\u201d, se\u00f1al\u00f3 Crist\u00f3bal De La Maza.<\/p>\n<p>Cabe se\u00f1alar que las medidas provisionales dicen relaci\u00f3n con instalar en todo el entorno de la obra pantallas ac\u00fasticas perimetrales, un t\u00fanel ac\u00fastico para operaciones con material de hormig\u00f3n e identificar los equipos que se encuentren est\u00e1ticos y semim\u00f3viles en la faena, y que constituyan fuentes emisoras de ruido como excavadoras con martillo hidr\u00e1ulico, martillo manual, vibrador de hormig\u00f3n, entre otros).<\/p>\n<p>Tambi\u00e9n debieron sellar vanos de puertas, ventanas y agujeros con paneles ac\u00fasticos cuando se haga uso de herramientas y\/o dispositivos al interior de la estructura ya edificada, construir un encierro ac\u00fastico con puertas para los camiones hormigoneros o mixer que ingresen a la faena.<\/p>\n<p>El problema de ruido es bastante recurrente en las ciudades del pa\u00eds, ya que la SMA ha recibido 5.255 denuncias asociadas a la norma de ruidos, contemplada en el Decreto Supremo 38, de las cuales el 40% pertenece a la Regi\u00f3n Metropolitana.<\/p>\n<p>De los casi 1.500 expedientes de fiscalizaci\u00f3n asociados a contaminaci\u00f3n ac\u00fastica, la mayor parte (60,6%) se concentra en el sector equipamiento, que est\u00e1 conformado por discotecas, pubs, restoranes, servicios de comidas, centros de culto religioso y espiritual, centros deportivos y gimnasios, entre otros. Adem\u00e1s, m\u00e1s del 11% corresponden a ruidos provocado por la construcci\u00f3n inmobiliaria.<\/p>\n<p>Para conocer m\u00e1s detalles de las medidas provisionales de este caso, revisar el siguiente link: http:\/\/snifa.sma.gob.cl\/v2\/MedidaProvisional\/Ficha\/178<\/p>\n","protected":false},"excerpt":{"rendered":"<p>La autoridad dijo que es importante que las empresas constructoras concilien la ejecuci\u00f3n de sus obras con el derecho de todos a vivir en un ambiente libre de contaminaci\u00f3n ac\u00fastica. Valdivia, 24 de enero de 2020.- El superintendente del Medio Ambiente (SMA), Crist\u00f3bal De La Maza, realiz\u00f3 esta ma\u00f1ana una revisi\u00f3n de las medidas provisionales impuestas <a href=\"https:\/\/portal.sma.gob.cl\/index.php\/valdivia-superintendente-de-la-maza-revisa-en-terreno-medidas-de-mitigacion-de-ruidos-a-inmobiliaria\/\">Leer m\u00e1s<\/a><\/p>\n","protected":false},"author":2,"featured_media":19700,"comment_status":"open","ping_status":"open","sticky":false,"template":"","format":"standard","meta":{"footnotes":""},"categories":[90,107,1],"tags":[],"class_list":["post-19694","post","type-post","status-publish","format-standard","has-post-thumbnail","hentry","category-comunicados-noticias","category-destacado","category-sin-categoria"],"_links":{"self":[{"href":"https:\/\/portal.sma.gob.cl\/index.php\/wp-json\/wp\/v2\/posts\/19694","targetHints":{"allow":["GET"]}}],"collection":[{"href":"https:\/\/portal.sma.gob.cl\/index.php\/wp-json\/wp\/v2\/posts"}],"about":[{"href":"https:\/\/portal.sma.gob.cl\/index.php\/wp-json\/wp\/v2\/types\/post"}],"author":[{"embeddable":true,"href":"https:\/\/portal.sma.gob.cl\/index.php\/wp-json\/wp\/v2\/users\/2"}],"replies":[{"embeddable":true,"href":"https:\/\/portal.sma.gob.cl\/index.php\/wp-json\/wp\/v2\/comments?post=19694"}],"version-history":[{"count":7,"href":"https:\/\/portal.sma.gob.cl\/index.php\/wp-json\/wp\/v2\/posts\/19694\/revisions"}],"predecessor-version":[{"id":19710,"href":"https:\/\/portal.sma.gob.cl\/index.php\/wp-json\/wp\/v2\/posts\/19694\/revisions\/19710"}],"wp:featuredmedia":[{"embeddable":true,"href":"https:\/\/portal.sma.gob.cl\/index.php\/wp-json\/wp\/v2\/media\/19700"}],"wp:attachment":[{"href":"https:\/\/portal.sma.gob.cl\/index.php\/wp-json\/wp\/v2\/media?parent=19694"}],"wp:term":[{"taxonomy":"category","embeddable":true,"href":"https:\/\/portal.sma.gob.cl\/index.php\/wp-json\/wp\/v2\/categories?post=19694"},{"taxonomy":"post_tag","embeddable":true,"href":"https:\/\/portal.sma.gob.cl\/index.php\/wp-json\/wp\/v2\/tags?post=19694"}],"curies":[{"name":"wp","href":"https:\/\/api.w.org\/{rel}","templated":true}]}}