{"id":19704,"date":"2020-01-24T16:10:47","date_gmt":"2020-01-24T19:10:47","guid":{"rendered":"https:\/\/portal.sma.gob.cl\/?p=19704"},"modified":"2020-01-24T16:16:58","modified_gmt":"2020-01-24T19:16:58","slug":"superintendente-cristobal-de-la-maza-se-reune-con-ministros-del-tercer-tribunal-ambiental","status":"publish","type":"post","link":"https:\/\/portal.sma.gob.cl\/index.php\/superintendente-cristobal-de-la-maza-se-reune-con-ministros-del-tercer-tribunal-ambiental\/","title":{"rendered":"Superintendente Crist\u00f3bal De La Maza se re\u00fane con Ministros del Tercer Tribunal Ambiental"},"content":{"rendered":"<p><strong>En la reuni\u00f3n protocolar realizada en las oficinas de Valdivia de dicho organismo, se presentaron tambi\u00e9n los lineamientos estrat\u00e9gicos para el per\u00edodo 2020 de la SMA.<\/strong><\/p>\n<p><strong>Valdivia, 24 de enero de 2020. <\/strong>En el contexto de su primer viaje oficial a la Regi\u00f3n de Los R\u00edos, el superintendente del Medio Ambiente, Crist\u00f3bal De La Maza visit\u00f3 esta ma\u00f1ana las dependencias del Ilustre Tercer Tribunal Ambiental con sede en la ciudad de Valdivia, para dar un saludo protocolar a los ministros que integran el \u00f3rgano jurisdiccional.<\/p>\n<p>En la reuni\u00f3n estuvieron presentes el\u00a0ministro presidente del Tribunal Ambiental, Iv\u00e1n Hunter; la ministra Titular, Sibel Villalobos, \u00a0el ministro Suplente, Jorge Retamal, y con el secretario abogado del tribunal, Francisco Pinilla.\u00a0Durante el encuentro tambi\u00e9n se abordaron temas vinculados al quehacer y a los desaf\u00edos establecidos por parte de cada instituci\u00f3n ambiental.<\/p>\n<p>Al t\u00e9rmino de la actividad, el superintendente De La Maza sostuvo que\u00a0el tema de conversaci\u00f3n se centr\u00f3\u00a0en las tareas y desaf\u00edos\u00a0que\u00a0cada organismo\u00a0se propuso para el presente ejercicio.\u00a0\u201cAnalizamos uno de los compromisos fundamentales que tenemos hoy como institucionalidad ambiental, enfocados en dar respuesta oportuna a las denuncias y otros requerimientos de la ciudadan\u00eda\u201d se\u00f1al\u00f3 la autoridad.<\/p>\n<p>Agreg\u00f3 que adem\u00e1s tuvo la oportunidad\u00a0de comunicarles a los ministros los lineamientos estrat\u00e9gicos que\u00a0\u201cnos hemos fijado como Superintendencia para este a\u00f1o, y que estar\u00e1n centrados en implementar una fiscalizaci\u00f3n integral que abarca todas las dimensiones posibles, utilizando la mayor cantidad de herramientas tecnol\u00f3gicas disponibles, y que ponga a las personas y al cuidado del medio ambiente en el centro de atenci\u00f3n de nuestra gesti\u00f3n\u201d, enfatiz\u00f3.<\/p>\n<p>Por su parte, el ministro Presidente del Tribunal Ambiental, Iv\u00e1n Hunter se\u00f1al\u00f3 que el \u201cfuncionamiento eficaz y eficiente de la institucionalidad ambiental es fundamental para la confianza entre los distintos actores involucrados, tanto p\u00fablico como privados. En un per\u00edodo en que la protecci\u00f3n y el cuidado del medio ambiente son una de las principales preocupaciones cotidianas de las autoridades pol\u00edticas, de la Administraci\u00f3n y la ciudadan\u00eda, debemos redoblar los esfuerzos para ejercer nuestras funciones con mayor transparencia, especializaci\u00f3n e independencia&#8221;.<\/p>\n<p>Cabe recordar que los Tribunales Ambientales son un \u00f3rgano jurisdiccional especial, aut\u00f3nomo e independiente, cuya funci\u00f3n es resolver las controversias medioambientales de su competencia y ocuparse de los dem\u00e1s asuntos que la ley somete a su conocimiento.<\/p>\n","protected":false},"excerpt":{"rendered":"<p>En la reuni\u00f3n protocolar realizada en las oficinas de Valdivia de dicho organismo, se presentaron tambi\u00e9n los lineamientos estrat\u00e9gicos para el per\u00edodo 2020 de la SMA. Valdivia, 24 de enero de 2020. En el contexto de su primer viaje oficial a la Regi\u00f3n de Los R\u00edos, el superintendente del Medio Ambiente, Crist\u00f3bal De La Maza visit\u00f3 <a href=\"https:\/\/portal.sma.gob.cl\/index.php\/superintendente-cristobal-de-la-maza-se-reune-con-ministros-del-tercer-tribunal-ambiental\/\">Leer m\u00e1s<\/a><\/p>\n","protected":false},"author":2,"featured_media":19705,"comment_status":"open","ping_status":"open","sticky":false,"template":"","format":"standard","meta":{"footnotes":""},"categories":[90,107,94],"tags":[],"class_list":["post-19704","post","type-post","status-publish","format-standard","has-post-thumbnail","hentry","category-comunicados-noticias","category-destacado","category-notas-noticias"],"_links":{"self":[{"href":"https:\/\/portal.sma.gob.cl\/index.php\/wp-json\/wp\/v2\/posts\/19704","targetHints":{"allow":["GET"]}}],"collection":[{"href":"https:\/\/portal.sma.gob.cl\/index.php\/wp-json\/wp\/v2\/posts"}],"about":[{"href":"https:\/\/portal.sma.gob.cl\/index.php\/wp-json\/wp\/v2\/types\/post"}],"author":[{"embeddable":true,"href":"https:\/\/portal.sma.gob.cl\/index.php\/wp-json\/wp\/v2\/users\/2"}],"replies":[{"embeddable":true,"href":"https:\/\/portal.sma.gob.cl\/index.php\/wp-json\/wp\/v2\/comments?post=19704"}],"version-history":[{"count":1,"href":"https:\/\/portal.sma.gob.cl\/index.php\/wp-json\/wp\/v2\/posts\/19704\/revisions"}],"predecessor-version":[{"id":19706,"href":"https:\/\/portal.sma.gob.cl\/index.php\/wp-json\/wp\/v2\/posts\/19704\/revisions\/19706"}],"wp:featuredmedia":[{"embeddable":true,"href":"https:\/\/portal.sma.gob.cl\/index.php\/wp-json\/wp\/v2\/media\/19705"}],"wp:attachment":[{"href":"https:\/\/portal.sma.gob.cl\/index.php\/wp-json\/wp\/v2\/media?parent=19704"}],"wp:term":[{"taxonomy":"category","embeddable":true,"href":"https:\/\/portal.sma.gob.cl\/index.php\/wp-json\/wp\/v2\/categories?post=19704"},{"taxonomy":"post_tag","embeddable":true,"href":"https:\/\/portal.sma.gob.cl\/index.php\/wp-json\/wp\/v2\/tags?post=19704"}],"curies":[{"name":"wp","href":"https:\/\/api.w.org\/{rel}","templated":true}]}}