{"id":19719,"date":"2020-01-29T12:59:15","date_gmt":"2020-01-29T15:59:15","guid":{"rendered":"https:\/\/portal.sma.gob.cl\/?p=19719"},"modified":"2020-01-29T12:59:15","modified_gmt":"2020-01-29T15:59:15","slug":"sma-requiere-a-la-empresa-curtiembre-rufino-melero-s-a-ingresar-al-sistema-de-evaluacion-de-impacto-ambiental","status":"publish","type":"post","link":"https:\/\/portal.sma.gob.cl\/index.php\/sma-requiere-a-la-empresa-curtiembre-rufino-melero-s-a-ingresar-al-sistema-de-evaluacion-de-impacto-ambiental\/","title":{"rendered":"SMA requiere a la empresa Curtiembre Rufino Melero S.A. ingresar al Sistema de Evaluaci\u00f3n de Impacto Ambiental"},"content":{"rendered":"<p><strong>Debido a que no cuenta con el permiso ambiental respectivo como instalaci\u00f3n fabril, para la operaci\u00f3n de una caldera instalada en el a\u00f1o 2012. En paralelo, la comunidad ha presentado denuncias por malos olores en la zona.<\/strong><\/p>\n<p><strong>Curic\u00f3, 29 de enero de 2020.-<\/strong> La Superintendencia del Medio Ambiente (SMA) ha requerido, bajo apercibimiento de sanci\u00f3n, a la empresa Curtiembre Rufino Melero S.A. el ingreso al Sistema de Evaluaci\u00f3n de Impacto Ambiental (SEIA) de las obras tendientes a intervenir o complementar el proyecto \u201cCurtiembre Melero\u201d, correspondientes al aumento de potencia instalada en la planta de procesos, por operaci\u00f3n de una caldera a partir del a\u00f1o 2012. Actualmente, la empresa no cuenta con una Resoluci\u00f3n de Calificaci\u00f3n Ambiental (RCA) general como instalaci\u00f3n fabril, debido a que la Curtiembre como tal est\u00e1 en funcionamiento desde el a\u00f1o 1985, es decir, previo a la vigencia del SEIA. Sin embargo, las modificaciones introducidas luego de la entrada en vigencia del SEIA, en este caso, el aumento de potencia por operaci\u00f3n de una caldera, requiere que sean evaluadas ambientalmente.<\/p>\n<p>Como contexto, es importante destacar que la Superintendencia recibi\u00f3 denuncias en contra de la Curtiembre Rufino Melero, ubicada en el sector Maquehua, comuna de Curic\u00f3, Regi\u00f3n del Maule, principalmente por malos olores en la zona.<\/p>\n<p>A ra\u00edz de estos antecedentes, la Oficina Regional del Maule de la SMA realiz\u00f3 una actividad de fiscalizaci\u00f3n al proyecto en marzo de 2019 donde solicit\u00f3 a la empresa remitir antecedentes respecto de la potencia total instalada en la planta, incluyendo todas las energ\u00edas, y que informara sobre las modificaciones al proyecto durante los \u00faltimos 10 a\u00f1os. Luego, se le requiri\u00f3 a la compa\u00f1\u00eda informaci\u00f3n respecto a la potencia de la caldera y de la potencia total el\u00e9ctrica instalada en la planta.<\/p>\n<p>Recepcionados los antecedentes solicitados, esta Superintendencia pudo constatar que la potencia de la caldera operativa desde el a\u00f1o 2012 en la Curtiembre Rufino Melero, alcanzaba, por s\u00ed sola, <strong>9.515 KVA de potencia nominal y 3.427 KVV como potencia real<\/strong>, sobrepasando considerablemente el umbral de 2.000 KVA que establece el art\u00edculo 3\u00b0 literal k.1) del Reglamento del SEIA.<\/p>\n<p>En consecuencia, la SMA ha requerido a la Curtiembre el ingreso de esta obra al SEIA. Al respecto, la SMA le ha solicitado a la empresa un informe que d\u00e9 cuenta del ingreso a m\u00e1s tardar el \u00faltimo d\u00eda h\u00e1bil del mes de abril del a\u00f1o 2020. Para mayor informaci\u00f3n de este caso, ingresar al siguiente link: <a href=\"http:\/\/snifa.sma.gob.cl\/v2\/RequerimientoIngreso\/Ficha\/41\">http:\/\/snifa.sma.gob.cl\/v2\/RequerimientoIngreso\/Ficha\/41<\/a><\/p>\n<p>(*) El proyecto Curtiembre Melero cuenta a la fecha con dos RCA: 49\/2006 \u201cSistema de Neutralizaci\u00f3n y Depuraci\u00f3n de Residuos Industriales l\u00edquidos de curtiembre Francisco Corta y Compa\u00f1\u00eda Ltda.\u201d, y 327\/2006 \u201cModificaci\u00f3n del Sistema de Neutralizaci\u00f3n y Depuraci\u00f3n de Residuos Industriales L\u00edquidos de Curtiembre Francisco Corta y Compa\u00f1\u00eda Ltda.\u201d<\/p>\n","protected":false},"excerpt":{"rendered":"<p>Debido a que no cuenta con el permiso ambiental respectivo como instalaci\u00f3n fabril, para la operaci\u00f3n de una caldera instalada en el a\u00f1o 2012. En paralelo, la comunidad ha presentado denuncias por malos olores en la zona. Curic\u00f3, 29 de enero de 2020.- La Superintendencia del Medio Ambiente (SMA) ha requerido, bajo apercibimiento de sanci\u00f3n, a <a href=\"https:\/\/portal.sma.gob.cl\/index.php\/sma-requiere-a-la-empresa-curtiembre-rufino-melero-s-a-ingresar-al-sistema-de-evaluacion-de-impacto-ambiental\/\">Leer m\u00e1s<\/a><\/p>\n","protected":false},"author":8,"featured_media":19721,"comment_status":"open","ping_status":"open","sticky":false,"template":"","format":"standard","meta":{"footnotes":""},"categories":[90,107],"tags":[],"class_list":["post-19719","post","type-post","status-publish","format-standard","has-post-thumbnail","hentry","category-comunicados-noticias","category-destacado"],"_links":{"self":[{"href":"https:\/\/portal.sma.gob.cl\/index.php\/wp-json\/wp\/v2\/posts\/19719","targetHints":{"allow":["GET"]}}],"collection":[{"href":"https:\/\/portal.sma.gob.cl\/index.php\/wp-json\/wp\/v2\/posts"}],"about":[{"href":"https:\/\/portal.sma.gob.cl\/index.php\/wp-json\/wp\/v2\/types\/post"}],"author":[{"embeddable":true,"href":"https:\/\/portal.sma.gob.cl\/index.php\/wp-json\/wp\/v2\/users\/8"}],"replies":[{"embeddable":true,"href":"https:\/\/portal.sma.gob.cl\/index.php\/wp-json\/wp\/v2\/comments?post=19719"}],"version-history":[{"count":1,"href":"https:\/\/portal.sma.gob.cl\/index.php\/wp-json\/wp\/v2\/posts\/19719\/revisions"}],"predecessor-version":[{"id":19720,"href":"https:\/\/portal.sma.gob.cl\/index.php\/wp-json\/wp\/v2\/posts\/19719\/revisions\/19720"}],"wp:featuredmedia":[{"embeddable":true,"href":"https:\/\/portal.sma.gob.cl\/index.php\/wp-json\/wp\/v2\/media\/19721"}],"wp:attachment":[{"href":"https:\/\/portal.sma.gob.cl\/index.php\/wp-json\/wp\/v2\/media?parent=19719"}],"wp:term":[{"taxonomy":"category","embeddable":true,"href":"https:\/\/portal.sma.gob.cl\/index.php\/wp-json\/wp\/v2\/categories?post=19719"},{"taxonomy":"post_tag","embeddable":true,"href":"https:\/\/portal.sma.gob.cl\/index.php\/wp-json\/wp\/v2\/tags?post=19719"}],"curies":[{"name":"wp","href":"https:\/\/api.w.org\/{rel}","templated":true}]}}