{"id":19736,"date":"2020-02-04T15:48:15","date_gmt":"2020-02-04T18:48:15","guid":{"rendered":"https:\/\/portal.sma.gob.cl\/?p=19736"},"modified":"2020-02-04T15:48:15","modified_gmt":"2020-02-04T18:48:15","slug":"los-rios-sma-da-plazo-de-72-horas-a-la-municipalidad-de-paillaco-para-informar-sobre-la-planta-de-reumen","status":"publish","type":"post","link":"https:\/\/portal.sma.gob.cl\/index.php\/los-rios-sma-da-plazo-de-72-horas-a-la-municipalidad-de-paillaco-para-informar-sobre-la-planta-de-reumen\/","title":{"rendered":"Los R\u00edos: SMA da plazo de 72 horas a la Municipalidad de Paillaco para informar sobre la planta de Reum\u00e9n"},"content":{"rendered":"<p><strong>A ra\u00edz de denuncias ciudadanas por descargas de aguas servidas al r\u00edo Collilelfu.<\/strong><\/p>\n<p><strong>Valdivia, 04 de febrero del 2020.-<\/strong> Profesionales de la Oficina Regional de Los R\u00edos de la Superintendencia del Medio Ambiente (SMA) realizaron una fiscalizaci\u00f3n a la planta de tratamiento de Reum\u00e9n a cargo de la Ilustre Municipalidad de Paillaco luego de recibir denuncias de la comunidad por descargas de aguas servidas al r\u00edo Collilelfu. En el lugar se revisaron diversos aspectos operacionales, tales como el sistema de lodos activados, la descarga principal, estado de las aguas de r\u00edo, sistema de aliviadero de tormentas, entre otras materias.<\/p>\n<p>Tras esta inspecci\u00f3n, la SMA decidi\u00f3 dar un plazo perentorio de 72 horas a la Municipalidad de Paillaco para que informe sobre las condiciones de operaci\u00f3n de la planta, como tambi\u00e9n sobre el estado del r\u00edo Collilelfu, en especial el monitoreo semestral a que est\u00e1 obligada dicho municipio a realizar seg\u00fan la autorizaci\u00f3n de funcionamiento contenida en la Resoluci\u00f3n N\u00b0 387\/2000.<\/p>\n<p>Sobre la actividad de fiscalizaci\u00f3n, el jefe (s) de la Oficina Regional de Los R\u00edos de la SMA, Mauricio Ben\u00edtez se\u00f1al\u00f3 que: <em>\u201cEstamos revisando exhaustivamente la planta de tratamiento de Reum\u00e9n, en especial el estado del r\u00edo Collileufu, para ello hemos solicitado a la municipalidad los controles que est\u00e1n obligados a realizar, sin perjuicio del estudio que nosotros realizaremos\u201d.<\/em><\/p>\n","protected":false},"excerpt":{"rendered":"<p>A ra\u00edz de denuncias ciudadanas por descargas de aguas servidas al r\u00edo Collilelfu. Valdivia, 04 de febrero del 2020.- Profesionales de la Oficina Regional de Los R\u00edos de la Superintendencia del Medio Ambiente (SMA) realizaron una fiscalizaci\u00f3n a la planta de tratamiento de Reum\u00e9n a cargo de la Ilustre Municipalidad de Paillaco luego de recibir denuncias <a href=\"https:\/\/portal.sma.gob.cl\/index.php\/los-rios-sma-da-plazo-de-72-horas-a-la-municipalidad-de-paillaco-para-informar-sobre-la-planta-de-reumen\/\">Leer m\u00e1s<\/a><\/p>\n","protected":false},"author":8,"featured_media":19738,"comment_status":"open","ping_status":"open","sticky":false,"template":"","format":"standard","meta":{"footnotes":""},"categories":[107,94],"tags":[],"class_list":["post-19736","post","type-post","status-publish","format-standard","has-post-thumbnail","hentry","category-destacado","category-notas-noticias"],"_links":{"self":[{"href":"https:\/\/portal.sma.gob.cl\/index.php\/wp-json\/wp\/v2\/posts\/19736","targetHints":{"allow":["GET"]}}],"collection":[{"href":"https:\/\/portal.sma.gob.cl\/index.php\/wp-json\/wp\/v2\/posts"}],"about":[{"href":"https:\/\/portal.sma.gob.cl\/index.php\/wp-json\/wp\/v2\/types\/post"}],"author":[{"embeddable":true,"href":"https:\/\/portal.sma.gob.cl\/index.php\/wp-json\/wp\/v2\/users\/8"}],"replies":[{"embeddable":true,"href":"https:\/\/portal.sma.gob.cl\/index.php\/wp-json\/wp\/v2\/comments?post=19736"}],"version-history":[{"count":1,"href":"https:\/\/portal.sma.gob.cl\/index.php\/wp-json\/wp\/v2\/posts\/19736\/revisions"}],"predecessor-version":[{"id":19737,"href":"https:\/\/portal.sma.gob.cl\/index.php\/wp-json\/wp\/v2\/posts\/19736\/revisions\/19737"}],"wp:featuredmedia":[{"embeddable":true,"href":"https:\/\/portal.sma.gob.cl\/index.php\/wp-json\/wp\/v2\/media\/19738"}],"wp:attachment":[{"href":"https:\/\/portal.sma.gob.cl\/index.php\/wp-json\/wp\/v2\/media?parent=19736"}],"wp:term":[{"taxonomy":"category","embeddable":true,"href":"https:\/\/portal.sma.gob.cl\/index.php\/wp-json\/wp\/v2\/categories?post=19736"},{"taxonomy":"post_tag","embeddable":true,"href":"https:\/\/portal.sma.gob.cl\/index.php\/wp-json\/wp\/v2\/tags?post=19736"}],"curies":[{"name":"wp","href":"https:\/\/api.w.org\/{rel}","templated":true}]}}