{"id":19739,"date":"2020-02-06T15:06:53","date_gmt":"2020-02-06T18:06:53","guid":{"rendered":"https:\/\/portal.sma.gob.cl\/?p=19739"},"modified":"2020-02-06T15:06:53","modified_gmt":"2020-02-06T18:06:53","slug":"arica-sma-responde-inquietudes-de-la-comunidad-de-cobija-tras-denuncia-por-contaminacion-de-aguas","status":"publish","type":"post","link":"https:\/\/portal.sma.gob.cl\/index.php\/arica-sma-responde-inquietudes-de-la-comunidad-de-cobija-tras-denuncia-por-contaminacion-de-aguas\/","title":{"rendered":"Arica: SMA responde inquietudes de la comunidad de Cobija tras denuncia por contaminaci\u00f3n de aguas"},"content":{"rendered":"<p><strong>Personal de la oficina Regional explic\u00f3, luego de fiscalizar a la Minera de Plata Carina SpA, <\/strong><strong>que las muestras de suelo <\/strong><strong>arrojaron una presencia menor de lodos de perforaci\u00f3n generados por actividades propias del proyecto.<\/strong><\/p>\n<p><strong>Arica, 06 de febrero de 2020.-<\/strong> Profesionales de la Oficina Regional de Arica y Parinacota de la Superintendencia del Medio Ambiente (SMA), en conjunto con organismo sectoriales, realizaron el viernes pasado una reuni\u00f3n con la comunidad de Cobija para explicarles el alcance de la actividad de fiscalizaci\u00f3n realizada a la empresa Minera de Plata Carina SpA, ubicadas en la comuna de Camarones, luego de denuncias presentadas por supuesto derrame de residuos industriales l\u00edquidos hacia la Quebrada de Cobija.<\/p>\n<p>La actividad de fiscalizaci\u00f3n ambiental estuvo centrada en comprobar la posible afectaci\u00f3n, por lo que se recolectaron muestras de suelo, en 5 puntos diferentes del sector en las que la empresa realiza sus operaciones, incluyendo el lugar donde habr\u00eda ocurrido el hecho.<\/p>\n<p>\u201cLas pericias efectuadas, lograron evidenciar que el derrame denunciado no correspond\u00eda a residuos industriales l\u00edquidos, sino a lodos de perforaci\u00f3n generados por actividades del proyecto \u201cExploraci\u00f3n Minera Cerro Marqu\u00e9s\u201d. Mientras que los valores obtenidos de los par\u00e1metros analizados fueron inferiores a los obtenidos en el sector no intervenido por la minera\u201d, se\u00f1al\u00f3 Tania Gonz\u00e1lez, jefa de la Oficina Regional SMA Arica y Tarapac\u00e1.<\/p>\n<p>Cabe recordar, que la unidad fiscalizada, -que no requiri\u00f3 ingresar de forma obligatoria al Sistema de Evaluaci\u00f3n de Impacto Ambiental (SEIA) seg\u00fan lo resuelto en la Resoluci\u00f3n Exenta N\u00b0 004 de fecha 25 de enero de 2019 del Servicio de Evaluaci\u00f3n Ambiental (SEA) de Arica y Parinacota- opera la exploraci\u00f3n minera de 38 plataformas de sondajes, en el sector de Cerro Marqu\u00e9s.<\/p>\n<p>&nbsp;<\/p>\n","protected":false},"excerpt":{"rendered":"<p>Personal de la oficina Regional explic\u00f3, luego de fiscalizar a la Minera de Plata Carina SpA, que las muestras de suelo arrojaron una presencia menor de lodos de perforaci\u00f3n generados por actividades propias del proyecto. Arica, 06 de febrero de 2020.- Profesionales de la Oficina Regional de Arica y Parinacota de la Superintendencia del Medio Ambiente <a href=\"https:\/\/portal.sma.gob.cl\/index.php\/arica-sma-responde-inquietudes-de-la-comunidad-de-cobija-tras-denuncia-por-contaminacion-de-aguas\/\">Leer m\u00e1s<\/a><\/p>\n","protected":false},"author":8,"featured_media":19741,"comment_status":"open","ping_status":"open","sticky":false,"template":"","format":"standard","meta":{"footnotes":""},"categories":[107,94],"tags":[],"class_list":["post-19739","post","type-post","status-publish","format-standard","has-post-thumbnail","hentry","category-destacado","category-notas-noticias"],"_links":{"self":[{"href":"https:\/\/portal.sma.gob.cl\/index.php\/wp-json\/wp\/v2\/posts\/19739","targetHints":{"allow":["GET"]}}],"collection":[{"href":"https:\/\/portal.sma.gob.cl\/index.php\/wp-json\/wp\/v2\/posts"}],"about":[{"href":"https:\/\/portal.sma.gob.cl\/index.php\/wp-json\/wp\/v2\/types\/post"}],"author":[{"embeddable":true,"href":"https:\/\/portal.sma.gob.cl\/index.php\/wp-json\/wp\/v2\/users\/8"}],"replies":[{"embeddable":true,"href":"https:\/\/portal.sma.gob.cl\/index.php\/wp-json\/wp\/v2\/comments?post=19739"}],"version-history":[{"count":1,"href":"https:\/\/portal.sma.gob.cl\/index.php\/wp-json\/wp\/v2\/posts\/19739\/revisions"}],"predecessor-version":[{"id":19740,"href":"https:\/\/portal.sma.gob.cl\/index.php\/wp-json\/wp\/v2\/posts\/19739\/revisions\/19740"}],"wp:featuredmedia":[{"embeddable":true,"href":"https:\/\/portal.sma.gob.cl\/index.php\/wp-json\/wp\/v2\/media\/19741"}],"wp:attachment":[{"href":"https:\/\/portal.sma.gob.cl\/index.php\/wp-json\/wp\/v2\/media?parent=19739"}],"wp:term":[{"taxonomy":"category","embeddable":true,"href":"https:\/\/portal.sma.gob.cl\/index.php\/wp-json\/wp\/v2\/categories?post=19739"},{"taxonomy":"post_tag","embeddable":true,"href":"https:\/\/portal.sma.gob.cl\/index.php\/wp-json\/wp\/v2\/tags?post=19739"}],"curies":[{"name":"wp","href":"https:\/\/api.w.org\/{rel}","templated":true}]}}