{"id":19742,"date":"2020-02-06T17:41:35","date_gmt":"2020-02-06T20:41:35","guid":{"rendered":"https:\/\/portal.sma.gob.cl\/?p=19742"},"modified":"2020-02-06T17:41:35","modified_gmt":"2020-02-06T20:41:35","slug":"superintendente-del-medio-ambiente-designa-jefatura-en-tarapaca","status":"publish","type":"post","link":"https:\/\/portal.sma.gob.cl\/index.php\/superintendente-del-medio-ambiente-designa-jefatura-en-tarapaca\/","title":{"rendered":"Superintendente del Medio Ambiente designa Jefatura en Tarapac\u00e1"},"content":{"rendered":"<p><strong>Ariel Pliscoff es abogado m\u00e1ster en Derecho Ambiental y Recursos Naturales, y tiene 10 a\u00f1os de experiencia en gesti\u00f3n ambiental.<\/strong><\/p>\n<p><strong>Iquique, 06 de febrero de 2020.-<\/strong> El Superintendente del Medio Ambiente (SMA), Crist\u00f3bal de la Maza, design\u00f3 a Ariel Pliscoff Castillo como jefe de la Oficina Regional de Tarapac\u00e1, con sede en la ciudad de Iquique.<\/p>\n<p>Pliscoff es abogado de la Universidad Gabriela Mistral, y m\u00e1ster en Derecho Ambiental y Recursos Naturales de la Universidad del Desarrollo. Anteriormente se desempe\u00f1\u00f3 como abogado en los ministerios de Obras P\u00fablicas, Miner\u00eda y Econom\u00eda. Tambi\u00e9n trabaj\u00f3 como abogado en el Servicio de Evaluaci\u00f3n Ambiental (SEA). El profesional cuenta con 10 a\u00f1os de experiencia laboral en temas medio ambientales, recursos naturales, aguas, energ\u00edas, miner\u00eda, sanitarias, agr\u00edcola y derecho sancionatorio.<\/p>\n<p>\u201cEstamos muy contentos con la incorporaci\u00f3n de Ariel, puesto que cuenta con una amplia experiencia profesional en gesti\u00f3n ambiental. Adem\u00e1s, no s\u00f3lo tiene la gran tarea de continuar visibilizando nuestro trabajo en la regi\u00f3n de Tarapac\u00e1 y el desaf\u00edo de informar a la comunidad sobre el accionar de nuestra Instituci\u00f3n en pro de generar confianzas necesarias, sino tambi\u00e9n explicar la normativa y c\u00f3mo vigilamos que \u00e9sta se cumpla\u201d, afirm\u00f3 el Superintendente del Medio Ambiente, Crist\u00f3bal De La Maza.<\/p>\n","protected":false},"excerpt":{"rendered":"<p>Ariel Pliscoff es abogado m\u00e1ster en Derecho Ambiental y Recursos Naturales, y tiene 10 a\u00f1os de experiencia en gesti\u00f3n ambiental. Iquique, 06 de febrero de 2020.- El Superintendente del Medio Ambiente (SMA), Crist\u00f3bal de la Maza, design\u00f3 a Ariel Pliscoff Castillo como jefe de la Oficina Regional de Tarapac\u00e1, con sede en la ciudad de Iquique. <a href=\"https:\/\/portal.sma.gob.cl\/index.php\/superintendente-del-medio-ambiente-designa-jefatura-en-tarapaca\/\">Leer m\u00e1s<\/a><\/p>\n","protected":false},"author":8,"featured_media":19744,"comment_status":"open","ping_status":"open","sticky":false,"template":"","format":"standard","meta":{"footnotes":""},"categories":[107,94],"tags":[],"class_list":["post-19742","post","type-post","status-publish","format-standard","has-post-thumbnail","hentry","category-destacado","category-notas-noticias"],"_links":{"self":[{"href":"https:\/\/portal.sma.gob.cl\/index.php\/wp-json\/wp\/v2\/posts\/19742","targetHints":{"allow":["GET"]}}],"collection":[{"href":"https:\/\/portal.sma.gob.cl\/index.php\/wp-json\/wp\/v2\/posts"}],"about":[{"href":"https:\/\/portal.sma.gob.cl\/index.php\/wp-json\/wp\/v2\/types\/post"}],"author":[{"embeddable":true,"href":"https:\/\/portal.sma.gob.cl\/index.php\/wp-json\/wp\/v2\/users\/8"}],"replies":[{"embeddable":true,"href":"https:\/\/portal.sma.gob.cl\/index.php\/wp-json\/wp\/v2\/comments?post=19742"}],"version-history":[{"count":1,"href":"https:\/\/portal.sma.gob.cl\/index.php\/wp-json\/wp\/v2\/posts\/19742\/revisions"}],"predecessor-version":[{"id":19743,"href":"https:\/\/portal.sma.gob.cl\/index.php\/wp-json\/wp\/v2\/posts\/19742\/revisions\/19743"}],"wp:featuredmedia":[{"embeddable":true,"href":"https:\/\/portal.sma.gob.cl\/index.php\/wp-json\/wp\/v2\/media\/19744"}],"wp:attachment":[{"href":"https:\/\/portal.sma.gob.cl\/index.php\/wp-json\/wp\/v2\/media?parent=19742"}],"wp:term":[{"taxonomy":"category","embeddable":true,"href":"https:\/\/portal.sma.gob.cl\/index.php\/wp-json\/wp\/v2\/categories?post=19742"},{"taxonomy":"post_tag","embeddable":true,"href":"https:\/\/portal.sma.gob.cl\/index.php\/wp-json\/wp\/v2\/tags?post=19742"}],"curies":[{"name":"wp","href":"https:\/\/api.w.org\/{rel}","templated":true}]}}