{"id":19763,"date":"2020-02-14T16:21:42","date_gmt":"2020-02-14T19:21:42","guid":{"rendered":"https:\/\/portal.sma.gob.cl\/?p=19763"},"modified":"2020-02-18T12:35:38","modified_gmt":"2020-02-18T15:35:38","slug":"sma-y-seremi-de-salud-de-los-lagos-fiscalizan-relleno-sanitario-provincial-de-osorno","status":"publish","type":"post","link":"https:\/\/portal.sma.gob.cl\/index.php\/sma-y-seremi-de-salud-de-los-lagos-fiscalizan-relleno-sanitario-provincial-de-osorno\/","title":{"rendered":"SMA y SEREMI de Salud de Los Lagos fiscalizan relleno sanitario provincial de Osorno"},"content":{"rendered":"<p><strong>La obra -que es prioritaria para la ciudad y cuya construcci\u00f3n est\u00e1 suspendida desde 2017-<\/strong> <strong>contempla recibir 200 toneladas diarias de basura de los municipios de la provincia de Osorno, que hoy depositan sus residuos en el vertedero municipal de Curaco.<\/strong><\/p>\n<p><strong>Osorno, 14 de febrero de 2020<\/strong><\/p>\n<p>Profesionales de la Superintendencia de Medio Ambiente y de la Seremi de Salud de La Regi\u00f3n de Los Lagos fiscalizaron el proyecto \u201cEIA Relleno Sanitario Provincial de Osorno\u201d, con el objetivo de verificar el estado del relleno, y que qued\u00f3 suspendido en su etapa de construcci\u00f3n desde febrero de 2017.<\/p>\n<p>La inspecci\u00f3n a la obra, cuyo titular es la Municipalidad de Osorno a trav\u00e9s de la empresa Servitrans y que cuenta con la Resoluci\u00f3n de Calificaci\u00f3n Ambiental N\u00b043 del a\u00f1o 2000, incluy\u00f3 un recorrido por las edificaciones construidas y movimiento de tierra en al \u00e1rea de disposici\u00f3n de residuos y tratamiento de lixiviados. Tambi\u00e9n, se constat\u00f3 \u00e1rea de remoci\u00f3n en masa ubicada en la cabecera de quebrada tributaria al estero Curaco, ubicada en el sector poniente del proyecto.<\/p>\n<p>De acuerdo con la RCA, el relleno sanitario contemplar\u00e1 la recepci\u00f3n de 200 toneladas diarias de basura provenientes de los municipios de la provincia de Osorno, que hoy depositan sus residuos en el vertedero municipal de Curaco.<\/p>\n<p>La superficie \u00fatil de este proyecto supera las 12,4 hect\u00e1reas, y contempla impermeabilizaci\u00f3n de base para proteger el suelo, tratamiento de l\u00edquidos percolados y biogases, adem\u00e1s de la habilitaci\u00f3n de un sector exclusivo para reciclaje, de 5 mil m2.<\/p>\n<p>\u201cEsta fiscalizaci\u00f3n permitir\u00e1 a la SMA levantar informaci\u00f3n del estado actual de \u00e9sta instalaci\u00f3n, del cumplimiento de su RCA y de los riesgos asociados frente a la paralizaci\u00f3n de esta obra\u201d se\u00f1al\u00f3 Ivonne Mansilla, jefa regional de la SMA en Los Lagos.<\/p>\n<p>El proyecto fue adjudicado en 2014 y la construcci\u00f3n comenz\u00f3 dos meses despu\u00e9s. Sin embargo, tuvo diversas paralizaciones temporales a partir de octubre de 2015, para detenerse finalmente en febrero de 2017.<\/p>\n<p>&nbsp;<\/p>\n","protected":false},"excerpt":{"rendered":"<p>La obra -que es prioritaria para la ciudad y cuya construcci\u00f3n est\u00e1 suspendida desde 2017- contempla recibir 200 toneladas diarias de basura de los municipios de la provincia de Osorno, que hoy depositan sus residuos en el vertedero municipal de Curaco. Osorno, 14 de febrero de 2020 Profesionales de la Superintendencia de Medio Ambiente y de <a href=\"https:\/\/portal.sma.gob.cl\/index.php\/sma-y-seremi-de-salud-de-los-lagos-fiscalizan-relleno-sanitario-provincial-de-osorno\/\">Leer m\u00e1s<\/a><\/p>\n","protected":false},"author":2,"featured_media":19801,"comment_status":"open","ping_status":"open","sticky":false,"template":"","format":"standard","meta":{"footnotes":""},"categories":[90,107],"tags":[],"class_list":["post-19763","post","type-post","status-publish","format-standard","has-post-thumbnail","hentry","category-comunicados-noticias","category-destacado"],"_links":{"self":[{"href":"https:\/\/portal.sma.gob.cl\/index.php\/wp-json\/wp\/v2\/posts\/19763","targetHints":{"allow":["GET"]}}],"collection":[{"href":"https:\/\/portal.sma.gob.cl\/index.php\/wp-json\/wp\/v2\/posts"}],"about":[{"href":"https:\/\/portal.sma.gob.cl\/index.php\/wp-json\/wp\/v2\/types\/post"}],"author":[{"embeddable":true,"href":"https:\/\/portal.sma.gob.cl\/index.php\/wp-json\/wp\/v2\/users\/2"}],"replies":[{"embeddable":true,"href":"https:\/\/portal.sma.gob.cl\/index.php\/wp-json\/wp\/v2\/comments?post=19763"}],"version-history":[{"count":2,"href":"https:\/\/portal.sma.gob.cl\/index.php\/wp-json\/wp\/v2\/posts\/19763\/revisions"}],"predecessor-version":[{"id":19802,"href":"https:\/\/portal.sma.gob.cl\/index.php\/wp-json\/wp\/v2\/posts\/19763\/revisions\/19802"}],"wp:featuredmedia":[{"embeddable":true,"href":"https:\/\/portal.sma.gob.cl\/index.php\/wp-json\/wp\/v2\/media\/19801"}],"wp:attachment":[{"href":"https:\/\/portal.sma.gob.cl\/index.php\/wp-json\/wp\/v2\/media?parent=19763"}],"wp:term":[{"taxonomy":"category","embeddable":true,"href":"https:\/\/portal.sma.gob.cl\/index.php\/wp-json\/wp\/v2\/categories?post=19763"},{"taxonomy":"post_tag","embeddable":true,"href":"https:\/\/portal.sma.gob.cl\/index.php\/wp-json\/wp\/v2\/tags?post=19763"}],"curies":[{"name":"wp","href":"https:\/\/api.w.org\/{rel}","templated":true}]}}