{"id":19885,"date":"2020-02-28T16:18:54","date_gmt":"2020-02-28T19:18:54","guid":{"rendered":"https:\/\/portal.sma.gob.cl\/?p=19885"},"modified":"2020-02-28T16:19:17","modified_gmt":"2020-02-28T19:19:17","slug":"los-lagos-superintendente-de-la-maza-anuncia-plan-de-fiscalizacion-intensiva-para-gestion-de-residuos","status":"publish","type":"post","link":"https:\/\/portal.sma.gob.cl\/index.php\/los-lagos-superintendente-de-la-maza-anuncia-plan-de-fiscalizacion-intensiva-para-gestion-de-residuos\/","title":{"rendered":"Los Lagos:  Superintendente De La Maza anuncia plan de fiscalizaci\u00f3n intensiva para gesti\u00f3n de residuos"},"content":{"rendered":"<p><strong>La iniciativa de la SMA contempla elaborar un mapa con las categor\u00edas de inter\u00e9s, que contenga -entre otras- identificaci\u00f3n por tipo de instalaci\u00f3n, cercan\u00eda a poblados y a cursos de agua. Adem\u00e1s, se instruir\u00e1 a los operadores de los vertederos y rellenos que implementen herramientas tecnol\u00f3gicas y de gesti\u00f3n.<\/strong><\/p>\n<p><strong>Osorno, 28 de febrero de 2020. <\/strong>El superintendente del Medio Ambiente, Crist\u00f3bal De La Maza, inspeccion\u00f3 el Vertedero Municipal de Curaco y el Relleno Industrial Ecoprial, en la Regi\u00f3n de Los Lagos, y anunci\u00f3 un plan de fiscalizaci\u00f3n intensiva a los lugares de disposici\u00f3n de los residuos domiciliarios e industriales, un tema de especial preocupaci\u00f3n ciudadana.<\/p>\n<p>El plan es parte de la estrategia nacional de la Instituci\u00f3n que apunta hacia una mejor y mayor fiscalizaci\u00f3n, utilizando tecnolog\u00eda de punta, promoviendo el cumplimiento ambiental de las empresas y fomentando la participaci\u00f3n ciudadana.<\/p>\n<p><strong><em>\u201cEsta visita a Los Lagos es relevante, pues muestra en terreno nuestra estrategia de fiscalizaci\u00f3n integral, que pone a las personas al centro de nuestro quehacer. Espec\u00edficamente en materia de residuos vamos a incrementar ostensiblemente la fiscalizaci\u00f3n a los sitios de disposici\u00f3n final, tanto domiciliarios como industriales.\u201d<\/em><\/strong>, se\u00f1al\u00f3 el Superintendente De La Maza.<\/p>\n<p>La autoridad inspeccion\u00f3 junto al gobernador provincial de Osorno, Daniel Lilay\u00fa, la seremi de Salud, Scarlett Molt, y la jefa regional de la SMA en Los Lagos, Ivonne Mansilla, el Vertedero Municipal Curaco, que recibe todos los residuos s\u00f3lidos domiciliarios de la provincia, salvo la comuna de R\u00edo Negro.<\/p>\n<p>Durante el 2018, se le formularon cargos a dicho vertedero principalmente por no dar cumplimiento a su RCA de cierre y sellado, y en febrero de 2019 la SMA le aprob\u00f3 un programa de cumplimiento que contempla 22 acciones y una inversi\u00f3n de $800 millones.<\/p>\n<p>El recinto ha sido fiscalizado por la entidad en dos oportunidades, dando cuenta del avance del plan. El tema pendiente hoy es el manejo y control de lixiviados.<\/p>\n<p>Tambi\u00e9n inspeccionaron al Relleno Industrial Ecoprial, lugar en el que la entidad fiscalizadora instal\u00f3 equipos para medir olores.<\/p>\n<p>Para el gobernador provincial de Osorno, Daniel Lilay\u00fa, la presencia del superintendente en la zona es una muy buena se\u00f1al, \u201cpues demuestra que sus prioridades se orientan a lo que queremos como regi\u00f3n y que es que la calidad de vida de las personas no contin\u00fae vi\u00e9ndose afectada por contaminantes ambientales. El vertedero de Curaco tiene una vida \u00fatil que se acorta y que requiere de una soluci\u00f3n r\u00e1pida, junto con el acuerdo de las municipalidades involucradas\u201d.<\/p>\n<p>La seremi de Salud agreg\u00f3 que tienen un plan de fiscalizaci\u00f3n permanente con los vertederos de la regi\u00f3n, y destac\u00f3 las obras de mejoramiento en el vertedero municipal. \u201cCuraco es gravitante y ver que el plan de cumplimiento ha hecho mejoras claramente es algo que esper\u00e1bamos y queremos que se siga manteniendo\u201d se\u00f1al\u00f3 Molt.<\/p>\n<h2>Plan de Fiscalizaci\u00f3n Regional<\/h2>\n<p>En Los Lagos existen seis sitios de disposici\u00f3n para residuos industriales y doce vertederos municipales, de los cuales dos de los sitios de disposici\u00f3n de residuos domiciliarios se encuentra con programa de cumplimiento (PDC) vigente (Castro y Osorno).<\/p>\n<p>En esta l\u00ednea y m\u00e1s all\u00e1 del seguimiento formal de los PDC, se activ\u00f3 un programa de fiscalizaci\u00f3n dirigido en la regi\u00f3n, en que se fiscalizar\u00e1n principalmente los planes de cierre de los vertederos municipales.<\/p>\n<p>De La Maza asegur\u00f3 que durante este a\u00f1o, adem\u00e1s, se priorizar\u00e1 la Isla Grande de Chilo\u00e9 y aquellas zonas en donde existen rellenos o vertederos cercanos a aeropuertos, dado el riesgo que significa para la navegaci\u00f3n a\u00e9rea los focos de atracci\u00f3n de aves. Se contar\u00e1 con el apoyo de equipo tales como c\u00e1mara termogr\u00e1fica y dron.<\/p>\n<p>El plan contempla elaborar un mapa con las categor\u00edas de inter\u00e9s, que contenga identificaci\u00f3n entre tipo de instalaci\u00f3n, cercan\u00eda a poblados, a cursos de agua y otros aspectos de inter\u00e9s ambiental. Adem\u00e1s, se instruir\u00e1 a los operadores de los vertederos y rellenos que implementen herramientas de gesti\u00f3n y tecnol\u00f3gicas, que mejoren el seguimiento de las variables operacionales de inter\u00e9s y su reportabilidad.<\/p>\n<p>Ya que el 50 % de los operadores corresponden a municipios, se realizar\u00e1n gestiones espec\u00edficas de asistencia, que faciliten la participaci\u00f3n e involucramiento en las obligaciones ambientales.<\/p>\n","protected":false},"excerpt":{"rendered":"<p>La iniciativa de la SMA contempla elaborar un mapa con las categor\u00edas de inter\u00e9s, que contenga -entre otras- identificaci\u00f3n por tipo de instalaci\u00f3n, cercan\u00eda a poblados y a cursos de agua. Adem\u00e1s, se instruir\u00e1 a los operadores de los vertederos y rellenos que implementen herramientas tecnol\u00f3gicas y de gesti\u00f3n. Osorno, 28 de febrero de 2020. El <a href=\"https:\/\/portal.sma.gob.cl\/index.php\/los-lagos-superintendente-de-la-maza-anuncia-plan-de-fiscalizacion-intensiva-para-gestion-de-residuos\/\">Leer m\u00e1s<\/a><\/p>\n","protected":false},"author":3,"featured_media":19886,"comment_status":"open","ping_status":"open","sticky":false,"template":"","format":"standard","meta":{"footnotes":""},"categories":[90,107],"tags":[],"class_list":["post-19885","post","type-post","status-publish","format-standard","has-post-thumbnail","hentry","category-comunicados-noticias","category-destacado"],"_links":{"self":[{"href":"https:\/\/portal.sma.gob.cl\/index.php\/wp-json\/wp\/v2\/posts\/19885","targetHints":{"allow":["GET"]}}],"collection":[{"href":"https:\/\/portal.sma.gob.cl\/index.php\/wp-json\/wp\/v2\/posts"}],"about":[{"href":"https:\/\/portal.sma.gob.cl\/index.php\/wp-json\/wp\/v2\/types\/post"}],"author":[{"embeddable":true,"href":"https:\/\/portal.sma.gob.cl\/index.php\/wp-json\/wp\/v2\/users\/3"}],"replies":[{"embeddable":true,"href":"https:\/\/portal.sma.gob.cl\/index.php\/wp-json\/wp\/v2\/comments?post=19885"}],"version-history":[{"count":2,"href":"https:\/\/portal.sma.gob.cl\/index.php\/wp-json\/wp\/v2\/posts\/19885\/revisions"}],"predecessor-version":[{"id":19888,"href":"https:\/\/portal.sma.gob.cl\/index.php\/wp-json\/wp\/v2\/posts\/19885\/revisions\/19888"}],"wp:featuredmedia":[{"embeddable":true,"href":"https:\/\/portal.sma.gob.cl\/index.php\/wp-json\/wp\/v2\/media\/19886"}],"wp:attachment":[{"href":"https:\/\/portal.sma.gob.cl\/index.php\/wp-json\/wp\/v2\/media?parent=19885"}],"wp:term":[{"taxonomy":"category","embeddable":true,"href":"https:\/\/portal.sma.gob.cl\/index.php\/wp-json\/wp\/v2\/categories?post=19885"},{"taxonomy":"post_tag","embeddable":true,"href":"https:\/\/portal.sma.gob.cl\/index.php\/wp-json\/wp\/v2\/tags?post=19885"}],"curies":[{"name":"wp","href":"https:\/\/api.w.org\/{rel}","templated":true}]}}