{"id":19889,"date":"2020-03-03T10:04:06","date_gmt":"2020-03-03T13:04:06","guid":{"rendered":"https:\/\/portal.sma.gob.cl\/?p=19889"},"modified":"2020-03-03T10:11:43","modified_gmt":"2020-03-03T13:11:43","slug":"sma-monitorea-en-linea-a-relleno-industrial-ecoprial-tras-denuncias-por-olores","status":"publish","type":"post","link":"https:\/\/portal.sma.gob.cl\/index.php\/sma-monitorea-en-linea-a-relleno-industrial-ecoprial-tras-denuncias-por-olores\/","title":{"rendered":"SMA monitorea en l\u00ednea a relleno industrial Ecoprial tras denuncias por olores"},"content":{"rendered":"<p><strong>El proyecto ubicado en el sector de Curaco, comuna de Osorno,\u00a0 recibe actualmente lodos de sanitarias y de plantas de tratamiento de Riles, principalmente del rubro acu\u00edcola, l\u00e1cteo y residuos de Mataderos. <\/strong><\/p>\n<p><strong>Osorno, 3 de marzo de 2020<\/strong>. El superintendente del Medio Ambiente (SMA), Crist\u00f3bal De La Maza, inspeccion\u00f3 junto a la seremi de Salud de Los Lagos, Scarlett Molt, y la jefa regional SMA de esa regi\u00f3n, Ivonne Mansilla, la instalaci\u00f3n de tres equipos de monitoreo de gases asociados a la disposici\u00f3n de residuos del relleno industrial Ecoprial, ubicado en el sector de Curaco, en Osorno.<\/p>\n<p>Los equipos se instalaron no s\u00f3lo debido a denuncias ciudadanas por malos olores, sino tambi\u00e9n en el marco del plan de fiscalizaci\u00f3n intensiva para gesti\u00f3n de residuos que anuncio la autoridad.<\/p>\n<p>Los equipos se encuentran instalados desde el lunes 24 y martes 25 de febrero, y permanecer\u00e1n el tiempo que se estime necesario para monitorear la situaci\u00f3n.\u00a0 Esta tecnolog\u00eda permite registrar en l\u00ednea gases como el \u00e1cido sulfh\u00eddrico, compuesto org\u00e1nicos vol\u00e1tiles, y amon\u00edaco, adem\u00e1s de par\u00e1metros meteorol\u00f3gicos como temperatura y humedad relativa.<\/p>\n<p>Lo anterior, explic\u00f3 la jefa de la oficina regional SMA, Ivonne Mansilla, se suma al equipo remoto \u201cLibelium\u201d que se instal\u00f3 en la Unidad Fiscalizable sumado a otros 2, que fueron desarrollados por el Departamento de Gesti\u00f3n de la Informaci\u00f3n de esta Superintendencia.<\/p>\n<p>\u201cEstos equipos contienen un conjunto de sensores de alta sensibilidad, capaces de capturar variaciones de H2S, COV y SO2 a nivel de partes por bill\u00f3n (ppb), mientras que el H2S y SO2 son sensores electroqu\u00edmicos, mientras que el de COV utiliza tecnolog\u00eda de fotoionizaci\u00f3n.\u00a0 Los equipos est\u00e1n configurados para enviar aproximadamente un valor por minuto\u201d, se\u00f1al\u00f3 Mansilla.<\/p>\n<p>Adem\u00e1s de instalar este equipo en la fuente que generar\u00eda olores molestos, seg\u00fan las denuncias que la Superintendencia ha recibido, tambi\u00e9n se han localizado otros dos m\u00e1s en dos viviendas vecinas al recinto, y que podr\u00edan estar eventualmente recibiendo estos olores molestos.<\/p>\n<blockquote><p>\u201cCon estos equipos de medici\u00f3n evaluaremos el cumplimiento de la resoluci\u00f3n de calificaci\u00f3n ambiental de la empresa, as\u00ed como las posibles molestias que estos olores podr\u00edan generar en las inmediaciones a la citada planta de disposici\u00f3n de residuos\u201d, se\u00f1al\u00f3 el superintendente De La Maza al inspeccionar el relleno sanitario.<\/p><\/blockquote>\n<p>Cabe se\u00f1alar que el citado proyecto tuvo ya un proceso sancionatorio con la SMA, D-029-2016, que cual culmin\u00f3 mediante Resoluci\u00f3n N\u00b01044 de julio de 2019, con la ejecuci\u00f3n de un programa de cumplimento de manera satisfactoria.<\/p>\n","protected":false},"excerpt":{"rendered":"<p>El proyecto ubicado en el sector de Curaco, comuna de Osorno,\u00a0 recibe actualmente lodos de sanitarias y de plantas de tratamiento de Riles, principalmente del rubro acu\u00edcola, l\u00e1cteo y residuos de Mataderos. Osorno, 3 de marzo de 2020. El superintendente del Medio Ambiente (SMA), Crist\u00f3bal De La Maza, inspeccion\u00f3 junto a la seremi de Salud de <a href=\"https:\/\/portal.sma.gob.cl\/index.php\/sma-monitorea-en-linea-a-relleno-industrial-ecoprial-tras-denuncias-por-olores\/\">Leer m\u00e1s<\/a><\/p>\n","protected":false},"author":2,"featured_media":19893,"comment_status":"open","ping_status":"open","sticky":false,"template":"","format":"standard","meta":{"footnotes":""},"categories":[107,94,1],"tags":[],"class_list":["post-19889","post","type-post","status-publish","format-standard","has-post-thumbnail","hentry","category-destacado","category-notas-noticias","category-sin-categoria"],"_links":{"self":[{"href":"https:\/\/portal.sma.gob.cl\/index.php\/wp-json\/wp\/v2\/posts\/19889","targetHints":{"allow":["GET"]}}],"collection":[{"href":"https:\/\/portal.sma.gob.cl\/index.php\/wp-json\/wp\/v2\/posts"}],"about":[{"href":"https:\/\/portal.sma.gob.cl\/index.php\/wp-json\/wp\/v2\/types\/post"}],"author":[{"embeddable":true,"href":"https:\/\/portal.sma.gob.cl\/index.php\/wp-json\/wp\/v2\/users\/2"}],"replies":[{"embeddable":true,"href":"https:\/\/portal.sma.gob.cl\/index.php\/wp-json\/wp\/v2\/comments?post=19889"}],"version-history":[{"count":5,"href":"https:\/\/portal.sma.gob.cl\/index.php\/wp-json\/wp\/v2\/posts\/19889\/revisions"}],"predecessor-version":[{"id":19897,"href":"https:\/\/portal.sma.gob.cl\/index.php\/wp-json\/wp\/v2\/posts\/19889\/revisions\/19897"}],"wp:featuredmedia":[{"embeddable":true,"href":"https:\/\/portal.sma.gob.cl\/index.php\/wp-json\/wp\/v2\/media\/19893"}],"wp:attachment":[{"href":"https:\/\/portal.sma.gob.cl\/index.php\/wp-json\/wp\/v2\/media?parent=19889"}],"wp:term":[{"taxonomy":"category","embeddable":true,"href":"https:\/\/portal.sma.gob.cl\/index.php\/wp-json\/wp\/v2\/categories?post=19889"},{"taxonomy":"post_tag","embeddable":true,"href":"https:\/\/portal.sma.gob.cl\/index.php\/wp-json\/wp\/v2\/tags?post=19889"}],"curies":[{"name":"wp","href":"https:\/\/api.w.org\/{rel}","templated":true}]}}