{"id":19933,"date":"2020-03-06T12:35:24","date_gmt":"2020-03-06T15:35:24","guid":{"rendered":"https:\/\/portal.sma.gob.cl\/?p=19933"},"modified":"2020-03-10T17:34:06","modified_gmt":"2020-03-10T20:34:06","slug":"nuble-sma-aplica-sellado-de-equipos-de-musica-de-pub-luna-negra-tras-incumplimiento-de-medidas-provisionales","status":"publish","type":"post","link":"https:\/\/portal.sma.gob.cl\/index.php\/nuble-sma-aplica-sellado-de-equipos-de-musica-de-pub-luna-negra-tras-incumplimiento-de-medidas-provisionales\/","title":{"rendered":"\u00d1uble: SMA aplica sellado de equipos de m\u00fasica de pub Luna Negra tras incumplimiento de medidas provisionales  \u00a0"},"content":{"rendered":"<p><strong>Esta medida se adopt\u00f3 luego de que el pub incumpliera la norma de ruidos y las medidas ordenadas por la SMA. Es el primer caso de sellado de aparatos y equipos de ruido en el pa\u00eds.<\/strong><\/p>\n<p>Chill\u00e1n, 6 de marzo de 2020<\/p>\n<p>Tras denuncias presentadas por vecinos, fiscalizadores de la Superintendencia de Medio Ambiente sellaron los equipos y aparatos de m\u00fasica -altavoces, subwoofer, mesas de sonido, amplificadores, entre otros- del pub Luna Negra, en la comuna de San Carlos, Regi\u00f3n de \u00d1uble, para impedir que se sigan usando.<\/p>\n<p>La acci\u00f3n est\u00e1 contemplada en las medidas cautelares instruidas por el superintendente Crist\u00f3bal De La Maza en la resoluci\u00f3n exenta 417 del 4 de marzo; y se tom\u00f3 luego de que el titular del recinto no acatara en diciembre la instrucci\u00f3n de reducir los ruidos molestos a trav\u00e9s de la resoluci\u00f3n 1881 de 2019, perpetuando la situaci\u00f3n de riesgo para las personas.<\/p>\n<p>En la nueva fiscalizaci\u00f3n se detect\u00f3 que el pub registr\u00f3 ruidos por 55 DbA en horario nocturno, sobrepasando el l\u00edmite de la normativa vigente. La suspensi\u00f3n tendr\u00e1 una duraci\u00f3n de 30 d\u00edas.<\/p>\n<p>Seg\u00fan la Organizaci\u00f3n Mundial de la Salud, la exposici\u00f3n continua ante ruidos molestos es causante de fatiga, depresi\u00f3n, aumento de incidencia de enfermedades virales, accidentes, diabetes, entre otros padecimientos. La afectaci\u00f3n es mayor a\u00fan en poblaci\u00f3n vulnerable como ni\u00f1os, ancianos y enfermos cr\u00f3nicos.<\/p>\n<p>Este caso ha sido analizado en terreno con los directamente afectados, adem\u00e1s en instancias municipales del concejo municipal durante el proceso de renovaci\u00f3n de patentes, por lo que la aplicaci\u00f3n del sellado de equipos solo busca restituir el pleno cumplimiento de la normativa ambiental vigente.<\/p>\n<p>El jefe regional de la SMA en \u00d1uble, Cristi\u00e1n Lineros, se\u00f1al\u00f3 que la \u201cSMA tom\u00f3 una acci\u00f3n in\u00e9dita al sellar o inhabilitar durante un mes los equipos de m\u00fasica del pub Luna Negra, en San Carlos, ante el incumplimiento reiterado de la norma de ruido. Ello es una clara muestra del compromiso que tenemos con resguardar el derecho de las personas a vivir en un medio ambiente sin contaminaci\u00f3n. Todos sabemos el da\u00f1o que genera en las personas estar sometidas a persistentes ruidos molestos, y por eso esta sanci\u00f3n es dr\u00e1stica y contundente. Es tambi\u00e9n una clara se\u00f1al de que no permitiremos conductas que atenten contra el cumplimiento ambiental, en especial, tras haberles instruido a los titulares del pub en diciembre pasado medidas para mitigar el ruido, cosa que no hicieron&#8221;.<\/p>\n","protected":false},"excerpt":{"rendered":"<p>Esta medida se adopt\u00f3 luego de que el pub incumpliera la norma de ruidos y las medidas ordenadas por la SMA. Es el primer caso de sellado de aparatos y equipos de ruido en el pa\u00eds. Chill\u00e1n, 6 de marzo de 2020 Tras denuncias presentadas por vecinos, fiscalizadores de la Superintendencia de Medio Ambiente sellaron los <a href=\"https:\/\/portal.sma.gob.cl\/index.php\/nuble-sma-aplica-sellado-de-equipos-de-musica-de-pub-luna-negra-tras-incumplimiento-de-medidas-provisionales\/\">Leer m\u00e1s<\/a><\/p>\n","protected":false},"author":2,"featured_media":19930,"comment_status":"open","ping_status":"open","sticky":false,"template":"","format":"standard","meta":{"footnotes":""},"categories":[94],"tags":[],"class_list":["post-19933","post","type-post","status-publish","format-standard","has-post-thumbnail","hentry","category-notas-noticias"],"_links":{"self":[{"href":"https:\/\/portal.sma.gob.cl\/index.php\/wp-json\/wp\/v2\/posts\/19933","targetHints":{"allow":["GET"]}}],"collection":[{"href":"https:\/\/portal.sma.gob.cl\/index.php\/wp-json\/wp\/v2\/posts"}],"about":[{"href":"https:\/\/portal.sma.gob.cl\/index.php\/wp-json\/wp\/v2\/types\/post"}],"author":[{"embeddable":true,"href":"https:\/\/portal.sma.gob.cl\/index.php\/wp-json\/wp\/v2\/users\/2"}],"replies":[{"embeddable":true,"href":"https:\/\/portal.sma.gob.cl\/index.php\/wp-json\/wp\/v2\/comments?post=19933"}],"version-history":[{"count":4,"href":"https:\/\/portal.sma.gob.cl\/index.php\/wp-json\/wp\/v2\/posts\/19933\/revisions"}],"predecessor-version":[{"id":20054,"href":"https:\/\/portal.sma.gob.cl\/index.php\/wp-json\/wp\/v2\/posts\/19933\/revisions\/20054"}],"wp:featuredmedia":[{"embeddable":true,"href":"https:\/\/portal.sma.gob.cl\/index.php\/wp-json\/wp\/v2\/media\/19930"}],"wp:attachment":[{"href":"https:\/\/portal.sma.gob.cl\/index.php\/wp-json\/wp\/v2\/media?parent=19933"}],"wp:term":[{"taxonomy":"category","embeddable":true,"href":"https:\/\/portal.sma.gob.cl\/index.php\/wp-json\/wp\/v2\/categories?post=19933"},{"taxonomy":"post_tag","embeddable":true,"href":"https:\/\/portal.sma.gob.cl\/index.php\/wp-json\/wp\/v2\/tags?post=19933"}],"curies":[{"name":"wp","href":"https:\/\/api.w.org\/{rel}","templated":true}]}}