{"id":20047,"date":"2020-03-10T15:27:47","date_gmt":"2020-03-10T18:27:47","guid":{"rendered":"https:\/\/portal.sma.gob.cl\/?p=20047"},"modified":"2020-03-10T17:39:11","modified_gmt":"2020-03-10T20:39:11","slug":"superintendente-de-la-maza-confirma-prohibicion-del-uso-de-lena-humeda-en-coyhaique-este-invierno","status":"publish","type":"post","link":"https:\/\/portal.sma.gob.cl\/index.php\/superintendente-de-la-maza-confirma-prohibicion-del-uso-de-lena-humeda-en-coyhaique-este-invierno\/","title":{"rendered":"Superintendente De La Maza confirma prohibici\u00f3n del uso de le\u00f1a h\u00fameda en Coyhaique este invierno"},"content":{"rendered":"<p><strong>La autoridad de la SMA asegur\u00f3 que a fines de marzo comenzar\u00e1 la prohibici\u00f3n del uso de calefactores a le\u00f1a en locales comerciales y oficinas p\u00fablicas, y desde julio se fiscalizar\u00e1 la humedad de la le\u00f1a que se comercialice en Coyhaique. En su visita a la Regi\u00f3n de Ays\u00e9n, el superintendente tambi\u00e9n visit\u00f3 las localidades de Puerto Cisnes y Puerto Ays\u00e9n.<\/strong><\/p>\n<p><strong>Martes, 10 de marzo de 2020. <\/strong><\/p>\n<p>Una intensa gira de trabajo de dos d\u00edas con m\u00faltiples actividades en la Regi\u00f3n de Ays\u00e9n realiz\u00f3 el superintendente del Medio Ambiente, <strong>Crist\u00f3bal De La Maza<\/strong>.<\/p>\n<p>Ayer la autoridad se reuni\u00f3 con la intendenta regional, Geoconda Navarrete, y \u00a0con los seremis de Medio Ambiente, M\u00f3nica Sald\u00edas, y de Energ\u00eda, Juan Luis Amen\u00e1bar, con quienes detall\u00f3 los desaf\u00edos ambientales de la regi\u00f3n y la forma en que los est\u00e1 enfrentado la SMA.<\/p>\n<p>En especial abordaron la fiscalizaci\u00f3n al Plan de Prevenci\u00f3n y Descontaminaci\u00f3n de Coyhaique (PDA), en que la superintendencia tiene una serie de acciones concretas para reducir las emisiones de MP10 y MP2.5 \u2013que se comenzar\u00e1 a medir por primera vez este a\u00f1o- que deben ser coordinadas con otros servicios p\u00fablicos.<\/p>\n<p>Adem\u00e1s, De La Maza confirm\u00f3 que \u00a0a partir de julio de este a\u00f1o comenzar\u00e1 la fiscalizaci\u00f3n de humedad de la le\u00f1a que se comercialice en Coyhaique, que es la principal causa de contaminaci\u00f3n.<\/p>\n<p>\u201cLa SMA quiere ser parte de la soluci\u00f3n a este problema y a fines de marzo fiscalizamos la prohibici\u00f3n del uso de calefactores a le\u00f1a en locales comerciales y oficinas p\u00fablicas y desde julio de este a\u00f1o se suma la fiscalizaci\u00f3n de la humedad de le\u00f1a que se comercialice en Coyhaique. Tambi\u00e9n supervisamos que los dem\u00e1s servicios ejecuten cada uno las funciones que les asigna el plan\u201d, se\u00f1al\u00f3 el superintendente De La Maza tras reunirse con jefes y representantes de diversos servicios p\u00fablicos.<\/p>\n<p>La autoridad agreg\u00f3 que la SMA implementar\u00e1, en el marco de la estrategia de fiscalizaci\u00f3n de planes de descontaminaci\u00f3n, un registro de los establecimientos comerciales y organismos del estado ubicados en zona saturada, respecto de sus actuales sistemas de calefacci\u00f3n, recambio y plazo de retiro de estufas a le\u00f1a.<\/p>\n<p>La seremi de Medio Ambiente valor\u00f3 la presencia de la autoridad nacional en la regi\u00f3n, ya que \u201cmuestra un compromiso real para enfrentar de mejor manera la gesti\u00f3n de episodios cr\u00edticos que comienza el 1 de abril. Tenemos un trabajo avanzado con todas las medidas del plan de descontaminaci\u00f3n atmosf\u00e9rica\u201d.<\/p>\n<p>En\u00a0 la misma l\u00ednea, el seremi de Energ\u00eda, Juan Luis Amen\u00e1bar, sostuvo que la reuni\u00f3n con De La Maza fue muy positiva porque \u201cpermitir\u00e1 coordinar todos los actores para poder limpiar el aire de nuestra ciudad, y darle una mejor calidad de vida a los habitantes\u201d.<\/p>\n<p>En su gira por la regi\u00f3n, la autoridad tambi\u00e9n visit\u00f3 la localidad de Puerto Cisnes, donde inspeccion\u00f3 junto al director regional de Sernapesca, Cristi\u00e1n Hudson, el centro de engorda de salmones Punta Ganso; y estuvo en Puerto Ays\u00e9n, comuna en que firm\u00f3 un convenio de fiscalizaci\u00f3n de ruidos con el alcalde Luis Mart\u00ednez Gallardo.<\/p>\n<p>\u201cEs deber de la industria salmonera el cuidado del medio ambiente donde realiza su actividad productiva, y estamos para asegurar que eso se cumpla\u201d, asegur\u00f3 el jefe de la SMA, al anunciar que se trabaja en tener a todos los centros de engorda de salmones del pa\u00eds conectados en l\u00ednea para detectar tempranamente cualquier problema y evitar desastres ambientales.<\/p>\n<p>La acuicultura es la mayor actividad industrial en la regi\u00f3n, y por tanto su fiscalizaci\u00f3n tambi\u00e9n requiere una mayor atenci\u00f3n. Hasta la semana pasada hab\u00edan 178 centros de engorda operando en el territorio insular, distribuidos en 300 kil\u00f3metros de islas, lo que ciertamente genera una complejidad al momento de fiscalizar.<\/p>\n<p>Otro de los temas de atenci\u00f3n del superintendente es la miner\u00eda que, aunque algunas faenas no est\u00e9n en producci\u00f3n, ello no los libera de las obligaciones ambientales vigentes.<\/p>\n<p>\u201cLa visita a la Regi\u00f3n de Ays\u00e9n releva el inter\u00e9s de la Superintendencia del Medio Ambiente por estar presente en terreno, fiscalizando y haciendo cumplir el marco normativo de protecci\u00f3n del medio ambiente en todo Chile, especialmente en regiones con un especial patrimonio ambiental y paisaj\u00edstico como la regi\u00f3n de Ays\u00e9n\u201d, concluy\u00f3 Crist\u00f3bal De La Maza.<\/p>\n<p><strong>Comunicaciones-sma@sma.gob.cl<\/strong><\/p>\n<p>Fijo: +56 22 6171822<\/p>\n<p>Teatinos 280, Piso 9, Santiago, Chile<\/p>\n<p><a href=\"http:\/\/www.sma.gob.cl\/\">www.sma.gob.cl<\/a><\/p>\n","protected":false},"excerpt":{"rendered":"<p>La autoridad de la SMA asegur\u00f3 que a fines de marzo comenzar\u00e1 la prohibici\u00f3n del uso de calefactores a le\u00f1a en locales comerciales y oficinas p\u00fablicas, y desde julio se fiscalizar\u00e1 la humedad de la le\u00f1a que se comercialice en Coyhaique. En su visita a la Regi\u00f3n de Ays\u00e9n, el superintendente tambi\u00e9n visit\u00f3 las localidades de <a href=\"https:\/\/portal.sma.gob.cl\/index.php\/superintendente-de-la-maza-confirma-prohibicion-del-uso-de-lena-humeda-en-coyhaique-este-invierno\/\">Leer m\u00e1s<\/a><\/p>\n","protected":false},"author":2,"featured_media":20052,"comment_status":"open","ping_status":"open","sticky":false,"template":"","format":"standard","meta":{"footnotes":""},"categories":[107,94,1],"tags":[],"class_list":["post-20047","post","type-post","status-publish","format-standard","has-post-thumbnail","hentry","category-destacado","category-notas-noticias","category-sin-categoria"],"_links":{"self":[{"href":"https:\/\/portal.sma.gob.cl\/index.php\/wp-json\/wp\/v2\/posts\/20047","targetHints":{"allow":["GET"]}}],"collection":[{"href":"https:\/\/portal.sma.gob.cl\/index.php\/wp-json\/wp\/v2\/posts"}],"about":[{"href":"https:\/\/portal.sma.gob.cl\/index.php\/wp-json\/wp\/v2\/types\/post"}],"author":[{"embeddable":true,"href":"https:\/\/portal.sma.gob.cl\/index.php\/wp-json\/wp\/v2\/users\/2"}],"replies":[{"embeddable":true,"href":"https:\/\/portal.sma.gob.cl\/index.php\/wp-json\/wp\/v2\/comments?post=20047"}],"version-history":[{"count":1,"href":"https:\/\/portal.sma.gob.cl\/index.php\/wp-json\/wp\/v2\/posts\/20047\/revisions"}],"predecessor-version":[{"id":20053,"href":"https:\/\/portal.sma.gob.cl\/index.php\/wp-json\/wp\/v2\/posts\/20047\/revisions\/20053"}],"wp:featuredmedia":[{"embeddable":true,"href":"https:\/\/portal.sma.gob.cl\/index.php\/wp-json\/wp\/v2\/media\/20052"}],"wp:attachment":[{"href":"https:\/\/portal.sma.gob.cl\/index.php\/wp-json\/wp\/v2\/media?parent=20047"}],"wp:term":[{"taxonomy":"category","embeddable":true,"href":"https:\/\/portal.sma.gob.cl\/index.php\/wp-json\/wp\/v2\/categories?post=20047"},{"taxonomy":"post_tag","embeddable":true,"href":"https:\/\/portal.sma.gob.cl\/index.php\/wp-json\/wp\/v2\/tags?post=20047"}],"curies":[{"name":"wp","href":"https:\/\/api.w.org\/{rel}","templated":true}]}}