{"id":20084,"date":"2020-03-12T17:50:36","date_gmt":"2020-03-12T20:50:36","guid":{"rendered":"https:\/\/portal.sma.gob.cl\/?p=20084"},"modified":"2020-03-12T17:54:45","modified_gmt":"2020-03-12T20:54:45","slug":"sma-instruye-al-puerto-de-mejillones-nuevo-requerimiento-de-informacion-ante-derrame-de-concentrado-de-plomo","status":"publish","type":"post","link":"https:\/\/portal.sma.gob.cl\/index.php\/sma-instruye-al-puerto-de-mejillones-nuevo-requerimiento-de-informacion-ante-derrame-de-concentrado-de-plomo\/","title":{"rendered":"SMA instruye al Puerto de Mejillones nuevo requerimiento de informaci\u00f3n ante derrame de concentrado de plomo"},"content":{"rendered":"<p><strong>Sandra Cortez, jefa regional de la SMA en Antofagasta, dijo que con \u201ctodos los antecedentes solicitados y recopilados, se determinar\u00e1 si la empresa incurri\u00f3 o no en alguna negligencia durante su operaci\u00f3n o incumpli\u00f3 los considerandos de la RCA\u201d. <\/strong><\/p>\n<p><strong>Santiago, 12 de marzo de 2020. <\/strong><\/p>\n<p>La Superintendencia del Medio Ambiente instruy\u00f3 un requerimiento de mayor informaci\u00f3n al titular del Terminal Mar\u00edtimo Puerto Mejillones por el derrame de concentrado de plomo, ocurrido el pasado viernes tras una falla de correa transportadora durante la carga del material.<\/p>\n<p>Tras el incidente se aperson\u00f3 en el lugar un equipo de fiscalizadores de la Superintendente de Medio Ambiente en Antofagasta, quienes solicitaron muestreos de columna de agua, sedimento y biota, adem\u00e1s de un completo informe de las causas que originaron el incidente, medidas correctivas, hoja de seguridad del producto y la cantidad derramada.<\/p>\n<p>La resoluci\u00f3n exenta 16\/2020 del 11 de marzo de la SMA establece que, a fin de resguardar el buen funcionamiento del Puerto y tener m\u00e1s herramientas de control, el titular deber\u00e1 mantener a trav\u00e9s de correo electr\u00f3nico informada a la Superintendencia de la carga y\/o descarga de graneles, indicando cantidad, procedencia y destino.<\/p>\n<p>Adem\u00e1s, deber\u00e1 proveer a la Superintendencia de acceso en l\u00ednea\u00a0en tiempo real a las c\u00e1maras de seguridad de la instalaci\u00f3n portuaria, incluyendo la instalada en el cabezo de muelle (\u00e1rea de trabajo donde termina un\u00a0muelle\u00a0en el mar), y entregar copia de documentos u otros medios de verificaci\u00f3n emitidos por la Autoridad Mar\u00edtima\u00a0que d\u00e9 cuenta del t\u00e9rmino\u00a0exitoso de la faena de aspirado del material derramado en las instalaciones del puerto.<\/p>\n<p>Adem\u00e1s, la empresa deber\u00e1 indicar la existencia de un &#8220;Programa de Comunicaci\u00f3n&#8221; con la Municipalidad de Mejillones, conforme lo indica el considerando 11.4 de la RCA 19\/2005.<\/p>\n<p>Dicha informaci\u00f3n debe ser presentada en 5 d\u00edas a partir de la fecha de notificaci\u00f3n.<\/p>\n<p>Sandra Cortez, jefa regional de la SMA en Antofagasta, dijo que con \u201ctodos los \u00a0antecedentes solicitados y recopilados se determinar\u00e1 si la empresa incurri\u00f3 o no en alguna negligencia durante su operaci\u00f3n o incumplimientos a la RCA comprometida. Estaremos comunicando oportunamente dichos resultados\u201d.<\/p>\n<p><img decoding=\"async\" class=\"alignnone wp-image-20083 size-medium\" src=\"https:\/\/portal.sma.gob.cl\/wp-content\/uploads\/2020\/03\/DSC03665-225x300.jpg\" alt=\"\" width=\"225\" height=\"300\" srcset=\"https:\/\/portal.sma.gob.cl\/wp-content\/uploads\/2020\/03\/DSC03665-200x267.jpg 200w, https:\/\/portal.sma.gob.cl\/wp-content\/uploads\/2020\/03\/DSC03665-225x300.jpg 225w, https:\/\/portal.sma.gob.cl\/wp-content\/uploads\/2020\/03\/DSC03665-400x533.jpg 400w, https:\/\/portal.sma.gob.cl\/wp-content\/uploads\/2020\/03\/DSC03665-600x800.jpg 600w, https:\/\/portal.sma.gob.cl\/wp-content\/uploads\/2020\/03\/DSC03665-768x1024.jpg 768w, https:\/\/portal.sma.gob.cl\/wp-content\/uploads\/2020\/03\/DSC03665-800x1067.jpg 800w, https:\/\/portal.sma.gob.cl\/wp-content\/uploads\/2020\/03\/DSC03665-1152x1536.jpg 1152w, https:\/\/portal.sma.gob.cl\/wp-content\/uploads\/2020\/03\/DSC03665-1200x1600.jpg 1200w, https:\/\/portal.sma.gob.cl\/wp-content\/uploads\/2020\/03\/DSC03665.jpg 1500w\" sizes=\"(max-width: 225px) 100vw, 225px\" \/><\/p>\n<p><img decoding=\"async\" class=\"alignnone size-medium wp-image-20082\" src=\"https:\/\/portal.sma.gob.cl\/wp-content\/uploads\/2020\/03\/DSC03638-225x300.jpg\" alt=\"\" width=\"225\" height=\"300\" srcset=\"https:\/\/portal.sma.gob.cl\/wp-content\/uploads\/2020\/03\/DSC03638-200x267.jpg 200w, https:\/\/portal.sma.gob.cl\/wp-content\/uploads\/2020\/03\/DSC03638-225x300.jpg 225w, https:\/\/portal.sma.gob.cl\/wp-content\/uploads\/2020\/03\/DSC03638-400x533.jpg 400w, https:\/\/portal.sma.gob.cl\/wp-content\/uploads\/2020\/03\/DSC03638-600x800.jpg 600w, https:\/\/portal.sma.gob.cl\/wp-content\/uploads\/2020\/03\/DSC03638-768x1024.jpg 768w, https:\/\/portal.sma.gob.cl\/wp-content\/uploads\/2020\/03\/DSC03638-800x1067.jpg 800w, https:\/\/portal.sma.gob.cl\/wp-content\/uploads\/2020\/03\/DSC03638-1152x1536.jpg 1152w, https:\/\/portal.sma.gob.cl\/wp-content\/uploads\/2020\/03\/DSC03638-1200x1600.jpg 1200w, https:\/\/portal.sma.gob.cl\/wp-content\/uploads\/2020\/03\/DSC03638.jpg 1500w\" sizes=\"(max-width: 225px) 100vw, 225px\" \/><\/p>\n<p><img decoding=\"async\" class=\"alignnone size-medium wp-image-20081\" src=\"https:\/\/portal.sma.gob.cl\/wp-content\/uploads\/2020\/03\/DSC03633-300x225.jpg\" alt=\"\" width=\"300\" height=\"225\" srcset=\"https:\/\/portal.sma.gob.cl\/wp-content\/uploads\/2020\/03\/DSC03633-200x150.jpg 200w, https:\/\/portal.sma.gob.cl\/wp-content\/uploads\/2020\/03\/DSC03633-300x225.jpg 300w, https:\/\/portal.sma.gob.cl\/wp-content\/uploads\/2020\/03\/DSC03633-400x300.jpg 400w, https:\/\/portal.sma.gob.cl\/wp-content\/uploads\/2020\/03\/DSC03633-600x450.jpg 600w, https:\/\/portal.sma.gob.cl\/wp-content\/uploads\/2020\/03\/DSC03633-768x576.jpg 768w, https:\/\/portal.sma.gob.cl\/wp-content\/uploads\/2020\/03\/DSC03633-800x600.jpg 800w, https:\/\/portal.sma.gob.cl\/wp-content\/uploads\/2020\/03\/DSC03633-1024x768.jpg 1024w, https:\/\/portal.sma.gob.cl\/wp-content\/uploads\/2020\/03\/DSC03633-1200x900.jpg 1200w, https:\/\/portal.sma.gob.cl\/wp-content\/uploads\/2020\/03\/DSC03633-1536x1152.jpg 1536w, https:\/\/portal.sma.gob.cl\/wp-content\/uploads\/2020\/03\/DSC03633.jpg 1900w\" sizes=\"(max-width: 300px) 100vw, 300px\" \/><\/p>\n","protected":false},"excerpt":{"rendered":"<p>Sandra Cortez, jefa regional de la SMA en Antofagasta, dijo que con \u201ctodos los antecedentes solicitados y recopilados, se determinar\u00e1 si la empresa incurri\u00f3 o no en alguna negligencia durante su operaci\u00f3n o incumpli\u00f3 los considerandos de la RCA\u201d. Santiago, 12 de marzo de 2020. La Superintendencia del Medio Ambiente instruy\u00f3 un requerimiento de mayor informaci\u00f3n <a href=\"https:\/\/portal.sma.gob.cl\/index.php\/sma-instruye-al-puerto-de-mejillones-nuevo-requerimiento-de-informacion-ante-derrame-de-concentrado-de-plomo\/\">Leer m\u00e1s<\/a><\/p>\n","protected":false},"author":2,"featured_media":20080,"comment_status":"open","ping_status":"open","sticky":false,"template":"","format":"standard","meta":{"footnotes":""},"categories":[90,107,94],"tags":[],"class_list":["post-20084","post","type-post","status-publish","format-standard","has-post-thumbnail","hentry","category-comunicados-noticias","category-destacado","category-notas-noticias"],"_links":{"self":[{"href":"https:\/\/portal.sma.gob.cl\/index.php\/wp-json\/wp\/v2\/posts\/20084","targetHints":{"allow":["GET"]}}],"collection":[{"href":"https:\/\/portal.sma.gob.cl\/index.php\/wp-json\/wp\/v2\/posts"}],"about":[{"href":"https:\/\/portal.sma.gob.cl\/index.php\/wp-json\/wp\/v2\/types\/post"}],"author":[{"embeddable":true,"href":"https:\/\/portal.sma.gob.cl\/index.php\/wp-json\/wp\/v2\/users\/2"}],"replies":[{"embeddable":true,"href":"https:\/\/portal.sma.gob.cl\/index.php\/wp-json\/wp\/v2\/comments?post=20084"}],"version-history":[{"count":3,"href":"https:\/\/portal.sma.gob.cl\/index.php\/wp-json\/wp\/v2\/posts\/20084\/revisions"}],"predecessor-version":[{"id":20087,"href":"https:\/\/portal.sma.gob.cl\/index.php\/wp-json\/wp\/v2\/posts\/20084\/revisions\/20087"}],"wp:featuredmedia":[{"embeddable":true,"href":"https:\/\/portal.sma.gob.cl\/index.php\/wp-json\/wp\/v2\/media\/20080"}],"wp:attachment":[{"href":"https:\/\/portal.sma.gob.cl\/index.php\/wp-json\/wp\/v2\/media?parent=20084"}],"wp:term":[{"taxonomy":"category","embeddable":true,"href":"https:\/\/portal.sma.gob.cl\/index.php\/wp-json\/wp\/v2\/categories?post=20084"},{"taxonomy":"post_tag","embeddable":true,"href":"https:\/\/portal.sma.gob.cl\/index.php\/wp-json\/wp\/v2\/tags?post=20084"}],"curies":[{"name":"wp","href":"https:\/\/api.w.org\/{rel}","templated":true}]}}