{"id":20100,"date":"2020-03-16T11:21:59","date_gmt":"2020-03-16T14:21:59","guid":{"rendered":"https:\/\/portal.sma.gob.cl\/?p=20100"},"modified":"2020-03-16T13:14:55","modified_gmt":"2020-03-16T16:14:55","slug":"sma-instruye-medidas-provisionales-al-relleno-sanitario-de-villarrica-por-riesgo-ambiental","status":"publish","type":"post","link":"https:\/\/portal.sma.gob.cl\/index.php\/sma-instruye-medidas-provisionales-al-relleno-sanitario-de-villarrica-por-riesgo-ambiental\/","title":{"rendered":"SMA instruye medidas provisionales al relleno sanitario de Villarrica por riesgo ambiental"},"content":{"rendered":"<p><strong>La decisi\u00f3n se adopt\u00f3 luego de varias fiscalizaciones de la Superintendencia que detectaron una serie de incumplimientos que constituyen un riesgo para el entorno y la salud de las personas.<\/strong><\/p>\n<p><strong>\u00a0<\/strong><strong>16 de marzo de 2020 <\/strong><\/p>\n<p>Una serie de medidas provisionales pre-procedimentales instruy\u00f3 el superintendente de Medio Ambiente, <strong>Crist\u00f3bal De La Maza<\/strong>, a la Constructora Villarrica Limitada, titular del proyecto \u201cRelleno sanitario \u00a0Villarrica\u201d, ubicado en el sector Putu\u00e9 Bajo, a seis kil\u00f3metros de la ciudad de Villarrica.<\/p>\n<p>La decisi\u00f3n se adopt\u00f3 luego de varias fiscalizaciones de la Superintendencia que detectaron una deficiente operaci\u00f3n del relleno sanitario, lo que podr\u00eda afectar su estabilidad estructural (por una tasa de recepci\u00f3n de residuos mayor a la autorizada y como consecuencia mayor generaci\u00f3n de lixiviados), y la calidad de las aguas superficiales y subterr\u00e1neas.<\/p>\n<p>Tambi\u00e9n se detectaron olores molestos, proliferaci\u00f3n de vectores y alteraci\u00f3n de los sistemas de vida y costumbres de comunidades cercanas a la instalaci\u00f3n, \u201csituaciones que hacen que se genere un riesgo de da\u00f1o al medio ambiente y a la salud de las personas\u201d, seg\u00fan establece la Resoluci\u00f3n Exenta 416 del 4 \u00a0de marzo.<\/p>\n<p><strong>Incumplimientos ambientales<\/strong><\/p>\n<p>El proyecto ha sido objeto de diversas denuncias y fiscalizaciones de la SMA en los \u00faltimos siete a\u00f1os, y durante las \u00faltimas inspecciones efectuadas en los a\u00f1os 2019 y 2020 se detect\u00f3 que el relleno se desarrolla en una superficie que excede la evaluada ambientalmente, as\u00ed como tambi\u00e9n se ha elevado sobre la cota de terreno en una altura que en algunos sectores alcanza los 8 metros, sobre dicha cota; y casi ha duplicado las cantidades ingresadas a disposici\u00f3n final y la actual disposici\u00f3n de residuos se realiza en una superficie habilitada sobre zanjas cerradas.<\/p>\n<p>Adem\u00e1s, se detect\u00f3 que la empresa no ha implementado el sistema de captaci\u00f3n y control de lixiviados, generando un potencial riesgo de contaminaci\u00f3n de las aguas subterr\u00e1neas; que el material p\u00e9treo utilizado para la cobertura de los residuos s\u00f3lidos no corresponde al material aprobado ambientalmente; y \u00a0varias \u00e1reas no tienen cerco perimetral, facilitando el acceso libre de animales y tambi\u00e9n de personas ajenas al relleno sanitario, adem\u00e1s de propiciar el flujo de vectores de inter\u00e9s sanitario.<\/p>\n<p>Adicionalmente, al menos tres zanjas han llegado a superar hasta 10 veces el volumen de dise\u00f1o establecido en la RCA, lo que aumentar\u00eda el riesgo de la operaci\u00f3n y el adecuado control de sus variables ambientales cr\u00edticas, como la cobertura diaria y los manejos de lixiviados y biog\u00e1s.<\/p>\n<p>Otra anomal\u00eda es que las chimeneas de biog\u00e1s no cumplen con las caracter\u00edsticas establecidas en la RCA, ya que se utilizan para recircular los l\u00edquidos desde la laguna de lixiviados, evitando la salida de los gases y la acumulaci\u00f3n riesgosa de \u00e9stos en el interior del relleno sanitario; las que pudieran generar un eventual riesgo de incendio.<\/p>\n<p>Tampoco existen canales perimetrales que sirvan para recolecci\u00f3n y conducci\u00f3n de aguas lluvias, tanto en el frente de trabajo como en las zanjas ya cerradas con cobertura final.<\/p>\n<p>Un tema relevante es que la operaci\u00f3n del relleno ha afectado a la comunidad mapuche \u201cPedro Ancalef\u201d por malos olores, vectores y posible contaminaci\u00f3n del estero Put\u00fae, lo que ha provocado una p\u00e9rdida creciente de pr\u00e1cticas culturales.<\/p>\n<p><strong>Medidas provisionales<\/strong><\/p>\n<p>Por todo lo anterior, el superintendente De La Maza instruy\u00f3 una decena de medidas provisionales, como informar el ingreso mensual de las toneladas de residuos y de lixiviados de los \u00faltimos tres a\u00f1os; cerrar \u00a0y mantener integralmente el per\u00edmetro del predio en el que se emplaza el relleno sanitario; y aplicar cobertura diaria en la zanja activa con material arcilloso, con la finalidad de impedir el ingreso de agua lluvia al \u00e1rea de disposici\u00f3n de residuos y la atracci\u00f3n de vectores sanitarios.<\/p>\n<p>Las otras medidas dice relaci\u00f3n con secar \u201cpozos abiertos\u201d (sin impermeabilizar), utilizados para la acumulaci\u00f3n de lixiviados y dirigir la extracci\u00f3n de l\u00edquido lixiviado exclusivamente hacia el pozo habilitado para este fin; disponer de ductos de ventilaci\u00f3n de biog\u00e1s en la actual zanja de disposici\u00f3n, de acuerdo al dise\u00f1o del proyecto calificado ambientalmente; y monitorear las aguas subterr\u00e1neas y superficiales.<\/p>\n<p>El titular tambi\u00e9n deber\u00e1 evaluar permanentemente la geometr\u00eda y movimiento de los taludes del relleno sanitario, e implementar las medidas propuestas en el \u201cPrograma de seguridad geot\u00e9cnica\u201d.<\/p>\n<p><img decoding=\"async\" class=\"alignnone size-medium wp-image-20105\" src=\"https:\/\/portal.sma.gob.cl\/wp-content\/uploads\/2020\/03\/20190808_113333-1-300x225.jpg\" alt=\"\" width=\"300\" height=\"225\" srcset=\"https:\/\/portal.sma.gob.cl\/wp-content\/uploads\/2020\/03\/20190808_113333-1-200x150.jpg 200w, https:\/\/portal.sma.gob.cl\/wp-content\/uploads\/2020\/03\/20190808_113333-1-300x225.jpg 300w, https:\/\/portal.sma.gob.cl\/wp-content\/uploads\/2020\/03\/20190808_113333-1-400x300.jpg 400w, https:\/\/portal.sma.gob.cl\/wp-content\/uploads\/2020\/03\/20190808_113333-1-600x450.jpg 600w, https:\/\/portal.sma.gob.cl\/wp-content\/uploads\/2020\/03\/20190808_113333-1-768x576.jpg 768w, https:\/\/portal.sma.gob.cl\/wp-content\/uploads\/2020\/03\/20190808_113333-1-800x600.jpg 800w, https:\/\/portal.sma.gob.cl\/wp-content\/uploads\/2020\/03\/20190808_113333-1-1024x768.jpg 1024w, https:\/\/portal.sma.gob.cl\/wp-content\/uploads\/2020\/03\/20190808_113333-1-1200x900.jpg 1200w, https:\/\/portal.sma.gob.cl\/wp-content\/uploads\/2020\/03\/20190808_113333-1.jpg 1280w\" sizes=\"(max-width: 300px) 100vw, 300px\" \/><\/p>\n<p><img decoding=\"async\" class=\"alignnone size-medium wp-image-20106\" src=\"https:\/\/portal.sma.gob.cl\/wp-content\/uploads\/2020\/03\/DSC08520-300x225.jpg\" alt=\"\" width=\"300\" height=\"225\" srcset=\"https:\/\/portal.sma.gob.cl\/wp-content\/uploads\/2020\/03\/DSC08520-200x150.jpg 200w, https:\/\/portal.sma.gob.cl\/wp-content\/uploads\/2020\/03\/DSC08520-300x225.jpg 300w, https:\/\/portal.sma.gob.cl\/wp-content\/uploads\/2020\/03\/DSC08520-400x300.jpg 400w, https:\/\/portal.sma.gob.cl\/wp-content\/uploads\/2020\/03\/DSC08520-600x450.jpg 600w, https:\/\/portal.sma.gob.cl\/wp-content\/uploads\/2020\/03\/DSC08520-768x576.jpg 768w, https:\/\/portal.sma.gob.cl\/wp-content\/uploads\/2020\/03\/DSC08520-800x600.jpg 800w, https:\/\/portal.sma.gob.cl\/wp-content\/uploads\/2020\/03\/DSC08520-1024x768.jpg 1024w, https:\/\/portal.sma.gob.cl\/wp-content\/uploads\/2020\/03\/DSC08520-1200x900.jpg 1200w, https:\/\/portal.sma.gob.cl\/wp-content\/uploads\/2020\/03\/DSC08520.jpg 1280w\" sizes=\"(max-width: 300px) 100vw, 300px\" \/><\/p>\n<p>&nbsp;<\/p>\n","protected":false},"excerpt":{"rendered":"<p>La decisi\u00f3n se adopt\u00f3 luego de varias fiscalizaciones de la Superintendencia que detectaron una serie de incumplimientos que constituyen un riesgo para el entorno y la salud de las personas. \u00a016 de marzo de 2020 Una serie de medidas provisionales pre-procedimentales instruy\u00f3 el superintendente de Medio Ambiente, Crist\u00f3bal De La Maza, a la Constructora Villarrica Limitada, <a href=\"https:\/\/portal.sma.gob.cl\/index.php\/sma-instruye-medidas-provisionales-al-relleno-sanitario-de-villarrica-por-riesgo-ambiental\/\">Leer m\u00e1s<\/a><\/p>\n","protected":false},"author":2,"featured_media":20103,"comment_status":"open","ping_status":"open","sticky":false,"template":"","format":"standard","meta":{"footnotes":""},"categories":[107,94,1],"tags":[],"class_list":["post-20100","post","type-post","status-publish","format-standard","has-post-thumbnail","hentry","category-destacado","category-notas-noticias","category-sin-categoria"],"_links":{"self":[{"href":"https:\/\/portal.sma.gob.cl\/index.php\/wp-json\/wp\/v2\/posts\/20100","targetHints":{"allow":["GET"]}}],"collection":[{"href":"https:\/\/portal.sma.gob.cl\/index.php\/wp-json\/wp\/v2\/posts"}],"about":[{"href":"https:\/\/portal.sma.gob.cl\/index.php\/wp-json\/wp\/v2\/types\/post"}],"author":[{"embeddable":true,"href":"https:\/\/portal.sma.gob.cl\/index.php\/wp-json\/wp\/v2\/users\/2"}],"replies":[{"embeddable":true,"href":"https:\/\/portal.sma.gob.cl\/index.php\/wp-json\/wp\/v2\/comments?post=20100"}],"version-history":[{"count":5,"href":"https:\/\/portal.sma.gob.cl\/index.php\/wp-json\/wp\/v2\/posts\/20100\/revisions"}],"predecessor-version":[{"id":20109,"href":"https:\/\/portal.sma.gob.cl\/index.php\/wp-json\/wp\/v2\/posts\/20100\/revisions\/20109"}],"wp:featuredmedia":[{"embeddable":true,"href":"https:\/\/portal.sma.gob.cl\/index.php\/wp-json\/wp\/v2\/media\/20103"}],"wp:attachment":[{"href":"https:\/\/portal.sma.gob.cl\/index.php\/wp-json\/wp\/v2\/media?parent=20100"}],"wp:term":[{"taxonomy":"category","embeddable":true,"href":"https:\/\/portal.sma.gob.cl\/index.php\/wp-json\/wp\/v2\/categories?post=20100"},{"taxonomy":"post_tag","embeddable":true,"href":"https:\/\/portal.sma.gob.cl\/index.php\/wp-json\/wp\/v2\/tags?post=20100"}],"curies":[{"name":"wp","href":"https:\/\/api.w.org\/{rel}","templated":true}]}}