{"id":20112,"date":"2020-03-17T13:31:34","date_gmt":"2020-03-17T16:31:34","guid":{"rendered":"https:\/\/portal.sma.gob.cl\/?p=20112"},"modified":"2020-03-17T13:31:34","modified_gmt":"2020-03-17T16:31:34","slug":"atacama-sma-realiza-presentacion-de-la-estrategia-de-fiscalizacion-2020-para-la-zona-prioritaria-de-huasco-segun-el-programa-para-la-recuperacion-ambiental-y-social-pras","status":"publish","type":"post","link":"https:\/\/portal.sma.gob.cl\/index.php\/atacama-sma-realiza-presentacion-de-la-estrategia-de-fiscalizacion-2020-para-la-zona-prioritaria-de-huasco-segun-el-programa-para-la-recuperacion-ambiental-y-social-pras\/","title":{"rendered":"ATACAMA: SMA realiza presentaci\u00f3n de la Estrategia de Fiscalizaci\u00f3n 2020 para la zona prioritaria de Huasco seg\u00fan el Programa para la Recuperaci\u00f3n Ambiental y Social (PRAS)"},"content":{"rendered":"<p><strong>En el marco de las actividades del Consejo del Programa para la Recuperaci\u00f3n Ambiental y Social de la comuna de Huasco, la Oficina Regional de Atacama de la Superintendencia expuso los lineamientos de la instituci\u00f3n respecto a la estrategia de fiscalizaci\u00f3n para el a\u00f1o 2020.<\/strong><\/p>\n<p><strong>Huasco, 17 marzo de 2020.-<\/strong> El jefe de la Oficina Regional de Atacama de la Superintendencia del Medio Ambiente (SMA), Felipe S\u00e1nchez realiz\u00f3 el pasado 12 de marzo una exposici\u00f3n en el Consejo de Recuperaci\u00f3n Ambiental, organizaci\u00f3n de la sociedad que vela por el cumplimiento del Plan de Recuperaci\u00f3n Ambiental de la comuna de Huasco.<\/p>\n<p>Durante la presentaci\u00f3n, que se desarroll\u00f3 en el Rotary Club de Huasco, se inform\u00f3 sobre la estrategia de fiscalizaci\u00f3n de la SMA para el a\u00f1o 2020, y que dar\u00e1 una respuesta concreta a la propuesta de soluci\u00f3n incluida en el cap\u00edtulo 5 del PRAS, espec\u00edficamente, en lo que se refiere a las intervenciones transversales que se deben realizar para dar soluci\u00f3n a temas ambientales m\u00e1s generales relevantes para este territorio.<\/p>\n<p>Tal como qued\u00f3 definido en el PRAS, la soluci\u00f3n a alcanzar se\u00f1ala que se debe \u201cDeclarar a la comuna de Huasco \u201czona geogr\u00e1fica prioritaria de fiscalizaci\u00f3n\u201d en el marco de los respectivos planes y programas de fiscalizaci\u00f3n, lo que permite contar con una mayor coordinaci\u00f3n de las labores de fiscalizaci\u00f3n, una mayor integraci\u00f3n y an\u00e1lisis de la informaci\u00f3n ambiental en base a la zona geogr\u00e1fica\u201d , en este sentido la SMA estableci\u00f3 un programa de fiscalizaci\u00f3n basado en una estrategia territorial que dar\u00e1 cuenta del total de fiscalizaciones de empresas con RCA\u2019s, as\u00ed como decidi\u00f3 establecer una delegaci\u00f3n para la comuna de Huasco, la que estar\u00e1 integrada por dos fiscalizadores que tendr\u00e1n como responsabilidad llevar a cabo el programa de fiscalizaci\u00f3n, pero sobre todo velar por el estricto cumplimiento del Plan de Prevenci\u00f3n de la Contaminaci\u00f3n Atmosf\u00e9rica que est\u00e1 vigente para esta comuna; en especial, para atender las eventuales contingencias que puedan producirse en t\u00e9rminos atmosf\u00e9ricos.<\/p>\n<p>\u201cLos Consejeros manifestaron su alegr\u00eda y agradecimiento con respecto a toda la bater\u00eda de acciones informadas, en particular, porque estamos implementando una nueva estrategia de fiscalizaci\u00f3n que nos encarg\u00f3 el Superintendente De La Maza, a trav\u00e9s de la cual, incluiremos en los procedimientos a la comunidad y la acercaremos a ser parte efectiva del proceso de regulaci\u00f3n ambiental que fiscalizaremos para la comuna de Huasco\u201d, se\u00f1al\u00f3 Felipe S\u00e1nchez, jefe de la Oficina Regional SMA Atacama.<\/p>\n<p><strong>Fiscalizaci\u00f3n CAP Miner\u00eda<\/strong><\/p>\n<p>Por otra parte, y previo a la presentaci\u00f3n en el CRAS de Huasco, la Superintendencia fiscaliz\u00f3 el Plan de Contingencias de la empresa CAP Miner\u00eda, producto del incidente ambiental del d\u00eda 02 de febrero de 2020, en el que se produjo un derrame de relave en el sector del estacionamiento de Bah\u00eda Chapaco, lugar donde se encuentra el estanque mesclador de la pulpa de relaves con el agua de mar, previo a ser enviado al emisario submarino.<\/p>\n<p>La fiscalizaci\u00f3n tuvo como objeto verificar el Plan de Acci\u00f3n propuesto por la empresa a la SMA, el cual implic\u00f3 una serie de inversiones por parte de la compa\u00f1\u00eda, para evitar que este tipo de incidentes se produzca en el futuro.<\/p>\n<p>Sobre esta materia S\u00e1nchez explic\u00f3 que \u201cSe verific\u00f3 el procedimiento de ejecuci\u00f3n del Plan de Contingencias que llev\u00f3 a cabo la empresa para enfrentar este incidente, as\u00ed como el cumplimiento de las acciones comprometidas por la empresa para impedir la ocurrencia de este tipo de incidentes en el futuro. Como Superintendencia nos enfocaremos en atender cada uno de estos incidentes con celeridad y rigurosidad de manera que la empresa ejecute todas las acciones de mitigaci\u00f3n y\/o correcci\u00f3n, y especial para velar porque estos no tengan ning\u00fan efecto sobre el medio ambiente; situaci\u00f3n que pudo ser verificada durante la inspecci\u00f3n ambiental realizada\u201d.<\/p>\n<p><img decoding=\"async\" class=\"alignnone size-large wp-image-20115\" src=\"https:\/\/portal.sma.gob.cl\/wp-content\/uploads\/2020\/03\/img3-1024x596.jpg\" alt=\"\" width=\"1024\" height=\"596\" srcset=\"https:\/\/portal.sma.gob.cl\/wp-content\/uploads\/2020\/03\/img3-200x116.jpg 200w, https:\/\/portal.sma.gob.cl\/wp-content\/uploads\/2020\/03\/img3-300x175.jpg 300w, https:\/\/portal.sma.gob.cl\/wp-content\/uploads\/2020\/03\/img3-400x233.jpg 400w, https:\/\/portal.sma.gob.cl\/wp-content\/uploads\/2020\/03\/img3-600x349.jpg 600w, https:\/\/portal.sma.gob.cl\/wp-content\/uploads\/2020\/03\/img3-768x447.jpg 768w, https:\/\/portal.sma.gob.cl\/wp-content\/uploads\/2020\/03\/img3-800x465.jpg 800w, https:\/\/portal.sma.gob.cl\/wp-content\/uploads\/2020\/03\/img3-1024x596.jpg 1024w, https:\/\/portal.sma.gob.cl\/wp-content\/uploads\/2020\/03\/img3.jpg 1100w\" sizes=\"(max-width: 1024px) 100vw, 1024px\" \/><\/p>\n<h5>Fotograf\u00eda: fiscalizaci\u00f3n realizada a CAP Miner\u00eda.<\/h5>\n","protected":false},"excerpt":{"rendered":"<p>En el marco de las actividades del Consejo del Programa para la Recuperaci\u00f3n Ambiental y Social de la comuna de Huasco, la Oficina Regional de Atacama de la Superintendencia expuso los lineamientos de la instituci\u00f3n respecto a la estrategia de fiscalizaci\u00f3n para el a\u00f1o 2020. Huasco, 17 marzo de 2020.- El jefe de la Oficina Regional <a href=\"https:\/\/portal.sma.gob.cl\/index.php\/atacama-sma-realiza-presentacion-de-la-estrategia-de-fiscalizacion-2020-para-la-zona-prioritaria-de-huasco-segun-el-programa-para-la-recuperacion-ambiental-y-social-pras\/\">Leer m\u00e1s<\/a><\/p>\n","protected":false},"author":8,"featured_media":20114,"comment_status":"open","ping_status":"open","sticky":false,"template":"","format":"standard","meta":{"footnotes":""},"categories":[90,107],"tags":[],"class_list":["post-20112","post","type-post","status-publish","format-standard","has-post-thumbnail","hentry","category-comunicados-noticias","category-destacado"],"_links":{"self":[{"href":"https:\/\/portal.sma.gob.cl\/index.php\/wp-json\/wp\/v2\/posts\/20112","targetHints":{"allow":["GET"]}}],"collection":[{"href":"https:\/\/portal.sma.gob.cl\/index.php\/wp-json\/wp\/v2\/posts"}],"about":[{"href":"https:\/\/portal.sma.gob.cl\/index.php\/wp-json\/wp\/v2\/types\/post"}],"author":[{"embeddable":true,"href":"https:\/\/portal.sma.gob.cl\/index.php\/wp-json\/wp\/v2\/users\/8"}],"replies":[{"embeddable":true,"href":"https:\/\/portal.sma.gob.cl\/index.php\/wp-json\/wp\/v2\/comments?post=20112"}],"version-history":[{"count":4,"href":"https:\/\/portal.sma.gob.cl\/index.php\/wp-json\/wp\/v2\/posts\/20112\/revisions"}],"predecessor-version":[{"id":20118,"href":"https:\/\/portal.sma.gob.cl\/index.php\/wp-json\/wp\/v2\/posts\/20112\/revisions\/20118"}],"wp:featuredmedia":[{"embeddable":true,"href":"https:\/\/portal.sma.gob.cl\/index.php\/wp-json\/wp\/v2\/media\/20114"}],"wp:attachment":[{"href":"https:\/\/portal.sma.gob.cl\/index.php\/wp-json\/wp\/v2\/media?parent=20112"}],"wp:term":[{"taxonomy":"category","embeddable":true,"href":"https:\/\/portal.sma.gob.cl\/index.php\/wp-json\/wp\/v2\/categories?post=20112"},{"taxonomy":"post_tag","embeddable":true,"href":"https:\/\/portal.sma.gob.cl\/index.php\/wp-json\/wp\/v2\/tags?post=20112"}],"curies":[{"name":"wp","href":"https:\/\/api.w.org\/{rel}","templated":true}]}}