{"id":20139,"date":"2020-03-18T17:33:57","date_gmt":"2020-03-18T20:33:57","guid":{"rendered":"https:\/\/portal.sma.gob.cl\/?p=20139"},"modified":"2020-03-18T17:33:57","modified_gmt":"2020-03-18T20:33:57","slug":"nuble-sma-formula-cargos-contra-planta-faenadora-san-carlos","status":"publish","type":"post","link":"https:\/\/portal.sma.gob.cl\/index.php\/nuble-sma-formula-cargos-contra-planta-faenadora-san-carlos\/","title":{"rendered":"\u00d1uble: SMA formula cargos contra Planta Faenadora San Carlos"},"content":{"rendered":"<p><strong>Por tratamiento irregular e incompleto de sus residuos l\u00edquidos establecidos en su evaluaci\u00f3n ambiental.<\/strong><\/p>\n<p><strong>San Carlos, 18 de marzo de 2020.- <\/strong>La Superintendencia del Medio Ambiente (SMA) formul\u00f3 cargos en contra de Hugo Najle Haye, titular del proyecto: \u201cSistema de Tratamiento de RILes de Empresas H.N Planta Faenadora San Carlos\u201d, instalaci\u00f3n ubicada en la comuna de San Carlos, provincia de \u00d1uble, y que se dedica al faenamiento de animales y porcinos para el consumo humano. El proyecto, que cuenta con la resoluci\u00f3n de calificaci\u00f3n ambiental (RCA) N\u00b0026\/2009, posee un sistema de tratamiento de aguas residuales del faenamiento, y su funcionamiento consiste en el paso de los residuos l\u00edquidos a trav\u00e9s de c\u00e1maras separadoras y c\u00e1maras de almacenamiento, lugar donde s\u00f3lo se hace una decantaci\u00f3n de los s\u00f3lidos.<\/p>\n<p>En base a una actividad de fiscalizaci\u00f3n realizada en marzo de 2017 por funcionarios de la Oficina Regional del Biob\u00edo (*), en conjunto con personal del Servicio Agr\u00edcola y Ganadero (SAG) de dicha regi\u00f3n, y luego de un an\u00e1lisis de dichos antecedentes recabados, esta Superintendencia detect\u00f3 como infracci\u00f3n el no contar con Estanque de homogenizaci\u00f3n del tratamiento primario, ni Sistema de Cloraci\u00f3n del tratamiento secundario, adem\u00e1s de operar con s\u00f3lo uno de los dos biofiltros evaluados ambientalmente.<\/p>\n<p>A lo anterior, se a\u00f1ade el no contar con un control efectivo de moscas, verific\u00e1ndose su proliferaci\u00f3n en la fiscalizaci\u00f3n del 21 de marzo de 2017, adem\u00e1s de no dar cumplimiento, en forma, modo y plazo, al requerimiento de informaci\u00f3n efectuado por la SMA a trav\u00e9s de la Resoluci\u00f3n Exenta D.S.C. N\u00b0 46 de 10 de enero del a\u00f1o 2020.<\/p>\n<p>Las infracciones detectadas, fueron clasificadas como graves por lo que la empresa podr\u00eda ser objeto de revocaci\u00f3n de la RCA, clausura temporal o definitiva, o multa de hasta 5.000 Unidades Tributarias Anuales (UTA) por cada infracci\u00f3n.<\/p>\n<p>Tras la notificaci\u00f3n de esta formulaci\u00f3n de cargos, la Planta Faenadora San Carlos tendr\u00e1 un plazo de 10 d\u00edas h\u00e1biles para presentar un Programa de Cumplimiento (PdC) y de 15 d\u00edas h\u00e1biles para formular sus Descargos respectivos.<\/p>\n<p>Para mayor detalle, acceder a la formulaci\u00f3n de cargos en el Sistema Nacional de Informaci\u00f3n de Fiscalizaci\u00f3n Ambiental (SNIFA): <a href=\"http:\/\/snifa.sma.gob.cl\/v2\/Sancionatorio\/Ficha\/2151\">http:\/\/snifa.sma.gob.cl\/v2\/Sancionatorio\/Ficha\/2151<\/a><\/p>\n<p>&nbsp;<\/p>\n<p>*Hoy la comuna de San Carlos forma parte del territorio de la regi\u00f3n de \u00d1uble.<\/p>\n<h5><\/h5>\n","protected":false},"excerpt":{"rendered":"<p>Por tratamiento irregular e incompleto de sus residuos l\u00edquidos establecidos en su evaluaci\u00f3n ambiental. San Carlos, 18 de marzo de 2020.- La Superintendencia del Medio Ambiente (SMA) formul\u00f3 cargos en contra de Hugo Najle Haye, titular del proyecto: \u201cSistema de Tratamiento de RILes de Empresas H.N Planta Faenadora San Carlos\u201d, instalaci\u00f3n ubicada en la comuna de <a href=\"https:\/\/portal.sma.gob.cl\/index.php\/nuble-sma-formula-cargos-contra-planta-faenadora-san-carlos\/\">Leer m\u00e1s<\/a><\/p>\n","protected":false},"author":8,"featured_media":20140,"comment_status":"open","ping_status":"open","sticky":false,"template":"","format":"standard","meta":{"footnotes":""},"categories":[90,107],"tags":[],"class_list":["post-20139","post","type-post","status-publish","format-standard","has-post-thumbnail","hentry","category-comunicados-noticias","category-destacado"],"_links":{"self":[{"href":"https:\/\/portal.sma.gob.cl\/index.php\/wp-json\/wp\/v2\/posts\/20139","targetHints":{"allow":["GET"]}}],"collection":[{"href":"https:\/\/portal.sma.gob.cl\/index.php\/wp-json\/wp\/v2\/posts"}],"about":[{"href":"https:\/\/portal.sma.gob.cl\/index.php\/wp-json\/wp\/v2\/types\/post"}],"author":[{"embeddable":true,"href":"https:\/\/portal.sma.gob.cl\/index.php\/wp-json\/wp\/v2\/users\/8"}],"replies":[{"embeddable":true,"href":"https:\/\/portal.sma.gob.cl\/index.php\/wp-json\/wp\/v2\/comments?post=20139"}],"version-history":[{"count":3,"href":"https:\/\/portal.sma.gob.cl\/index.php\/wp-json\/wp\/v2\/posts\/20139\/revisions"}],"predecessor-version":[{"id":20143,"href":"https:\/\/portal.sma.gob.cl\/index.php\/wp-json\/wp\/v2\/posts\/20139\/revisions\/20143"}],"wp:featuredmedia":[{"embeddable":true,"href":"https:\/\/portal.sma.gob.cl\/index.php\/wp-json\/wp\/v2\/media\/20140"}],"wp:attachment":[{"href":"https:\/\/portal.sma.gob.cl\/index.php\/wp-json\/wp\/v2\/media?parent=20139"}],"wp:term":[{"taxonomy":"category","embeddable":true,"href":"https:\/\/portal.sma.gob.cl\/index.php\/wp-json\/wp\/v2\/categories?post=20139"},{"taxonomy":"post_tag","embeddable":true,"href":"https:\/\/portal.sma.gob.cl\/index.php\/wp-json\/wp\/v2\/tags?post=20139"}],"curies":[{"name":"wp","href":"https:\/\/api.w.org\/{rel}","templated":true}]}}