{"id":20206,"date":"2020-03-23T17:19:47","date_gmt":"2020-03-23T20:19:47","guid":{"rendered":"https:\/\/portal.sma.gob.cl\/?p=20206"},"modified":"2020-03-25T13:31:15","modified_gmt":"2020-03-25T16:31:15","slug":"sma-determina-suspension-de-plazos-en-procedimientos-de-fiscalizacion-y-sancion","status":"publish","type":"post","link":"https:\/\/portal.sma.gob.cl\/index.php\/sma-determina-suspension-de-plazos-en-procedimientos-de-fiscalizacion-y-sancion\/","title":{"rendered":"SMA establece nuevos plazos en los procedimientos de sanci\u00f3n ante pandemia del coronavirus"},"content":{"rendered":"<p><strong>La Superintendencia de Medio Ambiente ampli\u00f3 al 31 de marzo el plazo a los titulares para diversas medidas administrativas y requerimientos de informaci\u00f3n en curso. \u201cA pesar de la contingencia seguiremos desplegando nuestras atribuciones en todo el pa\u00eds, atendiendo as\u00ed los requerimientos ciudadanos como corresponde, de acuerdo a una planificaci\u00f3n especialmente creada para el contexto del brote del coronavirus\u201d, asegur\u00f3 el superintendente De La Maza.<\/strong><\/p>\n<p><strong>Santiago, 23 de marzo de 2020.-<\/strong> En el contexto del brote de coronavirus (COVID-19) y de las distintas medidas que a nivel pa\u00eds se han adoptado para evitar nuevas situaciones de contagio, el superintendente del Medio Ambiente (SMA), Crist\u00f3bal De La Maza, estableci\u00f3 nuevos plazos en los procedimientos de sanci\u00f3n a los titulares.<\/p>\n<p>Es importante recalcar que dicha ampliaci\u00f3n busca resguardar los derechos defensa de los titulares, y el derecho a realizar distintas alegaciones de los denunciantes y otros interesados que requieran hacer presentaciones dentro de los procedimientos de fiscalizaci\u00f3n y sanci\u00f3n.<\/p>\n<p>En ese sentido el superintendente De La Maza recalc\u00f3 que \u201cla SMA, a pesar de la contingencia, seguir\u00e1 desplegando sus atribuciones en todo el pa\u00eds, atendiendo as\u00ed los requerimientos ciudadanos como corresponde, de acuerdo a una planificaci\u00f3n especialmente creada para el contexto del brote del coronavirus\u201d.<\/p>\n<p>La resoluci\u00f3n exenta N\u00b0 518\/2020 ampl\u00eda al 31 de marzo los plazos administrativos conferidos para el cumplimiento de medidas, requerimientos de informaci\u00f3n y cualquier otra actuaci\u00f3n desarrollada en el marco de otros procedimientos administrativos derivados del ejercicio de las potestades. Cabe se\u00f1alar que las medidas se extender\u00e1n desde el 23 de marzo de 2020 hasta el d\u00eda 31 del mismo mes, ambas fechas inclusive.<\/p>\n<p>Se destaca tambi\u00e9n que dicha suspensi\u00f3n no afecta el cumplimiento de otro tipo de deberes y obligaciones ambientales, para cual se deber\u00e1 tener presente lo indicado por la SMA en la resoluci\u00f3n exenta 497, de 19 de marzo de 2020. Para conocer m\u00e1s detalle, descargar Res Ex N\u00b0 518\/2020.<\/p>\n<p><strong><a href=\"https:\/\/portal.sma.gob.cl\/index.php\/download\/resolucion-518-sma\/?wpdmdl=20209&amp;masterkey=5e791942890a8\">Para conocer m\u00e1s detalle, descargar Res Ex N\u00b0 518\/2020.<\/a><\/strong><\/p>\n","protected":false},"excerpt":{"rendered":"<p>La Superintendencia de Medio Ambiente ampli\u00f3 al 31 de marzo el plazo a los titulares para diversas medidas administrativas y requerimientos de informaci\u00f3n en curso. \u201cA pesar de la contingencia seguiremos desplegando nuestras atribuciones en todo el pa\u00eds, atendiendo as\u00ed los requerimientos ciudadanos como corresponde, de acuerdo a una planificaci\u00f3n especialmente creada para el contexto del <a href=\"https:\/\/portal.sma.gob.cl\/index.php\/sma-determina-suspension-de-plazos-en-procedimientos-de-fiscalizacion-y-sancion\/\">Leer m\u00e1s<\/a><\/p>\n","protected":false},"author":8,"featured_media":20208,"comment_status":"open","ping_status":"open","sticky":false,"template":"","format":"standard","meta":{"footnotes":""},"categories":[90,107],"tags":[],"class_list":["post-20206","post","type-post","status-publish","format-standard","has-post-thumbnail","hentry","category-comunicados-noticias","category-destacado"],"_links":{"self":[{"href":"https:\/\/portal.sma.gob.cl\/index.php\/wp-json\/wp\/v2\/posts\/20206","targetHints":{"allow":["GET"]}}],"collection":[{"href":"https:\/\/portal.sma.gob.cl\/index.php\/wp-json\/wp\/v2\/posts"}],"about":[{"href":"https:\/\/portal.sma.gob.cl\/index.php\/wp-json\/wp\/v2\/types\/post"}],"author":[{"embeddable":true,"href":"https:\/\/portal.sma.gob.cl\/index.php\/wp-json\/wp\/v2\/users\/8"}],"replies":[{"embeddable":true,"href":"https:\/\/portal.sma.gob.cl\/index.php\/wp-json\/wp\/v2\/comments?post=20206"}],"version-history":[{"count":7,"href":"https:\/\/portal.sma.gob.cl\/index.php\/wp-json\/wp\/v2\/posts\/20206\/revisions"}],"predecessor-version":[{"id":20246,"href":"https:\/\/portal.sma.gob.cl\/index.php\/wp-json\/wp\/v2\/posts\/20206\/revisions\/20246"}],"wp:featuredmedia":[{"embeddable":true,"href":"https:\/\/portal.sma.gob.cl\/index.php\/wp-json\/wp\/v2\/media\/20208"}],"wp:attachment":[{"href":"https:\/\/portal.sma.gob.cl\/index.php\/wp-json\/wp\/v2\/media?parent=20206"}],"wp:term":[{"taxonomy":"category","embeddable":true,"href":"https:\/\/portal.sma.gob.cl\/index.php\/wp-json\/wp\/v2\/categories?post=20206"},{"taxonomy":"post_tag","embeddable":true,"href":"https:\/\/portal.sma.gob.cl\/index.php\/wp-json\/wp\/v2\/tags?post=20206"}],"curies":[{"name":"wp","href":"https:\/\/api.w.org\/{rel}","templated":true}]}}