{"id":20281,"date":"2020-03-31T18:52:40","date_gmt":"2020-03-31T21:52:40","guid":{"rendered":"https:\/\/portal.sma.gob.cl\/?p=20281"},"modified":"2020-04-01T18:25:50","modified_gmt":"2020-04-01T21:25:50","slug":"sma-extiende-suspension-de-plazos-para-el-ejercicio-de-derechos-en-procedimientos-ante-pandemia-del-coronavirus","status":"publish","type":"post","link":"https:\/\/portal.sma.gob.cl\/index.php\/sma-extiende-suspension-de-plazos-para-el-ejercicio-de-derechos-en-procedimientos-ante-pandemia-del-coronavirus\/","title":{"rendered":"SMA extiende suspensi\u00f3n de plazos para el ejercicio de derechos en procedimientos ante pandemia del coronavirus"},"content":{"rendered":"<p><strong>Dicha medida fue tomada con el fin de resguardar el adecuado ejercicio de los derechos de titulares, denunciantes y dem\u00e1s intervinientes en los procedimientos, pero en un escenario donde la SMA seguir\u00e1 ejerciendo sus potestades en todo el pa\u00eds bajo un programa especial de despliegue en el contexto del brote de COVID-19. <\/strong><\/p>\n<p><strong>Santiago, 31 de marzo de 2020.- <\/strong>En el contexto del brote de coronavirus (COVID-19) y de las distintas medidas que a nivel pa\u00eds se han adoptado para evitar nuevas situaciones de contagio, el superintendente del Medio Ambiente (SMA), Crist\u00f3bal De La Maza, extendi\u00f3 el plazo para el ejercicio de derechos en procedimientos de sanci\u00f3n contenida en la resoluci\u00f3n exenta N\u00b0 518\/2020.<\/p>\n<p>Es importante recalcar que extensi\u00f3n por siete d\u00edas busca resguardar los derechos defensa de los titulares, y el derecho a realizar distintas alegaciones de los denunciantes y otros interesados que requieran hacer presentaciones dentro de los procedimientos de fiscalizaci\u00f3n y sanci\u00f3n.<\/p>\n<p>De este modo, la resoluci\u00f3n exenta N\u00b0 548\/2020 ampl\u00eda hasta el d\u00eda 7 de abril de 2020 los plazos administrativos conferidos para el cumplimiento de medidas, requerimientos de informaci\u00f3n y cualquier otra actuaci\u00f3n desarrollada en el marco de otros procedimientos administrativos derivados del ejercicio de las potestades.<\/p>\n<p>Se destaca tambi\u00e9n que dicha suspensi\u00f3n no afecta el cumplimiento de otro tipo de deberes y obligaciones ambientales, para cual se deber\u00e1 tener presente lo indicado por la SMA en la resoluci\u00f3n exenta 497, de 19 de marzo de 2020. Tampoco afecta el ejercicio de las potestades de la SMA, que se seguir\u00e1n desplegando en todo el pa\u00eds bajo un programa especialmente creado para el contexto de COVID-19.<\/p>\n<p>En ese sentido el superintendente De La Maza recalc\u00f3 que \u201cla SMA, a pesar de la contingencia, seguir\u00e1 desplegando sus atribuciones en todo el pa\u00eds, atendiendo as\u00ed los requerimientos ciudadanos como corresponde, de acuerdo a una planificaci\u00f3n especialmente creada para el contexto del brote del coronavirus\u201d.<\/p>\n<p>Para conocer m\u00e1s detalles, descargar Res. Ex. N\u00b0 548\/2020.<\/p>\n<div class='w3eden'><!-- WPDM Link Template: Call to Action 3 -->\n\n<div class=\"well c2a3\">\n    <div class=\"media\">\n        <div class=\"mr-3\" align=\"left\">\n            <img decoding=\"async\" class=\"wpdm_icon\" alt=\"\u00cdcono\" src=\"https:\/\/portal.sma.gob.cl\/wp-content\/plugins\/download-manager\/assets\/file-type-icons\/pdf.svg\" \/>\n        <\/div>\n        <div class=\"media-body\">\n            <h3 class=\"media-heading\" style=\"padding-top: 0px;border:0px;margin: 0 0 5px 0;font-size:12pt;\">\n                <a style=\"font-weight: 700\" href=\"https:\/\/portal.sma.gob.cl\/index.php\/download\/resolucion-exenta-n548-2020\/\">Resoluci\u00f3n Exenta N\u00b0548\/2020<\/a>\n                <span style=\"font-size:8pt;font-weight:300\" class=\"text-muted ml-4\">\n                    <i class=\"fas fa-hdd mr-1\"><\/i> 733.79 KB\n                    <i class=\"ml-3 far fa-arrow-alt-circle-down mr-1\"><\/i> 254 downloads\n                <\/span>\n            <\/h3>\n            ...\n        <\/div>\n        <div class=\"ml-3\" align=\"right\">\n            <a class='wpdm-download-link download-on-click btn btn-primary btn-sm' rel='nofollow' href='#' data-downloadurl=\"https:\/\/portal.sma.gob.cl\/index.php\/download\/resolucion-exenta-n548-2020\/?wpdmdl=20280&refresh=69ef3f969b4021777287062\">Descargar<\/a>\n        <\/div>\n    <\/div>\n\n<\/div>\n<style>\n    .well.c2a3 .btn {\n        padding: 11px 30px;\n        font-size: 11pt;\n    }\n\n    .well.c2a3 .media-body {\n        font-size: 11pt;\n    }\n\n    .well.c2a3 .wpdm_icon {\n        height: 42px;\n        width: auto;\n    }<\/style>\n<\/div>\n","protected":false},"excerpt":{"rendered":"<p>Dicha medida fue tomada con el fin de resguardar el adecuado ejercicio de los derechos de titulares, denunciantes y dem\u00e1s intervinientes en los procedimientos, pero en un escenario donde la SMA seguir\u00e1 ejerciendo sus potestades en todo el pa\u00eds bajo un programa especial de despliegue en el contexto del brote de COVID-19. Santiago, 31 de marzo <a href=\"https:\/\/portal.sma.gob.cl\/index.php\/sma-extiende-suspension-de-plazos-para-el-ejercicio-de-derechos-en-procedimientos-ante-pandemia-del-coronavirus\/\">Leer m\u00e1s<\/a><\/p>\n","protected":false},"author":8,"featured_media":20208,"comment_status":"open","ping_status":"open","sticky":false,"template":"","format":"standard","meta":{"footnotes":""},"categories":[90,107],"tags":[],"class_list":["post-20281","post","type-post","status-publish","format-standard","has-post-thumbnail","hentry","category-comunicados-noticias","category-destacado"],"_links":{"self":[{"href":"https:\/\/portal.sma.gob.cl\/index.php\/wp-json\/wp\/v2\/posts\/20281","targetHints":{"allow":["GET"]}}],"collection":[{"href":"https:\/\/portal.sma.gob.cl\/index.php\/wp-json\/wp\/v2\/posts"}],"about":[{"href":"https:\/\/portal.sma.gob.cl\/index.php\/wp-json\/wp\/v2\/types\/post"}],"author":[{"embeddable":true,"href":"https:\/\/portal.sma.gob.cl\/index.php\/wp-json\/wp\/v2\/users\/8"}],"replies":[{"embeddable":true,"href":"https:\/\/portal.sma.gob.cl\/index.php\/wp-json\/wp\/v2\/comments?post=20281"}],"version-history":[{"count":3,"href":"https:\/\/portal.sma.gob.cl\/index.php\/wp-json\/wp\/v2\/posts\/20281\/revisions"}],"predecessor-version":[{"id":20295,"href":"https:\/\/portal.sma.gob.cl\/index.php\/wp-json\/wp\/v2\/posts\/20281\/revisions\/20295"}],"wp:featuredmedia":[{"embeddable":true,"href":"https:\/\/portal.sma.gob.cl\/index.php\/wp-json\/wp\/v2\/media\/20208"}],"wp:attachment":[{"href":"https:\/\/portal.sma.gob.cl\/index.php\/wp-json\/wp\/v2\/media?parent=20281"}],"wp:term":[{"taxonomy":"category","embeddable":true,"href":"https:\/\/portal.sma.gob.cl\/index.php\/wp-json\/wp\/v2\/categories?post=20281"},{"taxonomy":"post_tag","embeddable":true,"href":"https:\/\/portal.sma.gob.cl\/index.php\/wp-json\/wp\/v2\/tags?post=20281"}],"curies":[{"name":"wp","href":"https:\/\/api.w.org\/{rel}","templated":true}]}}