{"id":20308,"date":"2020-04-02T17:38:01","date_gmt":"2020-04-02T20:38:01","guid":{"rendered":"https:\/\/portal.sma.gob.cl\/?p=20308"},"modified":"2020-04-02T17:38:01","modified_gmt":"2020-04-02T20:38:01","slug":"se-inicia-gestion-de-episodios-criticos-sma-exige-a-organismos-publicos-y-establecimientos-comerciales-catastrar-todos-sus-equipos-de-calefaccion","status":"publish","type":"post","link":"https:\/\/portal.sma.gob.cl\/index.php\/se-inicia-gestion-de-episodios-criticos-sma-exige-a-organismos-publicos-y-establecimientos-comerciales-catastrar-todos-sus-equipos-de-calefaccion\/","title":{"rendered":"Se inicia gesti\u00f3n de episodios cr\u00edticos: SMA exige a organismos p\u00fablicos y establecimientos comerciales catastrar todos sus equipos de calefacci\u00f3n"},"content":{"rendered":"<p><strong>Entre las regiones de O\u2019Higgins y Ays\u00e9n se proh\u00edbe desde hoy el uso de calefactores a le\u00f1a en establecimientos p\u00fablicos y privados, como una manera de contribuir a reducir la contaminaci\u00f3n atmosf\u00e9rica. La informaci\u00f3n del detalle de los equipos de calefacci\u00f3n se debe subir al sitio www.portal.sma.gob.cl.<\/strong><\/p>\n<p><strong>Santiago, 02 de abril de 2020<\/strong><\/p>\n<p>El Diario Oficial public\u00f3 la resoluci\u00f3n exenta 498 del superintendente de Medio Ambiente, Crist\u00f3bal De La Maza, que dicta las instrucciones de car\u00e1cter general sobre el procedimiento y plazo para que los organismos de la administraci\u00f3n del Estado, municipales y titulares de establecimientos comerciales, afectos a planes de prevenci\u00f3n y\/o descontaminaci\u00f3n atmosf\u00e9rica (PDA), informen sobre la tenencia y caracter\u00edsticas de artefactos de calefacci\u00f3n en sus dependencias.<\/p>\n<p>Los PDA contemplan una serie de medidas de control, cuya finalidad es recuperar los niveles establecidos en las normas de calidad ambiental que correspondan, con el objeto de resguardar la salud de la poblaci\u00f3n.<br \/>\nEntre las regiones de O\u00b4Higgins y Ays\u00e9n m\u00e1s del 74% de los hogares ocupan la le\u00f1a como combustible para la calefacci\u00f3n, muchas veces con un alto contenido de humedad y en calefactores que son poco eficientes.<\/p>\n<p>Es por ello que la instrucci\u00f3n del superintendente aplica a los sujetos regulados afectos a los planes de descontaminaci\u00f3n del Valle Central de O\u00b4Higgins, Talca y Maule, Chill\u00e1n y Chill\u00e1n Viejo, Temuco y Padre Las Casas, Osorno, Valdivia y Coyhaique, donde la fiscalizaci\u00f3n y sanci\u00f3n de la medida corresponde a la Superintendencia del Medio Ambiente.<\/p>\n<p>La resoluci\u00f3n establece que los titulares p\u00fablicos y privados deben ingresar la siguiente informaci\u00f3n en la p\u00e1gina web de la SMA: datos del establecimiento y del artefacto de calefacci\u00f3n utilizado (tipo de artefacto, marca, modelo, a\u00f1o de fabricaci\u00f3n, tipo de combustible), y fecha potencial de reemplazo del artefacto a le\u00f1a.<\/p>\n<p>Los PDA establecen la prohibici\u00f3n del uso de calefactores a le\u00f1a, y\/o bien el reemplazo de los actuales equipos de calefacci\u00f3n de este mismo material por artefactos que utilicen otros combustibles menos contaminantes.<\/p>\n<p>En caso de utilizar calefactores a le\u00f1a, los titulares deben indicar la fecha en que se reemplaz\u00f3 el artefacto de calefacci\u00f3n o la fecha en que se reemplazar\u00e1. Tambi\u00e9n deber\u00e1n informar la fecha y tipo de artefacto que reemplaz\u00f3 o reemplazar\u00e1 al calefactor a le\u00f1a.<\/p>\n<p>La informaci\u00f3n se debe subir al sitio www.portal.sma.gob.cl, secci\u00f3n Regulados y luego se selecciona \u201cCatastro de artefactos de calefacci\u00f3n en establecimientos de comerciales y de administraci\u00f3n del Estado\u201d. El plazo para completar dicho formulario es el 31 de mayo pr\u00f3ximo.<\/p>\n<p><a href=\"https:\/\/portal.sma.gob.cl\/index.php\/catastro-de-artefactos-de-calefaccion-y-fecha-de-reemplazo-de-calefactores-a-lena\/\"><strong>Para acceder al catastro pinche aqu\u00ed<\/strong><\/a><\/p>\n","protected":false},"excerpt":{"rendered":"<p>Entre las regiones de O\u2019Higgins y Ays\u00e9n se proh\u00edbe desde hoy el uso de calefactores a le\u00f1a en establecimientos p\u00fablicos y privados, como una manera de contribuir a reducir la contaminaci\u00f3n atmosf\u00e9rica. La informaci\u00f3n del detalle de los equipos de calefacci\u00f3n se debe subir al sitio www.portal.sma.gob.cl. Santiago, 02 de abril de 2020 El Diario Oficial <a href=\"https:\/\/portal.sma.gob.cl\/index.php\/se-inicia-gestion-de-episodios-criticos-sma-exige-a-organismos-publicos-y-establecimientos-comerciales-catastrar-todos-sus-equipos-de-calefaccion\/\">Leer m\u00e1s<\/a><\/p>\n","protected":false},"author":2,"featured_media":18475,"comment_status":"open","ping_status":"open","sticky":false,"template":"","format":"standard","meta":{"footnotes":""},"categories":[94],"tags":[],"class_list":["post-20308","post","type-post","status-publish","format-standard","has-post-thumbnail","hentry","category-notas-noticias"],"_links":{"self":[{"href":"https:\/\/portal.sma.gob.cl\/index.php\/wp-json\/wp\/v2\/posts\/20308","targetHints":{"allow":["GET"]}}],"collection":[{"href":"https:\/\/portal.sma.gob.cl\/index.php\/wp-json\/wp\/v2\/posts"}],"about":[{"href":"https:\/\/portal.sma.gob.cl\/index.php\/wp-json\/wp\/v2\/types\/post"}],"author":[{"embeddable":true,"href":"https:\/\/portal.sma.gob.cl\/index.php\/wp-json\/wp\/v2\/users\/2"}],"replies":[{"embeddable":true,"href":"https:\/\/portal.sma.gob.cl\/index.php\/wp-json\/wp\/v2\/comments?post=20308"}],"version-history":[{"count":1,"href":"https:\/\/portal.sma.gob.cl\/index.php\/wp-json\/wp\/v2\/posts\/20308\/revisions"}],"predecessor-version":[{"id":20309,"href":"https:\/\/portal.sma.gob.cl\/index.php\/wp-json\/wp\/v2\/posts\/20308\/revisions\/20309"}],"wp:featuredmedia":[{"embeddable":true,"href":"https:\/\/portal.sma.gob.cl\/index.php\/wp-json\/wp\/v2\/media\/18475"}],"wp:attachment":[{"href":"https:\/\/portal.sma.gob.cl\/index.php\/wp-json\/wp\/v2\/media?parent=20308"}],"wp:term":[{"taxonomy":"category","embeddable":true,"href":"https:\/\/portal.sma.gob.cl\/index.php\/wp-json\/wp\/v2\/categories?post=20308"},{"taxonomy":"post_tag","embeddable":true,"href":"https:\/\/portal.sma.gob.cl\/index.php\/wp-json\/wp\/v2\/tags?post=20308"}],"curies":[{"name":"wp","href":"https:\/\/api.w.org\/{rel}","templated":true}]}}