{"id":20318,"date":"2020-04-06T14:26:37","date_gmt":"2020-04-06T18:26:37","guid":{"rendered":"https:\/\/portal.sma.gob.cl\/?p=20318"},"modified":"2020-04-06T14:26:37","modified_gmt":"2020-04-06T18:26:37","slug":"maule-sma-formula-cargos-contra-industrias-vinicas-s-a","status":"publish","type":"post","link":"https:\/\/portal.sma.gob.cl\/index.php\/maule-sma-formula-cargos-contra-industrias-vinicas-s-a\/","title":{"rendered":"Maule: SMA formula cargos contra Industrias V\u00ednicas S.A."},"content":{"rendered":"<p><strong>Los cargos responden a olores molestos percibidos por la comunidad y que seg\u00fan las fiscalizaciones ser\u00edan generados por procesos propios de la empresa.<\/strong><\/p>\n<p><strong>Talca, 6 de abril de 2020.- <\/strong>La Superintendencia del Medio Ambiente (SMA) formul\u00f3 cargos en contra de Industrias V\u00ednicas S.A., titular de la unidad fiscalizable denominada \u201cIndustrias V\u00ednicas Planta Teno\u201d ubicada en el Km. 6 Ruta J-415, Sector Los Lagartos, comuna de Teno, Regi\u00f3n del Maule, tras varias denuncias ciudadanas por malos olores en la zona.<\/p>\n<p>Seg\u00fan explic\u00f3 la jefa regional de la SMA Mariela Valenzuela, los antecedentes se obtuvieron de fiscalizaciones producto de denuncias, as\u00ed como de antecedentes remitidos por los organismos sectoriales, y sumados a un informe de olfatometr\u00eda, elaborado por parte de ESS Consultores, los que permitieron a la SMA ordenar medidas provisionales en contra de la empresa.<\/p>\n<p>A\u00f1adi\u00f3 que los cargos se debieron a que la cancha de disposici\u00f3n de orujos no se encuentra cubierta completamente, excediendo la cantidad de compost generado respecto de lo establecido en las RCAs para los per\u00edodos 2017 y 2018, el cual no es agregado al terreno en forma inmediata por la planta.<\/p>\n<p>A lo anterior, se a\u00f1ade la superaci\u00f3n de algunos l\u00edmites establecidos en la NCh N\u00b0 1.333 Of. 78, para los par\u00e1metros cloruro, conductividad espec\u00edfica, s\u00f3lidos disueltos totales y sulfatos, en monitoreo efectuado el d\u00eda 30 de julio de 2019, en la piscina de acumulaci\u00f3n de riles, previo a su disposici\u00f3n en riego. Finalmente, el titular realiz\u00f3 an\u00e1lisis de compost mediante laboratorio que no se encuentra acreditado como Entidad T\u00e9cnica de Fiscalizaci\u00f3n Ambiental (ETFA).<\/p>\n<p>Las infracciones detectadas, fueron clasificadas como graves y leves por lo que la empresa podr\u00eda ser objeto de revocaci\u00f3n de la RCA, clausura temporal o definitiva, o multa de hasta 5.000 Unidades Tributarias Anuales (UTA) por cada infracci\u00f3n grave, y 1.000 UTA por cada leve.<\/p>\n<p>Tras la notificaci\u00f3n de esta formulaci\u00f3n de cargos, Industrias V\u00ednicas S.A. tendr\u00e1 un plazo de 10 d\u00edas h\u00e1biles para presentar un Programa de Cumplimiento (PdC) y de 15 d\u00edas h\u00e1biles para formular sus descargos respectivos.<\/p>\n<p>Cabe se\u00f1alar que el proyecto, cuenta con Resoluciones de Calificaci\u00f3n Ambiental para una Planta de Producci\u00f3n de Tartrato de Calcio Inquivid Ltda. (RCA N\u00b064\/2000), Sistema de Depuraci\u00f3n de los Residuos Industriales L\u00edquidos de Industrias V\u00ednicas S.A. (RCA N\u00b0121\/2001; Proyecto de Modificaci\u00f3n Planta de Producci\u00f3n de Tartrato de Calcio Industrias V\u00ednicas S.A. (RCA \u00b0110\/2005); Ampliaci\u00f3n del Proyecto Modificaci\u00f3n del Sistema de Tratamiento de Riles Industrias V\u00ednicas S.A. Planta Teno (RCA N\u00b0 453\/2006); y Optimizaci\u00f3n Planta V\u00ednicas \u2013 Teno (RCA N\u00b0 22\/2015).<\/p>\n<p>Para mayor detalle, acceder a la formulaci\u00f3n de cargos en el Sistema Nacional de Informaci\u00f3n de Fiscalizaci\u00f3n Ambiental (SNIFA): <a href=\"http:\/\/snifa.sma.gob.cl\/v2\/Sancionatorio\/Ficha\/2177\">http:\/\/snifa.sma.gob.cl\/v2\/Sancionatorio\/Ficha\/2177<\/a><\/p>\n","protected":false},"excerpt":{"rendered":"<p>Los cargos responden a olores molestos percibidos por la comunidad y que seg\u00fan las fiscalizaciones ser\u00edan generados por procesos propios de la empresa. Talca, 6 de abril de 2020.- La Superintendencia del Medio Ambiente (SMA) formul\u00f3 cargos en contra de Industrias V\u00ednicas S.A., titular de la unidad fiscalizable denominada \u201cIndustrias V\u00ednicas Planta Teno\u201d ubicada en el <a href=\"https:\/\/portal.sma.gob.cl\/index.php\/maule-sma-formula-cargos-contra-industrias-vinicas-s-a\/\">Leer m\u00e1s<\/a><\/p>\n","protected":false},"author":8,"featured_media":20317,"comment_status":"open","ping_status":"open","sticky":false,"template":"","format":"standard","meta":{"footnotes":""},"categories":[90,107],"tags":[],"class_list":["post-20318","post","type-post","status-publish","format-standard","has-post-thumbnail","hentry","category-comunicados-noticias","category-destacado"],"_links":{"self":[{"href":"https:\/\/portal.sma.gob.cl\/index.php\/wp-json\/wp\/v2\/posts\/20318","targetHints":{"allow":["GET"]}}],"collection":[{"href":"https:\/\/portal.sma.gob.cl\/index.php\/wp-json\/wp\/v2\/posts"}],"about":[{"href":"https:\/\/portal.sma.gob.cl\/index.php\/wp-json\/wp\/v2\/types\/post"}],"author":[{"embeddable":true,"href":"https:\/\/portal.sma.gob.cl\/index.php\/wp-json\/wp\/v2\/users\/8"}],"replies":[{"embeddable":true,"href":"https:\/\/portal.sma.gob.cl\/index.php\/wp-json\/wp\/v2\/comments?post=20318"}],"version-history":[{"count":1,"href":"https:\/\/portal.sma.gob.cl\/index.php\/wp-json\/wp\/v2\/posts\/20318\/revisions"}],"predecessor-version":[{"id":20319,"href":"https:\/\/portal.sma.gob.cl\/index.php\/wp-json\/wp\/v2\/posts\/20318\/revisions\/20319"}],"wp:featuredmedia":[{"embeddable":true,"href":"https:\/\/portal.sma.gob.cl\/index.php\/wp-json\/wp\/v2\/media\/20317"}],"wp:attachment":[{"href":"https:\/\/portal.sma.gob.cl\/index.php\/wp-json\/wp\/v2\/media?parent=20318"}],"wp:term":[{"taxonomy":"category","embeddable":true,"href":"https:\/\/portal.sma.gob.cl\/index.php\/wp-json\/wp\/v2\/categories?post=20318"},{"taxonomy":"post_tag","embeddable":true,"href":"https:\/\/portal.sma.gob.cl\/index.php\/wp-json\/wp\/v2\/tags?post=20318"}],"curies":[{"name":"wp","href":"https:\/\/api.w.org\/{rel}","templated":true}]}}