{"id":20329,"date":"2020-04-07T18:28:47","date_gmt":"2020-04-07T22:28:47","guid":{"rendered":"https:\/\/portal.sma.gob.cl\/?p=20329"},"modified":"2020-04-07T18:30:26","modified_gmt":"2020-04-07T22:30:26","slug":"sma-instruye-medidas-provisionales-a-vina-terrapura-en-ohiggins-por-riesgo-ambiental","status":"publish","type":"post","link":"https:\/\/portal.sma.gob.cl\/index.php\/sma-instruye-medidas-provisionales-a-vina-terrapura-en-ohiggins-por-riesgo-ambiental\/","title":{"rendered":"SMA instruye medidas provisionales a vi\u00f1a Terrapura en O\u2019Higgins por riesgo ambiental"},"content":{"rendered":"<p><strong>Acciones se adoptaron tras recibir denuncias de la Ilustre Municipalidad de Malloa por presunta descarga de residuos l\u00edquidos, malos olores y la muerte de peces en el cauce del estero Rigolemu. <\/strong><br \/>\n<strong>Santiago, 07 de abril de 2020.-<\/strong><\/p>\n<p>El superintendente del Medio Ambiente, Crist\u00f3bal De La Maza, orden\u00f3 una serie de medidas provisionales pre-procedimentales en contra de Matetic Wine Group S.A., titular de la \u201cPlanta Vitivin\u00edcola Vi\u00f1a Terrapura S.A.\u201d, ubicada en la comuna de San Fernando, Regi\u00f3n de O\u2019Higgins, debido al potencial da\u00f1o que puede generar al medio ambiente y a la salud de las personas.<\/p>\n<p>El proyecto fiscalizado consiste en una bodega de vinos de propiedad de Matetic Wine Group S.A., destinada a la producci\u00f3n de vino, la que procesa 2.000.000 de kilos de uva, lo que equivale a 1.500.000 Litros de vino en forma anual.<\/p>\n<p>Los fiscalizadores de la SMA de la Regi\u00f3n de O\u00b4Higgins detectaron diversos incumplimientos ambientales tras realizar inspecciones en terreno, entre los que destacan una deficiente operaci\u00f3n de la planta de tratamiento de residuos l\u00edquidos (Riles) de la empresa y su sistema de riego, producto del aumento en la producci\u00f3n de vino en un 300% respecto de lo autorizado.<\/p>\n<p>Lo anterior ha generado escurrimiento de Riles al suelo y hacia cursos de agua superficial, as\u00ed como malos olores en las localidades cercanas a la instalaci\u00f3n, situaciones que hacen que se genere un riesgo de da\u00f1o al medio ambiente y a la salud de las personas.<\/p>\n<p>A trav\u00e9s de resoluci\u00f3n exenta N\u00b0 565 de 6 de abril, el superintendente determin\u00f3 diversas medidas y advierti\u00f3 que, debido a los problemas de escasez de agua en la zona, un escurrimiento a un curso superficial generar\u00eda una r\u00e1pida afectaci\u00f3n del mismo, debido a su capacidad de diluci\u00f3n disminuida y a las altas temperaturas, generando un foco de malos olores y aumento de vectores, lo cual impactar\u00eda en un corto plazo a la poblaci\u00f3n localizada en las cercan\u00edas de la unidad fiscalizable.<\/p>\n<p>La poblaci\u00f3n m\u00e1s cercana se ubica aproximadamente a 700 metros de la vi\u00f1a Terrapura, mientras que la localidad de Pelequ\u00e9n, perteneciente a la comuna de Malloa, se ubica a unos 1,5 kil\u00f3metros.<br \/>\nLa inspecci\u00f3n se realiz\u00f3 tras recibir denuncias de la Ilustre Municipalidad de Malloa por presunta descarga de residuos l\u00edquidos, malos olores y la muerte de peces en el cauce del estero Rigolemu. Adem\u00e1s, un sumario sanitario de la Seremi de Salud detect\u00f3 escurrimientos de Riles de la planta de tratamiento de la empresa.<\/p>\n<p><strong>Las medidas provisionales<\/strong><\/p>\n<p>Las medidas provisionales ordenadas por la resoluci\u00f3n 565 obligan a la empresa a informar de manera diaria el volumen de riles generado durante el proceso productivo previo env\u00edo al sistema de tratamiento; el volumen aproximado de vino producidos; los kilos de uvas procesadas; el registro de caudal\u00edmetro instalado al inicio del sistema de tratamiento; y el n\u00famero de hect\u00e1reas utilizadas para disposici\u00f3n, las cuales se deben limitar exclusivamente al \u00e1rea autorizada en el Plan de Aplicaci\u00f3n.<\/p>\n<p>Adicionalmente, el titular deber\u00e1 acumular la totalidad de los riles generados en camiones aljibes estancos y no podr\u00e1 utilizar efluente en riego durante la vigencia de las presentes medidas, que durar\u00e1n 15 d\u00edas.<br \/>\nLa resoluci\u00f3n establece que las medidas provisionales pre-procedimentales decretadas \u201cresultan absolutamente proporcionales al tipo de infracciones cometidas\u201d.<\/p>\n<p><strong>Comunicaciones-sma@sma.gob.cl<\/strong><br \/>\nFijo: +56 22 6171822<br \/>\nCelular: +56975876707<br \/>\nTeatinos 280, Piso 9, Santiago, Chile<br \/>\nwww.sma.gob.cl<\/p>\n<p><img decoding=\"async\" class=\"alignnone size-medium wp-image-20328\" src=\"https:\/\/portal.sma.gob.cl\/wp-content\/uploads\/2020\/04\/WhatsApp-Image-2020-04-07-at-14.25.54-300x224.jpeg\" alt=\"\" width=\"300\" height=\"224\" srcset=\"https:\/\/portal.sma.gob.cl\/wp-content\/uploads\/2020\/04\/WhatsApp-Image-2020-04-07-at-14.25.54-200x149.jpeg 200w, https:\/\/portal.sma.gob.cl\/wp-content\/uploads\/2020\/04\/WhatsApp-Image-2020-04-07-at-14.25.54-300x224.jpeg 300w, https:\/\/portal.sma.gob.cl\/wp-content\/uploads\/2020\/04\/WhatsApp-Image-2020-04-07-at-14.25.54-400x299.jpeg 400w, https:\/\/portal.sma.gob.cl\/wp-content\/uploads\/2020\/04\/WhatsApp-Image-2020-04-07-at-14.25.54-600x448.jpeg 600w, https:\/\/portal.sma.gob.cl\/wp-content\/uploads\/2020\/04\/WhatsApp-Image-2020-04-07-at-14.25.54-768x574.jpeg 768w, https:\/\/portal.sma.gob.cl\/wp-content\/uploads\/2020\/04\/WhatsApp-Image-2020-04-07-at-14.25.54-800x598.jpeg 800w, https:\/\/portal.sma.gob.cl\/wp-content\/uploads\/2020\/04\/WhatsApp-Image-2020-04-07-at-14.25.54-1024x765.jpeg 1024w, https:\/\/portal.sma.gob.cl\/wp-content\/uploads\/2020\/04\/WhatsApp-Image-2020-04-07-at-14.25.54-1200x896.jpeg 1200w, https:\/\/portal.sma.gob.cl\/wp-content\/uploads\/2020\/04\/WhatsApp-Image-2020-04-07-at-14.25.54.jpeg 1280w\" sizes=\"(max-width: 300px) 100vw, 300px\" \/><\/p>\n","protected":false},"excerpt":{"rendered":"<p>Acciones se adoptaron tras recibir denuncias de la Ilustre Municipalidad de Malloa por presunta descarga de residuos l\u00edquidos, malos olores y la muerte de peces en el cauce del estero Rigolemu. Santiago, 07 de abril de 2020.- El superintendente del Medio Ambiente, Crist\u00f3bal De La Maza, orden\u00f3 una serie de medidas provisionales pre-procedimentales en contra de <a href=\"https:\/\/portal.sma.gob.cl\/index.php\/sma-instruye-medidas-provisionales-a-vina-terrapura-en-ohiggins-por-riesgo-ambiental\/\">Leer m\u00e1s<\/a><\/p>\n","protected":false},"author":2,"featured_media":20326,"comment_status":"open","ping_status":"open","sticky":false,"template":"","format":"standard","meta":{"footnotes":""},"categories":[90,107,94],"tags":[],"class_list":["post-20329","post","type-post","status-publish","format-standard","has-post-thumbnail","hentry","category-comunicados-noticias","category-destacado","category-notas-noticias"],"_links":{"self":[{"href":"https:\/\/portal.sma.gob.cl\/index.php\/wp-json\/wp\/v2\/posts\/20329","targetHints":{"allow":["GET"]}}],"collection":[{"href":"https:\/\/portal.sma.gob.cl\/index.php\/wp-json\/wp\/v2\/posts"}],"about":[{"href":"https:\/\/portal.sma.gob.cl\/index.php\/wp-json\/wp\/v2\/types\/post"}],"author":[{"embeddable":true,"href":"https:\/\/portal.sma.gob.cl\/index.php\/wp-json\/wp\/v2\/users\/2"}],"replies":[{"embeddable":true,"href":"https:\/\/portal.sma.gob.cl\/index.php\/wp-json\/wp\/v2\/comments?post=20329"}],"version-history":[{"count":1,"href":"https:\/\/portal.sma.gob.cl\/index.php\/wp-json\/wp\/v2\/posts\/20329\/revisions"}],"predecessor-version":[{"id":20330,"href":"https:\/\/portal.sma.gob.cl\/index.php\/wp-json\/wp\/v2\/posts\/20329\/revisions\/20330"}],"wp:featuredmedia":[{"embeddable":true,"href":"https:\/\/portal.sma.gob.cl\/index.php\/wp-json\/wp\/v2\/media\/20326"}],"wp:attachment":[{"href":"https:\/\/portal.sma.gob.cl\/index.php\/wp-json\/wp\/v2\/media?parent=20329"}],"wp:term":[{"taxonomy":"category","embeddable":true,"href":"https:\/\/portal.sma.gob.cl\/index.php\/wp-json\/wp\/v2\/categories?post=20329"},{"taxonomy":"post_tag","embeddable":true,"href":"https:\/\/portal.sma.gob.cl\/index.php\/wp-json\/wp\/v2\/tags?post=20329"}],"curies":[{"name":"wp","href":"https:\/\/api.w.org\/{rel}","templated":true}]}}