{"id":20331,"date":"2020-04-08T15:25:56","date_gmt":"2020-04-08T19:25:56","guid":{"rendered":"https:\/\/portal.sma.gob.cl\/?p=20331"},"modified":"2020-04-08T15:25:56","modified_gmt":"2020-04-08T19:25:56","slug":"superintendente-designa-a-integrantes-del-consejo-de-la-sociedad-civil","status":"publish","type":"post","link":"https:\/\/portal.sma.gob.cl\/index.php\/superintendente-designa-a-integrantes-del-consejo-de-la-sociedad-civil\/","title":{"rendered":"Superintendente designa a integrantes del Consejo de la Sociedad Civil"},"content":{"rendered":"<p><strong>\u201cComo superintendencia estamos muy contentos de contar con la participaci\u00f3n de este destacado grupo de expertos, quienes nos apoyar\u00e1n y guiar\u00e1n en el desarrollo de planes y pol\u00edticas orientadas a potenciar mejoras continuas en la gesti\u00f3n de la SMA\u201d, destac\u00f3 Crist\u00f3bal De La Maza, Superintendente del Medio Ambiente.<\/strong><\/p>\n<p><strong>Santiago, 8 de abril de 2020.- <\/strong>El superintendente del Medio Ambiente, Crist\u00f3bal De La Maza design\u00f3 a trav\u00e9s de la resoluci\u00f3n exenta N\u00b0521 a los integrantes del Consejo de la Sociedad Civil para el per\u00edodo 2020-2022. Dicha instancia tiene por objeto profundizar y fortalecer la relaci\u00f3n entre la SMA y la sociedad civil organizada, y cuyos representantes forman parte del equipo consejero en materias de competencia de esta Superintendencia, establecido en la resoluci\u00f3n exenta N\u00b01024\/2019-.<\/p>\n<p>En representaci\u00f3n de gremios u organizaciones empresariales del pa\u00eds, se encuentra Paulina Riquelme Pallamar, de la Confederaci\u00f3n de la Producci\u00f3n y el Comercio (CPC) elegida como consejera titular, y Javier Irarr\u00e1zaval Lazcano como consejero suplente. En tanto que Carlos Descourvi\u00e9res G\u00f3mez de Chile Alimentos, fue designado consejero titular, y Guillermo Gonz\u00e1lez Galdames consejero suplente.<\/p>\n<p>Desde los Centros de \u00e1rea Educacional, se encuentran Violeta Rabi, de la Fundaci\u00f3n Espacio P\u00fablico en calidad de consejera titular, y Francisca Pinto como suplente.<\/p>\n<p>Representando a las facultades de ciencias ambientales de instituciones de educaci\u00f3n superior, Paula Nieto Pino, del Centro de Ciencias Ambientales EULA-Chile de la Facultad de Ciencias Ambientales de la Universidad de Concepci\u00f3n fue designada como consejera titular, y Alejandra Stehr Gesche como consejera suplente. En esta misma categor\u00eda, Claudio G\u00f3mez Fuente, de la Universidad de Magallanes asume como consejero titular, y Gonzalo Uribe Vidal como consejero suplente.<\/p>\n<p>Valentina Dur\u00e1n Medina, de la Facultad de Derecho de la Universidad de Chile fue designada tambi\u00e9n como consejera titular en representaci\u00f3n de las facultades o escuelas de derechos de instituciones de educaci\u00f3n superior, que estudien o se ocupen de materia de derecho ambiental y\/o derecho administrativo. Mar\u00eda Nora Gonz\u00e1lez Jaraquemada, fue nombrada como consejera suplente.<\/p>\n<p>Con respecto a representantes de organizaciones no gubernamentales cuyos fines tengan relaci\u00f3n con la protecci\u00f3n del medio ambiente, Isabella Villanueva Garc\u00eda de la Organizaci\u00f3n de Desarrollo CEUS Chile fue elegida como consejera titular, y Fabi\u00e1n Provoste Meneses como consejero suplente. En tanto, Mar\u00eda Delia Rodr\u00edguez Oroz de la Sociedad Geol\u00f3gica de Chile asume como consejera titular, y Luis Patricio L\u00f3pez Moraga como consejero suplente.<\/p>\n<p>Finalmente, y en representaci\u00f3n de Colegios Profesionales, vinculados a la protecci\u00f3n del medio ambiente, se encuentran Sof\u00eda Aravena Fern\u00e1ndez del Colegio de Ge\u00f3logos de Chile como consejera titular, y Marcia Escobar Zambrano como suplente.<\/p>\n<p>\u201cComo superintendencia estamos muy contentos de contar con la participaci\u00f3n de este gran grupo de expertos en temas ambientales, quienes nos apoyar\u00e1n y guiar\u00e1n en el desarrollo de planes y pol\u00edticas orientadas en potenciar mejoras continuas en la gesti\u00f3n de la SMA\u201d, destac\u00f3 Crist\u00f3bal De La Maza, Superintendente del Medio Ambiente.<\/p>\n<p>Para conocer m\u00e1s detalles, descargar resoluci\u00f3n exenta N\u00b0521\/2020:<\/p>\n<div class='w3eden'><!-- WPDM Link Template: Call to Action 3 -->\n\n<div class=\"well c2a3\">\n    <div class=\"media\">\n        <div class=\"mr-3\" align=\"left\">\n            <img decoding=\"async\" class=\"wpdm_icon\" alt=\"\u00cdcono\" src=\"https:\/\/portal.sma.gob.cl\/wp-content\/plugins\/download-manager\/assets\/file-type-icons\/pdf.svg\" \/>\n        <\/div>\n        <div class=\"media-body\">\n            <h3 class=\"media-heading\" style=\"padding-top: 0px;border:0px;margin: 0 0 5px 0;font-size:12pt;\">\n                <a style=\"font-weight: 700\" href=\"https:\/\/portal.sma.gob.cl\/index.php\/download\/resolucion-exenta-n521-2020\/\">resoluci\u00f3n exenta N\u00b0521\/2020<\/a>\n                <span style=\"font-size:8pt;font-weight:300\" class=\"text-muted ml-4\">\n                    <i class=\"fas fa-hdd mr-1\"><\/i> 787.87 KB\n                    <i class=\"ml-3 far fa-arrow-alt-circle-down mr-1\"><\/i> 73 downloads\n                <\/span>\n            <\/h3>\n            ...\n        <\/div>\n        <div class=\"ml-3\" align=\"right\">\n            <a class='wpdm-download-link download-on-click btn btn-primary btn-sm' rel='nofollow' href='#' data-downloadurl=\"https:\/\/portal.sma.gob.cl\/index.php\/download\/resolucion-exenta-n521-2020\/?wpdmdl=20334&refresh=69ef1cdef14011777278174\">Descargar<\/a>\n        <\/div>\n    <\/div>\n\n<\/div>\n<style>\n    .well.c2a3 .btn {\n        padding: 11px 30px;\n        font-size: 11pt;\n    }\n\n    .well.c2a3 .media-body {\n        font-size: 11pt;\n    }\n\n    .well.c2a3 .wpdm_icon {\n        height: 42px;\n        width: auto;\n    }<\/style>\n<\/div>\n","protected":false},"excerpt":{"rendered":"<p>\u201cComo superintendencia estamos muy contentos de contar con la participaci\u00f3n de este destacado grupo de expertos, quienes nos apoyar\u00e1n y guiar\u00e1n en el desarrollo de planes y pol\u00edticas orientadas a potenciar mejoras continuas en la gesti\u00f3n de la SMA\u201d, destac\u00f3 Crist\u00f3bal De La Maza, Superintendente del Medio Ambiente. Santiago, 8 de abril de 2020.- El superintendente <a href=\"https:\/\/portal.sma.gob.cl\/index.php\/superintendente-designa-a-integrantes-del-consejo-de-la-sociedad-civil\/\">Leer m\u00e1s<\/a><\/p>\n","protected":false},"author":8,"featured_media":20336,"comment_status":"open","ping_status":"open","sticky":false,"template":"","format":"standard","meta":{"footnotes":""},"categories":[107,94],"tags":[],"class_list":["post-20331","post","type-post","status-publish","format-standard","has-post-thumbnail","hentry","category-destacado","category-notas-noticias"],"_links":{"self":[{"href":"https:\/\/portal.sma.gob.cl\/index.php\/wp-json\/wp\/v2\/posts\/20331","targetHints":{"allow":["GET"]}}],"collection":[{"href":"https:\/\/portal.sma.gob.cl\/index.php\/wp-json\/wp\/v2\/posts"}],"about":[{"href":"https:\/\/portal.sma.gob.cl\/index.php\/wp-json\/wp\/v2\/types\/post"}],"author":[{"embeddable":true,"href":"https:\/\/portal.sma.gob.cl\/index.php\/wp-json\/wp\/v2\/users\/8"}],"replies":[{"embeddable":true,"href":"https:\/\/portal.sma.gob.cl\/index.php\/wp-json\/wp\/v2\/comments?post=20331"}],"version-history":[{"count":5,"href":"https:\/\/portal.sma.gob.cl\/index.php\/wp-json\/wp\/v2\/posts\/20331\/revisions"}],"predecessor-version":[{"id":20338,"href":"https:\/\/portal.sma.gob.cl\/index.php\/wp-json\/wp\/v2\/posts\/20331\/revisions\/20338"}],"wp:featuredmedia":[{"embeddable":true,"href":"https:\/\/portal.sma.gob.cl\/index.php\/wp-json\/wp\/v2\/media\/20336"}],"wp:attachment":[{"href":"https:\/\/portal.sma.gob.cl\/index.php\/wp-json\/wp\/v2\/media?parent=20331"}],"wp:term":[{"taxonomy":"category","embeddable":true,"href":"https:\/\/portal.sma.gob.cl\/index.php\/wp-json\/wp\/v2\/categories?post=20331"},{"taxonomy":"post_tag","embeddable":true,"href":"https:\/\/portal.sma.gob.cl\/index.php\/wp-json\/wp\/v2\/tags?post=20331"}],"curies":[{"name":"wp","href":"https:\/\/api.w.org\/{rel}","templated":true}]}}