{"id":20355,"date":"2020-04-15T10:21:25","date_gmt":"2020-04-15T14:21:25","guid":{"rendered":"https:\/\/portal.sma.gob.cl\/?p=20355"},"modified":"2020-04-15T15:04:55","modified_gmt":"2020-04-15T19:04:55","slug":"sma-lanza-plan-de-fiscalizacion-para-episodios-criticos-con-fuerte-foco-en-lena-y-televigilancia","status":"publish","type":"post","link":"https:\/\/portal.sma.gob.cl\/index.php\/sma-lanza-plan-de-fiscalizacion-para-episodios-criticos-con-fuerte-foco-en-lena-y-televigilancia\/","title":{"rendered":"SMA lanza programa de fiscalizaci\u00f3n para episodios cr\u00edticos con fuerte foco en le\u00f1a y televigilancia"},"content":{"rendered":"<p style=\"font-weight: 400;\"><strong>La Superintendencia de Medio Ambiente ejercer\u00e1 un importante rol en la Gesti\u00f3n de Episodios Cr\u00edticos (GEC) al coordinar actividades de fiscalizaci\u00f3n, verificar el estado de avance de los PDA y sancionar los incumplimientos a las medidas ambientales, m\u00e1s a\u00fan en este per\u00edodo de pandemia que podr\u00eda afectar mayormente a la poblaci\u00f3n vulnerable de las ciudades cr\u00edticas.<\/strong><\/p>\n<p style=\"font-weight: 400;\"><strong>Santiago, 15 de abril de 2020.-\u00a0<\/strong>El superintendente de Medio Ambiente,\u00a0<strong>Crist\u00f3bal De La Maza<\/strong>, lanz\u00f3 el programa de fiscalizaci\u00f3n para la gesti\u00f3n de episodios cr\u00edticos (GEC) de este a\u00f1o entre las regiones de O\u2019Higgins y Ays\u00e9n, con especial \u00e9nfasis en la fiscalizaci\u00f3n a la le\u00f1a h\u00fameda &#8211; considerada la principal fuente de contaminaci\u00f3n ambiental- ayudado por el uso de tecnolog\u00edas de punta.<\/p>\n<p style=\"font-weight: 400;\">El programa de fiscalizaci\u00f3n se focalizar\u00e1 en cuatro medidas: prohibici\u00f3n de comercializar le\u00f1a h\u00fameda; obligaci\u00f3n de los establecimientos comerciales y de organismos del Estado de recambiar calefactores a le\u00f1a; restricciones de operaciones de fuentes fijas durante episodios cr\u00edticos y prohibici\u00f3n de humos visibles en sectores residenciales.<\/p>\n<p style=\"font-weight: 400;\"><strong>\u201cEsta pandemia del coronavirus obligar\u00e1 a muchas familias que viven entre O\u2019Higgins y Ays\u00e9n a seguir recluidas en sus hogares durante el invierno. En estas regiones se usa principalmente la le\u00f1a como calefacci\u00f3n, lo que aumenta la contaminaci\u00f3n\u00a0 intradomiciliaria y el riesgo de sufrir enfermedades cardiorrespiratorias. Es por ello que como SMA activamos un programa de fiscalizaci\u00f3n preventiva para abordar esta emergencia, especialmente la comercializaci\u00f3n de le\u00f1a seca. Hacemos un llamado a la comunidad a comprar s\u00f3lo le\u00f1a seca. Cuidemos nuestra salud, el medio ambiente y el aire que respiran nuestros hijos e hijas\u201d, dijo el superintendente Crist\u00f3bal De La Maza.<\/strong><\/p>\n<p style=\"font-weight: 400;\"><strong>Detalle de las medidas fiscalizadoras<\/strong><\/p>\n<p style=\"font-weight: 400;\">El superintendente afirm\u00f3 que el\u00a0<strong>uso de artefactos a le\u00f1a<\/strong>\u00a0en el sector comercial se fiscalizar\u00e1 a trav\u00e9s de inspecciones en terreno, focalizadas en episodios de preemergencia y emergencia; cartas de advertencia a los titulares; y la actualizaci\u00f3n de catastro sobre artefactos de calefacci\u00f3n que usen este material, exigiendo prontas fechas de reemplazo para los infractores.<\/p>\n<p style=\"font-weight: 400;\">Respecto de la\u00a0<strong>comercializaci\u00f3n de le\u00f1a seca<\/strong>\u00a0se activar\u00e1 un sistema de denuncia en l\u00ednea para quienes vendan le\u00f1a h\u00fameda; se fomentar\u00e1 el autocontrol con reportes de humedad de parte de comerciantes; y se coordinar\u00e1n inspecciones con organismos sectoriales.<\/p>\n<p style=\"font-weight: 400;\">En todos los planes de descontaminaci\u00f3n, desde el Valle de la Regi\u00f3n de O\u00b4Higgins hasta Coyhaique, toda la le\u00f1a que sea comercializada en la zona saturada debe estar seca y cumplir los requerimientos t\u00e9cnicos de la Norma NCh2907.<\/p>\n<p style=\"font-weight: 400;\">Se activar\u00e1 adem\u00e1s el nuevo Sistema de Seguimiento Atmosf\u00e9rico (SISAT) que, en su primera versi\u00f3n, considera la funcionalidad de estandarizar los reportes de emisiones de fuentes fijas, para dar cumplimiento a las obligaciones establecidas en los Planes de Prevenci\u00f3n y\/o Descontaminaci\u00f3n Atmosf\u00e9ricos (PPDA\/PDA) y en Normas de Emisi\u00f3n a la Atm\u00f3sfera (NE), que son fiscalizados por esta Superintendencia.<\/p>\n<p style=\"font-weight: 400;\">A su vez, se fortalecer\u00e1 la fiscalizaci\u00f3n de la\u00a0<strong>restricci\u00f3n de operaci\u00f3n de fuentes fijas\u00a0<\/strong>durante episodios de preemergencia o emergencia. Para ello se exigir\u00e1n reportes de variables operacionales de calderas y procesos en per\u00edodos GEC, seg\u00fan corresponda. En primera instancia este reporte se realizar\u00e1 \u201cex post\u201d episodio lo que permitir\u00e1 verificar si se cumpli\u00f3 con las restricciones de funcionamiento. En el mediano plazo se espera contar con el monitoreo en l\u00ednea de variables operacionales a grandes establecimientos.<\/p>\n<p style=\"font-weight: 400;\">Todo esto se complementar\u00e1 con el uso de drones equipados con c\u00e1maras termogr\u00e1ficas, para el monitoreo estrat\u00e9gico de fuentes fijas durante inspecciones en terreno. Se\u00a0<strong>informar\u00e1 de manera activa<\/strong>\u00a0a la ciudadan\u00eda sobre los avances de las actividades realizadas durante el per\u00edodo GEC a trav\u00e9s de reportes semanales y mensuales publicadas en su p\u00e1gina web, puntualiza Crist\u00f3bal De La Maza.<\/p>\n<p style=\"font-weight: 400;\"><strong>El rol de la SMA en la gesti\u00f3n de episodios cr\u00edticos<\/strong><\/p>\n<p style=\"font-weight: 400;\">La SMA tiene un rol fundamental en la Gesti\u00f3n de Episodios Cr\u00edticos (GEC) que se realiza entre abril y septiembre, pues debe coordinar actividades de fiscalizaci\u00f3n, verificar el estado de avance de los PDA y sancionar los incumplimientos a las medidas ambientales.<\/p>\n<p style=\"font-weight: 400;\">Se focalizar\u00e1n los esfuerzos en zonas que poseen Planes de Descontaminaci\u00f3n atmosf\u00e9ricas (PDA): Conc\u00f3n, Quintero y Puchuncav\u00ed, Andacollo, Huasco, Tocopilla, Regi\u00f3n Metropolitana, Valle central de O\u2019Higgins, Talca-Maule, Valle central provincia de Curic\u00f3, Chill\u00e1n y Chill\u00e1n Viejo, Los \u00c1ngeles, Concepci\u00f3n Metropolitano, Temuco y Padre Las Casas, Osorno, Valdivia y Coyhaique, que dada la contingencia del COVID19 se encuentran m\u00e1s expuestas.<\/p>\n<p style=\"font-weight: 400;\">De La Maza explica que la coordinaci\u00f3n con los otros organismos del Estado ser\u00e1 crucial, ya que se requerir\u00e1 el trabajo mancomunado junto a los ministerios del Medio Ambiente, Salud, Transportes y Energ\u00eda, intendencias, gobiernos regionales, CONAF y los municipios.<\/p>\n<p><img decoding=\"async\" class=\"alignnone size-large wp-image-20358\" src=\"https:\/\/portal.sma.gob.cl\/wp-content\/uploads\/2020\/04\/Superintendente-Cristo\u00ecbal-de-La-Maza-A-620x410-1.jpg\" alt=\"\" width=\"620\" height=\"410\" srcset=\"https:\/\/portal.sma.gob.cl\/wp-content\/uploads\/2020\/04\/Superintendente-Cristo\u00ecbal-de-La-Maza-A-620x410-1-200x132.jpg 200w, https:\/\/portal.sma.gob.cl\/wp-content\/uploads\/2020\/04\/Superintendente-Cristo\u00ecbal-de-La-Maza-A-620x410-1-300x198.jpg 300w, https:\/\/portal.sma.gob.cl\/wp-content\/uploads\/2020\/04\/Superintendente-Cristo\u00ecbal-de-La-Maza-A-620x410-1-400x265.jpg 400w, https:\/\/portal.sma.gob.cl\/wp-content\/uploads\/2020\/04\/Superintendente-Cristo\u00ecbal-de-La-Maza-A-620x410-1-600x397.jpg 600w, https:\/\/portal.sma.gob.cl\/wp-content\/uploads\/2020\/04\/Superintendente-Cristo\u00ecbal-de-La-Maza-A-620x410-1.jpg 620w\" sizes=\"(max-width: 620px) 100vw, 620px\" \/><\/p>\n<p>Fotograf\u00eda: Crist\u00f3bal De La Maza, Superintendente del Medio Ambiente.<\/p>\n","protected":false},"excerpt":{"rendered":"<p>La Superintendencia de Medio Ambiente ejercer\u00e1 un importante rol en la Gesti\u00f3n de Episodios Cr\u00edticos (GEC) al coordinar actividades de fiscalizaci\u00f3n, verificar el estado de avance de los PDA y sancionar los incumplimientos a las medidas ambientales, m\u00e1s a\u00fan en este per\u00edodo de pandemia que podr\u00eda afectar mayormente a la poblaci\u00f3n vulnerable de las ciudades cr\u00edticas. <a href=\"https:\/\/portal.sma.gob.cl\/index.php\/sma-lanza-plan-de-fiscalizacion-para-episodios-criticos-con-fuerte-foco-en-lena-y-televigilancia\/\">Leer m\u00e1s<\/a><\/p>\n","protected":false},"author":8,"featured_media":20357,"comment_status":"open","ping_status":"open","sticky":false,"template":"","format":"standard","meta":{"footnotes":""},"categories":[90,107],"tags":[],"class_list":["post-20355","post","type-post","status-publish","format-standard","has-post-thumbnail","hentry","category-comunicados-noticias","category-destacado"],"_links":{"self":[{"href":"https:\/\/portal.sma.gob.cl\/index.php\/wp-json\/wp\/v2\/posts\/20355","targetHints":{"allow":["GET"]}}],"collection":[{"href":"https:\/\/portal.sma.gob.cl\/index.php\/wp-json\/wp\/v2\/posts"}],"about":[{"href":"https:\/\/portal.sma.gob.cl\/index.php\/wp-json\/wp\/v2\/types\/post"}],"author":[{"embeddable":true,"href":"https:\/\/portal.sma.gob.cl\/index.php\/wp-json\/wp\/v2\/users\/8"}],"replies":[{"embeddable":true,"href":"https:\/\/portal.sma.gob.cl\/index.php\/wp-json\/wp\/v2\/comments?post=20355"}],"version-history":[{"count":5,"href":"https:\/\/portal.sma.gob.cl\/index.php\/wp-json\/wp\/v2\/posts\/20355\/revisions"}],"predecessor-version":[{"id":20366,"href":"https:\/\/portal.sma.gob.cl\/index.php\/wp-json\/wp\/v2\/posts\/20355\/revisions\/20366"}],"wp:featuredmedia":[{"embeddable":true,"href":"https:\/\/portal.sma.gob.cl\/index.php\/wp-json\/wp\/v2\/media\/20357"}],"wp:attachment":[{"href":"https:\/\/portal.sma.gob.cl\/index.php\/wp-json\/wp\/v2\/media?parent=20355"}],"wp:term":[{"taxonomy":"category","embeddable":true,"href":"https:\/\/portal.sma.gob.cl\/index.php\/wp-json\/wp\/v2\/categories?post=20355"},{"taxonomy":"post_tag","embeddable":true,"href":"https:\/\/portal.sma.gob.cl\/index.php\/wp-json\/wp\/v2\/tags?post=20355"}],"curies":[{"name":"wp","href":"https:\/\/api.w.org\/{rel}","templated":true}]}}