{"id":20399,"date":"2020-04-17T16:18:51","date_gmt":"2020-04-17T20:18:51","guid":{"rendered":"https:\/\/portal.sma.gob.cl\/?p=20399"},"modified":"2020-04-17T16:31:10","modified_gmt":"2020-04-17T20:31:10","slug":"biobio-sma-formula-cargos-en-contra-de-las-empresas-agricola-y-forestal-las-astas-s-a-y-agricola-coexca-s-a","status":"publish","type":"post","link":"https:\/\/portal.sma.gob.cl\/index.php\/biobio-sma-formula-cargos-en-contra-de-las-empresas-agricola-y-forestal-las-astas-s-a-y-agricola-coexca-s-a\/","title":{"rendered":"Biob\u00edo: SMA formula cargos en contra de las empresas Agr\u00edcola y Forestal Las Astas S.A. y Agr\u00edcola Coexca S.A."},"content":{"rendered":"<p><strong>Tras denuncias ciudadanas por malos olores provenientes desde el Plantel de Cerdos Monte Verde Bajo.<\/strong><\/p>\n<p><strong>Tucapel, 17 de abril de 2020.-<\/strong> La Superintendencia del Medio Ambiente (SMA) formul\u00f3 cargos en contra de la empresa Agr\u00edcola y Forestal Las Astas S.A. titular de los proyectos \u201cEstablecimiento Plantel de Cerdos Monte Verde Bajo\u201d para la crianza de cerdos y \u201cMejoramiento del desempe\u00f1o ambiental del plantel de cerdos Monte Verde, a trav\u00e9s de la recuperaci\u00f3n de purines para el riego, y el manejo de animales muertos\u201d, que tiene por objeto disminuir la generaci\u00f3n de residuos principalmente.<\/p>\n<p>En este contexto, la formulaci\u00f3n de cargos tambi\u00e9n se extiende a la empresa Coexca S.A., debido a que arrienda el criadero a la empresa Monte Verde desde el a\u00f1o 2016, y en cuyo contrato, Coexca S.A. se comprometi\u00f3 a no descargar residuos l\u00edquidos al estero Los Troncos, y a no enterrar cerdos en fosa, sino enviarlos a rendering (planta de post-procesamiento de residuos org\u00e1nicos).<\/p>\n<p>Frente a reiteradas denuncias ciudadanas y presentadas tambi\u00e9n por la Municipalidad de Tucapel, por malos olores provenientes desde el Plantel de Cerdos Monte Verde Bajo, fiscalizadores de la Oficina Regional del Biob\u00edo en conjunto con funcionarios del Servicio Agr\u00edcola y Ganadero (SAG) regional, realizaron una actividad de fiscalizaci\u00f3n a dicho plantel, donde constataron mal manejo operacional del recinto. Con esta informaci\u00f3n, y luego de un an\u00e1lisis de todos los antecedentes levantados, la SMA decidi\u00f3 formular cargos en contra de ambas empresas.<\/p>\n<p>Las infracciones son porque el efluente utilizado para riego no cumple con las caracter\u00edsticas establecidas en la evaluaci\u00f3n ambiental, constat\u00e1ndose superaci\u00f3n de los par\u00e1metros DBO5 (mg\/l) F\u00f3sforo (mg P\/l) y Nitr\u00f3geno Total Kjeldhal (mg\/l), lo que genera una condici\u00f3n desfavorable por la generaci\u00f3n de olores molestos y atracci\u00f3n de vectores. Adem\u00e1s, los titulares no informaron el monitoreo del efluente seg\u00fan lo comprometido en la RCA respectiva.<\/p>\n<p>\u201cLa resoluci\u00f3n indicada, formula cargos en contra de ambos titulares, por hechos constitutivos de infracci\u00f3n a sus Resoluciones de Calificaci\u00f3n ambiental vigentes, asociados al manejo de los efluentes generados por la operaci\u00f3n del plantel de cerdos, y su posterior uso para riego\u201d, afirm\u00f3 Juan Pablo Granzow, jefe de la Oficina Regional SMA del Biob\u00edo.<\/p>\n<p>Las infracciones detectadas, fueron clasificadas como leves y graves por lo que las empresas podr\u00edan ser objeto de revocaci\u00f3n de la RCA, clausura temporal o definitiva, o multa de hasta 5.000 Unidades Tributarias Anuales (UTA) por cada infracci\u00f3n grave, y 1.000 UTA por cada leve.<\/p>\n<p>Tras la notificaci\u00f3n de esta formulaci\u00f3n de cargos, las empresas tendr\u00e1n un plazo de 10 d\u00edas h\u00e1biles para presentar en conjunto un Programa de Cumplimiento (PdC) y de 15 d\u00edas h\u00e1biles para formular sus descargos respectivos.<\/p>\n<p>Para mayor detalle, acceder a la formulaci\u00f3n de cargos en el Sistema Nacional de Informaci\u00f3n de Fiscalizaci\u00f3n Ambiental (SNIFA): <a href=\"http:\/\/snifa.sma.gob.cl\/v2\/Sancionatorio\/Ficha\/2180\">http:\/\/snifa.sma.gob.cl\/v2\/Sancionatorio\/Ficha\/2180<\/a><\/p>\n<p>&nbsp;<\/p>\n","protected":false},"excerpt":{"rendered":"<p>Tras denuncias ciudadanas por malos olores provenientes desde el Plantel de Cerdos Monte Verde Bajo. Tucapel, 17 de abril de 2020.- La Superintendencia del Medio Ambiente (SMA) formul\u00f3 cargos en contra de la empresa Agr\u00edcola y Forestal Las Astas S.A. titular de los proyectos \u201cEstablecimiento Plantel de Cerdos Monte Verde Bajo\u201d para la crianza de cerdos <a href=\"https:\/\/portal.sma.gob.cl\/index.php\/biobio-sma-formula-cargos-en-contra-de-las-empresas-agricola-y-forestal-las-astas-s-a-y-agricola-coexca-s-a\/\">Leer m\u00e1s<\/a><\/p>\n","protected":false},"author":8,"featured_media":20398,"comment_status":"open","ping_status":"open","sticky":false,"template":"","format":"standard","meta":{"footnotes":""},"categories":[90,107],"tags":[],"class_list":["post-20399","post","type-post","status-publish","format-standard","has-post-thumbnail","hentry","category-comunicados-noticias","category-destacado"],"_links":{"self":[{"href":"https:\/\/portal.sma.gob.cl\/index.php\/wp-json\/wp\/v2\/posts\/20399","targetHints":{"allow":["GET"]}}],"collection":[{"href":"https:\/\/portal.sma.gob.cl\/index.php\/wp-json\/wp\/v2\/posts"}],"about":[{"href":"https:\/\/portal.sma.gob.cl\/index.php\/wp-json\/wp\/v2\/types\/post"}],"author":[{"embeddable":true,"href":"https:\/\/portal.sma.gob.cl\/index.php\/wp-json\/wp\/v2\/users\/8"}],"replies":[{"embeddable":true,"href":"https:\/\/portal.sma.gob.cl\/index.php\/wp-json\/wp\/v2\/comments?post=20399"}],"version-history":[{"count":2,"href":"https:\/\/portal.sma.gob.cl\/index.php\/wp-json\/wp\/v2\/posts\/20399\/revisions"}],"predecessor-version":[{"id":20403,"href":"https:\/\/portal.sma.gob.cl\/index.php\/wp-json\/wp\/v2\/posts\/20399\/revisions\/20403"}],"wp:featuredmedia":[{"embeddable":true,"href":"https:\/\/portal.sma.gob.cl\/index.php\/wp-json\/wp\/v2\/media\/20398"}],"wp:attachment":[{"href":"https:\/\/portal.sma.gob.cl\/index.php\/wp-json\/wp\/v2\/media?parent=20399"}],"wp:term":[{"taxonomy":"category","embeddable":true,"href":"https:\/\/portal.sma.gob.cl\/index.php\/wp-json\/wp\/v2\/categories?post=20399"},{"taxonomy":"post_tag","embeddable":true,"href":"https:\/\/portal.sma.gob.cl\/index.php\/wp-json\/wp\/v2\/tags?post=20399"}],"curies":[{"name":"wp","href":"https:\/\/api.w.org\/{rel}","templated":true}]}}