{"id":20411,"date":"2020-04-22T14:34:50","date_gmt":"2020-04-22T18:34:50","guid":{"rendered":"https:\/\/portal.sma.gob.cl\/?p=20411"},"modified":"2020-04-22T14:39:59","modified_gmt":"2020-04-22T18:39:59","slug":"sma-junto-a-seremis-de-mma-y-energia-y-a-conaf-fiscalizan-ingreso-de-vehiculos-con-lena-a-osorno-como-parte-del-plan-de-descontaminacion-ambiental","status":"publish","type":"post","link":"https:\/\/portal.sma.gob.cl\/index.php\/sma-junto-a-seremis-de-mma-y-energia-y-a-conaf-fiscalizan-ingreso-de-vehiculos-con-lena-a-osorno-como-parte-del-plan-de-descontaminacion-ambiental\/","title":{"rendered":"SMA junto a seremis de MMA y Energ\u00eda y a CONAF fiscalizan ingreso de veh\u00edculos con le\u00f1a a Osorno como parte del plan de descontaminaci\u00f3n ambiental"},"content":{"rendered":"<p style=\"font-weight: 400;\"><strong>La actividad se realiz\u00f3 en el contexto de la fiscalizaci\u00f3n a la Gesti\u00f3n de Episodios Cr\u00edticos (GEC) 2020, que est\u00e1 contemplada en el plan de descontaminaci\u00f3n atmosf\u00e9rica de Osorno (PDAO), y que tiene por objetivo prevenir la exposici\u00f3n de la poblaci\u00f3n a altos \u00edndices de contaminaci\u00f3n del aire durante los meses de oto\u00f1o e invierno. Ello es especialmente relevante en momentos de la pandemia que sufre el pa\u00eds.<\/strong><\/p>\n<p style=\"font-weight: 400;\"><strong>Osorno, 22 de abril de 2020.-\u00a0<\/strong>Un completo operativo de fiscalizaci\u00f3n a los veh\u00edculos que ingresan le\u00f1a a la ciudad de Osorno realizaron hoy los seremis de Medio Ambiente y Energ\u00eda, la jefa regional de la Superintendencia de Medio Ambiente, funcionarios de CONAF y Carabineros.<\/p>\n<p style=\"font-weight: 400;\">La actividad se realiz\u00f3 como parte de la fiscalizaci\u00f3n a la Gesti\u00f3n de Episodios Cr\u00edticos (GEC) 2020, que est\u00e1 contemplada en el plan de descontaminaci\u00f3n atmosf\u00e9rica de Osorno (PDAO), y que tiene por objetivo prevenir la exposici\u00f3n de la poblaci\u00f3n a altos \u00edndices de contaminaci\u00f3n del aire durante los meses de oto\u00f1o e invierno.<\/p>\n<p style=\"font-weight: 400;\">Un aspecto medular de dicho plan es la prohibici\u00f3n de la venta de le\u00f1a h\u00fameda, ya que tiene una alta incidencia en la severa contaminaci\u00f3n atmosf\u00e9rica que afecta a Osorno. Ello es especialmente complejo, adem\u00e1s, en momentos en que el pa\u00eds sufre una pandemia por coronavirus, y la contaminaci\u00f3n\u00a0aumenta el riesgo de enfermedades cardiorrespiratorias.<\/p>\n<p style=\"font-weight: 400;\">Ivonne Mancilla, jefa de la SMA en Los Lagos, destac\u00f3 que el programa de fiscalizaci\u00f3n de este a\u00f1o contempla un riguroso monitoreo a la comercializaci\u00f3n de le\u00f1a h\u00fameda, por lo que pidi\u00f3 la colaboraci\u00f3n de la ciudadan\u00eda, y de quienes usan dicho combustible. Otra \u00e1rea de monitoreo ser\u00e1n los emisores de fuentes industriales y residenciales y de todos quienes tengan calderas.<\/p>\n<p style=\"font-weight: 400;\">\u201cEllo es relevante, especialmente en una comuna como Osorno que tiene cuarentena total. Estamos haciendo una fiscalizaci\u00f3n preventiva para ir evaluando la trazabilidad de la le\u00f1a que est\u00e1 ingresando a la ciudad, de manera que tanto la comunidad como los industriales puedan usar le\u00f1a seca\u201d, dijo Mancilla.<\/p>\n<p style=\"font-weight: 400;\">En esa l\u00ednea, el seremi de Medio Ambiente, Klaus Kosiel, destac\u00f3 la \u201cacci\u00f3n conjunta de los servicios p\u00fablicos en la fiscalizaci\u00f3n a las medidas contempladas en este PDA, que buscan concientizar a la ciudadan\u00eda en la importancia de respetar las distintas restricciones del plan de descontaminaci\u00f3n\u201d.<\/p>\n<p style=\"font-weight: 400;\">Su s\u00edmil Energ\u00eda, Rodrigo Barahona, puntualiz\u00f3 que la Regi\u00f3n de Los Lagos es la que m\u00e1s consume y produce le\u00f1a del pa\u00eds, y tiene la mayor cantidad de trabajadores en ese rubro. \u201cEntonces, lo que menos podemos hacer es generar episodios de contaminaci\u00f3n por le\u00f1a h\u00fameda, lo que repercute en congestionar las redes de asistencia m\u00e9dica y este a\u00f1o no podemos permitir eso\u201d.<\/p>\n<p style=\"font-weight: 400;\">En tanto, Germ\u00e1n Pando, jefe del departamento de fiscalizaci\u00f3n y evaluaci\u00f3n ambiental de CONAF, se\u00f1al\u00f3 que no solo es relevante el uso de le\u00f1a seca, sino que la que se venda provenga de un manejo sustentable de los bosques. \u201cNo se saca nada con quemar le\u00f1a seca nativa sin que tenga este tipo de manejo y degrademos nuestros bosques\u201d, se\u00f1al\u00f3 Pando.<\/p>\n<p style=\"font-weight: 400;\">La Superintendencia fiscalizar\u00e1 durante este a\u00f1o el l\u00edmite de emisi\u00f3n de material particulado (MP) y di\u00f3xido de azufre (SO2) para calderas nuevas y existentes; el uso de chimeneas de hogar abierto en establecimientos p\u00fablicos y privados; el uso de artefactos a le\u00f1a en establecimientos comerciales, edificios municipales y de organismos p\u00fablicos; la comercializaci\u00f3n de le\u00f1a seca, y la compensaci\u00f3n de emisiones para proyectos que generen sobre 1 ton\/a\u00f1o de material particulado.<\/p>\n<p style=\"font-weight: 400;\"><strong>Balance GEC 2019<\/strong><\/p>\n<p style=\"font-weight: 400;\">Durante el a\u00f1o 2019 se registraron 43 episodios cr\u00edticos en Osorno, 26 pre emergencias y 17 emergencias, donde la Superintendencia del Medio Ambiente (SMA) se despleg\u00f3 en terreno realizando 80 fiscalizaciones en medidas como prohibici\u00f3n en el uso de chimeneas de hogar abierto y de artefactos a le\u00f1a en establecimientos comerciales, as\u00ed como tambi\u00e9n en el comercio de le\u00f1a y las emisiones de calderas, de las cuales se constataron incumplimientos que han derivado en siete (7) inicios de procesos sancionatorios.<\/p>\n","protected":false},"excerpt":{"rendered":"<p>La actividad se realiz\u00f3 en el contexto de la fiscalizaci\u00f3n a la Gesti\u00f3n de Episodios Cr\u00edticos (GEC) 2020, que est\u00e1 contemplada en el plan de descontaminaci\u00f3n atmosf\u00e9rica de Osorno (PDAO), y que tiene por objetivo prevenir la exposici\u00f3n de la poblaci\u00f3n a altos \u00edndices de contaminaci\u00f3n del aire durante los meses de oto\u00f1o e invierno. Ello <a href=\"https:\/\/portal.sma.gob.cl\/index.php\/sma-junto-a-seremis-de-mma-y-energia-y-a-conaf-fiscalizan-ingreso-de-vehiculos-con-lena-a-osorno-como-parte-del-plan-de-descontaminacion-ambiental\/\">Leer m\u00e1s<\/a><\/p>\n","protected":false},"author":8,"featured_media":20410,"comment_status":"open","ping_status":"open","sticky":false,"template":"","format":"standard","meta":{"footnotes":""},"categories":[90,107],"tags":[],"class_list":["post-20411","post","type-post","status-publish","format-standard","has-post-thumbnail","hentry","category-comunicados-noticias","category-destacado"],"_links":{"self":[{"href":"https:\/\/portal.sma.gob.cl\/index.php\/wp-json\/wp\/v2\/posts\/20411","targetHints":{"allow":["GET"]}}],"collection":[{"href":"https:\/\/portal.sma.gob.cl\/index.php\/wp-json\/wp\/v2\/posts"}],"about":[{"href":"https:\/\/portal.sma.gob.cl\/index.php\/wp-json\/wp\/v2\/types\/post"}],"author":[{"embeddable":true,"href":"https:\/\/portal.sma.gob.cl\/index.php\/wp-json\/wp\/v2\/users\/8"}],"replies":[{"embeddable":true,"href":"https:\/\/portal.sma.gob.cl\/index.php\/wp-json\/wp\/v2\/comments?post=20411"}],"version-history":[{"count":2,"href":"https:\/\/portal.sma.gob.cl\/index.php\/wp-json\/wp\/v2\/posts\/20411\/revisions"}],"predecessor-version":[{"id":20413,"href":"https:\/\/portal.sma.gob.cl\/index.php\/wp-json\/wp\/v2\/posts\/20411\/revisions\/20413"}],"wp:featuredmedia":[{"embeddable":true,"href":"https:\/\/portal.sma.gob.cl\/index.php\/wp-json\/wp\/v2\/media\/20410"}],"wp:attachment":[{"href":"https:\/\/portal.sma.gob.cl\/index.php\/wp-json\/wp\/v2\/media?parent=20411"}],"wp:term":[{"taxonomy":"category","embeddable":true,"href":"https:\/\/portal.sma.gob.cl\/index.php\/wp-json\/wp\/v2\/categories?post=20411"},{"taxonomy":"post_tag","embeddable":true,"href":"https:\/\/portal.sma.gob.cl\/index.php\/wp-json\/wp\/v2\/tags?post=20411"}],"curies":[{"name":"wp","href":"https:\/\/api.w.org\/{rel}","templated":true}]}}