{"id":20423,"date":"2020-04-24T10:29:20","date_gmt":"2020-04-24T14:29:20","guid":{"rendered":"https:\/\/portal.sma.gob.cl\/?p=20423"},"modified":"2020-04-24T10:48:09","modified_gmt":"2020-04-24T14:48:09","slug":"sma-formula-cargos-contra-titular-del-relleno-sanitario-de-villarrica-por-riesgo-ambiental","status":"publish","type":"post","link":"https:\/\/portal.sma.gob.cl\/index.php\/sma-formula-cargos-contra-titular-del-relleno-sanitario-de-villarrica-por-riesgo-ambiental\/","title":{"rendered":"\u00a0SMA formula cargos contra titular del relleno sanitario de Villarrica por riesgo ambiental"},"content":{"rendered":"<p><strong>Infracciones fueron clasificadas como \u201cgrav\u00edsimas\u201d, por lo que la ley establece que a la empresa se le puede revocar su resoluci\u00f3n de calificaci\u00f3n ambiental, clausurarla o multarla con hasta diez mil unidades tributarias anuales (casi $6 mil millones).<\/strong><\/p>\n<p><strong>Santiago, 24 de abril de 2020.-\u00a0<\/strong>La Superintendencia de Medio Ambiente (SMA) formul\u00f3 una serie de cargos en contra de la constructora Villarrica Limitada, titular del \u201cRelleno Sanitario Comuna de Villarrica\u201d, ubicado en el sector Putu\u00e9 Bajo, a seis kil\u00f3metros de la ciudad de Villarrica, por reiterados incumplimientos ambientales que colocan en riesgo el medio ambiente y la salud de las personas.<\/p>\n<p>Esta formulaci\u00f3n por infracciones \u201cgrav\u00edsimas\u201d ocurre un mes despu\u00e9s que el propio superintendente le instruyera a la empresa una decena de medidas provisionales que no se adoptaron, como una deficiente operaci\u00f3n del relleno sanitario, lo que podr\u00eda afectar su estabilidad estructural y la calidad de las aguas superficiales y subterr\u00e1neas.<\/p>\n<p>Tambi\u00e9n se detectaron olores molestos, proliferaci\u00f3n de vectores y alteraci\u00f3n de los sistemas de vida y costumbres de comunidades cercanas a la instalaci\u00f3n, \u201csituaciones que hacen que se genere un riesgo de da\u00f1o al medio ambiente y a la salud de las personas\u201d, seg\u00fan estableci\u00f3 la Resoluci\u00f3n Exenta 416 del 4 de marzo.<\/p>\n<p><strong>El detalle de los cargos contra el vertedero<\/strong><\/p>\n<p>Los hechos constitutivos de la formulaci\u00f3n de cargos actual, contempladas en la resoluci\u00f3n exenta 1\/ rol D-40-2020, dicen relaci\u00f3n con la falta de implementaci\u00f3n del sistema de captaci\u00f3n y control de lixiviados de acuerdo con lo establecido en la RCA, como no tener un sistema de tuber\u00eda perforada, instalada a lo largo de la zanja actual de trabajo, ni sistema de tratamiento de los percolados.<\/p>\n<p>Tambi\u00e9n se constat\u00f3 que los lixiviados eran conducidos mediante una manguera al predio adyacente y, luego depositados en un pozo de tierra sin impermeabilizaci\u00f3n.<\/p>\n<p>Otro incumplimiento grave fue no realizar el monitoreo semestral de aguas de acuerdo con lo comprometido en la RCA, que deb\u00eda medir la temperatura, el ox\u00edgeno, los nutrientes (nitrito, nitrato, fosfato, amonio), coliformes fecales y totales, conductividad, solidos sedimentables y solidos disueltos.<\/p>\n<p>Un tercer hallazgo que justific\u00f3 la formulaci\u00f3n de cargos fue la disposici\u00f3n inadecuada de residuos s\u00f3lidos domiciliarios, como utilizar material p\u00e9treo arenoso para la cobertura diaria y no aplicar una capa final de arcilla en las zanjas.<\/p>\n<p>La falta de construcci\u00f3n del cerco perimetral del relleno en diversos tramos; y tener cercos en varios sectores con alambres y estacas no correspondiendo a las caracter\u00edsticas constructivas establecidas, fue el cuarto hecho constitutivo para dictaminar esta resoluci\u00f3n.<\/p>\n<p>El titular del relleno de Villarrica tampoco aplic\u00f3 de forma adecuada el plan de control de roedores y moscas comprometido, y fall\u00f3 en implementar un sistema de control de aguas lluvias y en el manejo del biog\u00e1s.<\/p>\n<p>Adem\u00e1s, la SMA \u00a0constat\u00f3 que la superficie total utilizada por el recinto excede lo aprobado en la RCA, al igual que las zanjas de disposici\u00f3n.<\/p>\n<p>En su resoluci\u00f3n, la SMA deja constancia que las infracciones grav\u00edsimas pueden ser objeto de revocaci\u00f3n de la resoluci\u00f3n de calificaci\u00f3n ambiental, clausura, o multa de hasta diez mil unidades tributarias anuales (casi $6 mil\u00a0 millones).<\/p>\n<p>Asimismo, establece que el infractor tendr\u00e1 un plazo de 10 d\u00edas h\u00e1biles para presentar un programa de cumplimiento y de 15 para formular sus descargos respectivamente, ambos plazos contados desde la notificaci\u00f3n de la presente resoluci\u00f3n.<\/p>\n<p>Este proyecto ha sido objeto de diversas denuncias y fiscalizaciones de la SMA en los \u00faltimos siete a\u00f1os, y durante las \u00faltimas inspecciones efectuadas en los a\u00f1os 2019 y 2020.<\/p>\n<p>Un tema relevante es que la operaci\u00f3n del relleno ha afectado a la comunidad mapuche \u201cPedro Ancalef\u201d por malos olores, vectores y posible contaminaci\u00f3n del estero Put\u00fae, lo que ha provocado una p\u00e9rdida creciente de pr\u00e1cticas culturales.<\/p>\n<p><img decoding=\"async\" class=\"alignnone size-medium wp-image-20427\" src=\"https:\/\/portal.sma.gob.cl\/wp-content\/uploads\/2020\/04\/WhatsApp-Image-2020-04-24-at-10.23.47-300x225.jpeg\" alt=\"\" width=\"300\" height=\"225\" srcset=\"https:\/\/portal.sma.gob.cl\/wp-content\/uploads\/2020\/04\/WhatsApp-Image-2020-04-24-at-10.23.47-200x150.jpeg 200w, https:\/\/portal.sma.gob.cl\/wp-content\/uploads\/2020\/04\/WhatsApp-Image-2020-04-24-at-10.23.47-300x225.jpeg 300w, https:\/\/portal.sma.gob.cl\/wp-content\/uploads\/2020\/04\/WhatsApp-Image-2020-04-24-at-10.23.47-400x300.jpeg 400w, https:\/\/portal.sma.gob.cl\/wp-content\/uploads\/2020\/04\/WhatsApp-Image-2020-04-24-at-10.23.47-600x450.jpeg 600w, https:\/\/portal.sma.gob.cl\/wp-content\/uploads\/2020\/04\/WhatsApp-Image-2020-04-24-at-10.23.47-768x576.jpeg 768w, https:\/\/portal.sma.gob.cl\/wp-content\/uploads\/2020\/04\/WhatsApp-Image-2020-04-24-at-10.23.47-800x600.jpeg 800w, https:\/\/portal.sma.gob.cl\/wp-content\/uploads\/2020\/04\/WhatsApp-Image-2020-04-24-at-10.23.47-1024x768.jpeg 1024w, https:\/\/portal.sma.gob.cl\/wp-content\/uploads\/2020\/04\/WhatsApp-Image-2020-04-24-at-10.23.47.jpeg 1097w\" sizes=\"(max-width: 300px) 100vw, 300px\" \/><\/p>\n","protected":false},"excerpt":{"rendered":"<p>Infracciones fueron clasificadas como \u201cgrav\u00edsimas\u201d, por lo que la ley establece que a la empresa se le puede revocar su resoluci\u00f3n de calificaci\u00f3n ambiental, clausurarla o multarla con hasta diez mil unidades tributarias anuales (casi $6 mil millones). Santiago, 24 de abril de 2020.-\u00a0La Superintendencia de Medio Ambiente (SMA) formul\u00f3 una serie de cargos en contra <a href=\"https:\/\/portal.sma.gob.cl\/index.php\/sma-formula-cargos-contra-titular-del-relleno-sanitario-de-villarrica-por-riesgo-ambiental\/\">Leer m\u00e1s<\/a><\/p>\n","protected":false},"author":2,"featured_media":20425,"comment_status":"open","ping_status":"open","sticky":false,"template":"","format":"standard","meta":{"footnotes":""},"categories":[90,107,94],"tags":[],"class_list":["post-20423","post","type-post","status-publish","format-standard","has-post-thumbnail","hentry","category-comunicados-noticias","category-destacado","category-notas-noticias"],"_links":{"self":[{"href":"https:\/\/portal.sma.gob.cl\/index.php\/wp-json\/wp\/v2\/posts\/20423","targetHints":{"allow":["GET"]}}],"collection":[{"href":"https:\/\/portal.sma.gob.cl\/index.php\/wp-json\/wp\/v2\/posts"}],"about":[{"href":"https:\/\/portal.sma.gob.cl\/index.php\/wp-json\/wp\/v2\/types\/post"}],"author":[{"embeddable":true,"href":"https:\/\/portal.sma.gob.cl\/index.php\/wp-json\/wp\/v2\/users\/2"}],"replies":[{"embeddable":true,"href":"https:\/\/portal.sma.gob.cl\/index.php\/wp-json\/wp\/v2\/comments?post=20423"}],"version-history":[{"count":6,"href":"https:\/\/portal.sma.gob.cl\/index.php\/wp-json\/wp\/v2\/posts\/20423\/revisions"}],"predecessor-version":[{"id":20432,"href":"https:\/\/portal.sma.gob.cl\/index.php\/wp-json\/wp\/v2\/posts\/20423\/revisions\/20432"}],"wp:featuredmedia":[{"embeddable":true,"href":"https:\/\/portal.sma.gob.cl\/index.php\/wp-json\/wp\/v2\/media\/20425"}],"wp:attachment":[{"href":"https:\/\/portal.sma.gob.cl\/index.php\/wp-json\/wp\/v2\/media?parent=20423"}],"wp:term":[{"taxonomy":"category","embeddable":true,"href":"https:\/\/portal.sma.gob.cl\/index.php\/wp-json\/wp\/v2\/categories?post=20423"},{"taxonomy":"post_tag","embeddable":true,"href":"https:\/\/portal.sma.gob.cl\/index.php\/wp-json\/wp\/v2\/tags?post=20423"}],"curies":[{"name":"wp","href":"https:\/\/api.w.org\/{rel}","templated":true}]}}