{"id":20455,"date":"2020-04-24T13:47:19","date_gmt":"2020-04-24T17:47:19","guid":{"rendered":"https:\/\/portal.sma.gob.cl\/?p=20455"},"modified":"2020-04-24T13:47:19","modified_gmt":"2020-04-24T17:47:19","slug":"sma-activa-fiscalizacion-a-los-planes-de-descontaminacion-de-talca-maule-y-el-valle-de-la-provincia-de-curico-con-especial-foco-en-el-comercio-de-lena-humeda-y-fuentes-fijas","status":"publish","type":"post","link":"https:\/\/portal.sma.gob.cl\/index.php\/sma-activa-fiscalizacion-a-los-planes-de-descontaminacion-de-talca-maule-y-el-valle-de-la-provincia-de-curico-con-especial-foco-en-el-comercio-de-lena-humeda-y-fuentes-fijas\/","title":{"rendered":"SMA activa fiscalizaci\u00f3n a los planes de descontaminaci\u00f3n de Talca-Maule y el Valle de la provincia de Curic\u00f3 con especial foco en el comercio de le\u00f1a h\u00fameda y fuentes fijas"},"content":{"rendered":"<p><strong>A la fiscalizaci\u00f3n del PDA de las comunas de Talca y Maule que se viene realizando desde el 2016, se le suma este a\u00f1o el del Valle Central de la provincia de Curic\u00f3, que abarca las comunas de Curic\u00f3, Romeral, Sagrada Familia, Teno, Molina y Rauco. <\/strong><\/p>\n<p><strong>Talca, 24 de abril de 2020.-<\/strong> La Superintendencia de Medio Ambiente activ\u00f3 su programa de fiscalizaci\u00f3n para la gesti\u00f3n de episodios cr\u00edticos (GEC) 2020 a los planes de descontaminaci\u00f3n atmosf\u00e9rica (PDA) de Talca-Maule y Valle Central de Curic\u00f3.<\/p>\n<p>La estrategia de fiscalizaci\u00f3n de ambos planes se focalizar\u00e1 principalmente en la prohibici\u00f3n de comercializar le\u00f1a h\u00fameda, el cumplimiento de emisiones de fuentes fijas como calderas, y para el caso del Valle de Curic\u00f3, las restricciones de operaciones de fuentes fijas durante episodios cr\u00edticos de contaminaci\u00f3n. Ello es especialmente relevante para disminuir los \u00edndices de contaminaci\u00f3n en el escenario de pandemia de coronavirus que afecta al pa\u00eds.<\/p>\n<p>\u201cComo Ministerio del Medio Ambiente, nos encontramos en plena vigilancia de la calidad del aire en las comunas que cuentan con Planes de Descontaminaci\u00f3n Atmosf\u00e9rica (PDAs) en vigencia. En este sentido, mantenemos el monitoreo de material particulado MP10 y MP2,5 en forma continua. Lo que esperamos como gobierno es que las personas tomen conciencia de que la calefacci\u00f3n residencial a le\u00f1a genera efectos y riesgos en la salud de la poblaci\u00f3n, m\u00e1s en esta situaci\u00f3n de crisis sanitaria mundial provocado por el Coronavirus, se\u00f1al\u00f3 el Seremi del Medio Ambiente de la Regi\u00f3n del Maule, Pablo Sep\u00falveda.<\/p>\n<p>A\u00f1adi\u00f3 que, por este motivo, es que reiteran el llamado a acatar las restricciones de no emitir humos visibles desde las viviendas y desde las industrias, durante el periodo de oto\u00f1o e invierno. \u201cTodo esto con el fin de disminuir la mala calidad del aire, las enfermedades respiratorias y no saturar el sistema de salud en nuestras ciudades\u201d, enfatiz\u00f3.<\/p>\n<p>El uso de le\u00f1a h\u00fameda como combustible para calefacci\u00f3n es considerado la principal fuente de contaminaci\u00f3n atmosf\u00e9rica en la zona, problema al que se suman las emisiones de otras fuentes fijas como las industriales.<\/p>\n<p>Mariela Valenzuela, jefa regional de la SMA en la Regi\u00f3n del Maule, explica que de las fiscalizaciones que se han realizado a le\u00f1er\u00edas establecidas, la mayor\u00eda cuenta con le\u00f1a que cumple con el contenido de humedad m\u00e1ximo permitido, as\u00ed como con xilohigr\u00f3metro, instrumento para medir humedad, por lo que enfatiza en la importancia de no comprar le\u00f1a en el comercio ambulante, donde a diferencia de las primeras es muy dif\u00edcil para la autoridad verificar que no se trata de le\u00f1a h\u00fameda.<\/p>\n<p>Respecto a las fuentes fijas, se har\u00e1 una fiscalizaci\u00f3n permanente durante el invierno en ambos planes de descontaminaci\u00f3n, y para el caso del Valle de Curic\u00f3, durante la gesti\u00f3n de episodios cr\u00edticos\u00a0se prohibir\u00e1 el funcionamiento de calderas a le\u00f1a o carb\u00f3n mineral, hornos a le\u00f1a o carb\u00f3n vegetal, y las calderas industriales y de calefacci\u00f3n con emisiones mayores a 30 mg\/m<sup>3<\/sup>N de Material Particulado.<\/p>\n","protected":false},"excerpt":{"rendered":"<p>A la fiscalizaci\u00f3n del PDA de las comunas de Talca y Maule que se viene realizando desde el 2016, se le suma este a\u00f1o el del Valle Central de la provincia de Curic\u00f3, que abarca las comunas de Curic\u00f3, Romeral, Sagrada Familia, Teno, Molina y Rauco. Talca, 24 de abril de 2020.- La Superintendencia de Medio <a href=\"https:\/\/portal.sma.gob.cl\/index.php\/sma-activa-fiscalizacion-a-los-planes-de-descontaminacion-de-talca-maule-y-el-valle-de-la-provincia-de-curico-con-especial-foco-en-el-comercio-de-lena-humeda-y-fuentes-fijas\/\">Leer m\u00e1s<\/a><\/p>\n","protected":false},"author":8,"featured_media":20454,"comment_status":"open","ping_status":"open","sticky":false,"template":"","format":"standard","meta":{"footnotes":""},"categories":[90,107],"tags":[],"class_list":["post-20455","post","type-post","status-publish","format-standard","has-post-thumbnail","hentry","category-comunicados-noticias","category-destacado"],"_links":{"self":[{"href":"https:\/\/portal.sma.gob.cl\/index.php\/wp-json\/wp\/v2\/posts\/20455","targetHints":{"allow":["GET"]}}],"collection":[{"href":"https:\/\/portal.sma.gob.cl\/index.php\/wp-json\/wp\/v2\/posts"}],"about":[{"href":"https:\/\/portal.sma.gob.cl\/index.php\/wp-json\/wp\/v2\/types\/post"}],"author":[{"embeddable":true,"href":"https:\/\/portal.sma.gob.cl\/index.php\/wp-json\/wp\/v2\/users\/8"}],"replies":[{"embeddable":true,"href":"https:\/\/portal.sma.gob.cl\/index.php\/wp-json\/wp\/v2\/comments?post=20455"}],"version-history":[{"count":2,"href":"https:\/\/portal.sma.gob.cl\/index.php\/wp-json\/wp\/v2\/posts\/20455\/revisions"}],"predecessor-version":[{"id":20457,"href":"https:\/\/portal.sma.gob.cl\/index.php\/wp-json\/wp\/v2\/posts\/20455\/revisions\/20457"}],"wp:featuredmedia":[{"embeddable":true,"href":"https:\/\/portal.sma.gob.cl\/index.php\/wp-json\/wp\/v2\/media\/20454"}],"wp:attachment":[{"href":"https:\/\/portal.sma.gob.cl\/index.php\/wp-json\/wp\/v2\/media?parent=20455"}],"wp:term":[{"taxonomy":"category","embeddable":true,"href":"https:\/\/portal.sma.gob.cl\/index.php\/wp-json\/wp\/v2\/categories?post=20455"},{"taxonomy":"post_tag","embeddable":true,"href":"https:\/\/portal.sma.gob.cl\/index.php\/wp-json\/wp\/v2\/tags?post=20455"}],"curies":[{"name":"wp","href":"https:\/\/api.w.org\/{rel}","templated":true}]}}