{"id":20469,"date":"2020-04-27T10:12:43","date_gmt":"2020-04-27T14:12:43","guid":{"rendered":"https:\/\/portal.sma.gob.cl\/?p=20469"},"modified":"2020-04-27T10:29:39","modified_gmt":"2020-04-27T14:29:39","slug":"sma-activa-fiscalizacion-a-planes-de-descontaminacion-del-gran-concepcion-y-los-angeles-con-especial-foco-en-fuentes-fijas-y-lena-2","status":"publish","type":"post","link":"https:\/\/portal.sma.gob.cl\/index.php\/sma-activa-fiscalizacion-a-planes-de-descontaminacion-del-gran-concepcion-y-los-angeles-con-especial-foco-en-fuentes-fijas-y-lena-2\/","title":{"rendered":"SMA activa fiscalizaci\u00f3n a planes de descontaminaci\u00f3n del Gran Concepci\u00f3n y Los \u00c1ngeles con especial foco en fuentes fijas y le\u00f1a"},"content":{"rendered":"<p><strong>En la zona metropolitana de Concepci\u00f3n la contaminaci\u00f3n ambiental la generan la calefacci\u00f3n domiciliaria, fuentes fijas industriales, el transporte y las quemas agr\u00edcolas o incendios, mientras en <\/strong><strong>Los \u00c1ngeles el 95% lo producen las casas. <\/strong><\/p>\n<p><strong>Concepci\u00f3n, 27 de abril de 2020.- <\/strong>La Superintendencia de Medio Ambiente activ\u00f3 su programa de fiscalizaci\u00f3n para la gesti\u00f3n de episodios cr\u00edticos (GEC) 2020 a los planes de descontaminaci\u00f3n atmosf\u00e9rica (PDA) de Concepci\u00f3n Metropolitano y Los \u00c1ngeles, con especial \u00e9nfasis en la fiscalizaci\u00f3n a las fuentes fijas y la le\u00f1a h\u00fameda. Ello es especialmente relevante en medio de la pandemia por coronavirus que afecta al pa\u00eds.<\/p>\n<p>Un aspecto novedoso en la fiscalizaci\u00f3n de este a\u00f1o ser\u00e1 el uso de tecnolog\u00eda de punta, que ayudar\u00e1 a tener un mayor control sobre las fuentes de emisiones contaminantes, explica Juan Pablo Granzow, jefe (s) regional de la SMA en la Regi\u00f3n de Biob\u00edo.<\/p>\n<p>La estrategia de fiscalizaci\u00f3n se focalizar\u00e1 en cuatro medidas: prohibici\u00f3n de comercializar le\u00f1a h\u00fameda; obligaci\u00f3n de los establecimientos comerciales y de organismos del Estado de declarar sus sistemas de calefacci\u00f3n y programar el recambio de calefactores a le\u00f1a; restricciones de operaciones de fuentes fijas durante episodios cr\u00edticos y prohibici\u00f3n de humos visibles en sectores residenciales.<\/p>\n<p>Trabajo que -seg\u00fan comenta Juan Pablo- para la Regi\u00f3n del Biob\u00edo contar\u00e1 con el refuerzo de una unidad de fiscalizadores destinados para tal efecto, la que tendr\u00e1 el rol de fiscalizar todos los proyectos afectos al Plan de Descontaminaci\u00f3n Atmosf\u00e9rico del Concepci\u00f3n Metropolitano y de Los \u00c1ngeles.<\/p>\n<p><strong>Fiscalizaci\u00f3n al PDA de Concepci\u00f3n Metropolitano<\/strong><\/p>\n<p>En el caso del PDA del Gran Concepci\u00f3n la situaci\u00f3n de contaminaci\u00f3n por PM2.5 y PM10 difiere de las realidades de otros centros urbanos con PDA, pues en ella, la matriz de fuentes emisoras se distribuye a grandes rasgos en tres grupos, uno asociado a calefacci\u00f3n domiciliaria, otro a fuentes fijas de tipo industrial, y el \u00faltimo a fuentes de \u00e1rea con tr\u00e1fico vehicular.<\/p>\n<p>\u201cAdicionalmente, debido a la contingencia generada por el COVID-19 que ha afectada de forma diferenciada a las comunas del Concepci\u00f3n Metropolitano, focalizaremos esfuerzos de fiscalizaci\u00f3n en fuentes fijas prioritarias en el \u00e1rea del PDA, entendiendo que los esfuerzos de disminuci\u00f3n de emisiones asociados al l\u00edmite para calderas tienen un plazo de 24 meses corrido desde su publicaci\u00f3n en el Diario Oficial\u201d, explica la autoridad regional.<\/p>\n<p>Sin perjuicio de lo anterior, las medidas de control de fuentes fijas durante las pre-emergencias y emergencias ser\u00e1n controladas por la SMA, debiendo las empresas afectas acreditar el cumplimiento de la paralizaci\u00f3n de las fuentes cuando les corresponda.<\/p>\n<p>\u201cLa fiscalizaci\u00f3n de los centros de venta de le\u00f1a establecidos en Concepci\u00f3n Metropolitano se encuentra priorizada por la SMA, por lo que realizaremos las acciones de fiscalizaci\u00f3n directa requeridas, adem\u00e1s de participar en una Mesa P\u00fablica coordinada por la CONAF respecto de esta materia, en particular respecto del comercio de le\u00f1a no formal\u201d, explica\u00a0Juan Pablo Granzow.<\/p>\n<p>Como referencia, durante el a\u00f1o pasado, en el Gran Concepci\u00f3n hubo 23 episodios cr\u00edticos, de los cuales 19 fueron alertas, 4 preemergencias, no registr\u00e1ndose episodios de emergencias durante el 2019.<\/p>\n<p><strong>PDA de Los \u00c1ngeles<\/strong><\/p>\n<p>En tanto, en la ciudad de Los \u00c1ngeles la situaci\u00f3n de contaminaci\u00f3n por PM2.5 se encuentra asociada en un 95% al sector domiciliario.<\/p>\n<p>\u201cComo SMA esta situaci\u00f3n nos preocupa mucho, debido que el PDA en este contexto se concentra en acciones de mediano y largo plazo, que apuntan al recambio de la matriz de combustible para calefacci\u00f3n, mejoras en los equipos de calefacci\u00f3n y aislaci\u00f3n t\u00e9rmica domiciliaria\u201d, se\u00f1ala el jefe (S) regional.<\/p>\n<p>La pandemia del coronavirus llevar\u00e1 a redoblar especialmente la fiscalizaci\u00f3n a emisiones de fuentes domiciliarias, para minimizar las emisiones de humos visibles por mala combusti\u00f3n de le\u00f1a, en situaciones de alerta, pre-emergencia y emergencia, las que pueden empeorar la situaci\u00f3n de salud de la poblaci\u00f3n vulnerable de la comuna de Los \u00c1ngeles, agrega Granzow.<\/p>\n<p>Estas acciones se realizar\u00e1n en paralelo con la fiscalizaci\u00f3n a fuentes fijas priorizadas del \u00e1rea de la comuna de Los \u00c1ngeles y le\u00f1er\u00eda.<\/p>\n<p>Durante el a\u00f1o pasado, en dicha ciudad hubo 47 episodios cr\u00edticos, de los cuales 25 fueron alertas, 12 preemergencias y 10 emergencias.<\/p>\n<p>Por su parte, Mario Delannays, Seremi del Medio Ambiente, indic\u00f3 que los planes de acci\u00f3n para los planes de descontaminaci\u00f3n vigentes en la regi\u00f3n, apuntan tambi\u00e9n a la educaci\u00f3n ambiental, y que podamos avanzar en la difusi\u00f3n de acciones que se est\u00e1n realizando.<\/p>\n<p>\u201cLa coordinaci\u00f3n ha sido clave. Hemos llevado adelante la coordinaci\u00f3n con el resto de los servicios p\u00fablicos vinculados a la ejecuci\u00f3n de los planes de forma activa. Sabemos que son momentos complejos, donde las personas requieren informaci\u00f3n precisa y oportuna, es por ello que dentro de nuestro plan de acci\u00f3n est\u00e1 la difusi\u00f3n diaria y permanente del pron\u00f3stico de calidad de aire\u201d, coment\u00f3 la autoridad.<\/p>\n<p>Tambi\u00e9n, Delannays se\u00f1al\u00f3 que \u201ccada medida que est\u00e1 registrada en los decretos que establecen el PDA de Los \u00c1ngeles o el PPDA del Gran Concepci\u00f3n involucran recursos econ\u00f3micos, pero lo relevante de esto, que est\u00e1 por sobre la inversi\u00f3n, es la voluntad y la conciencia de las personas, porque solo de esa forma vamos a lograr el objetivo, que es prevenir y descontaminar el aire en estos territorios\u201d.<\/p>\n<p>Adicionalmente, la autoridad ambiental inform\u00f3 que han desarrollado diversos comit\u00e9s operativos, con el fin de coordinar cada servicio, se han reunido con la industria para conocer sus planes operacionales, ha habido reuniones con los municipios para canalizar la difusi\u00f3n de la gesti\u00f3n de episodios cr\u00edticos y recordar cu\u00e1les son las medidas en las cuales deben responder.<\/p>\n<p>\u201cNosotros tenemos claro que los municipios cumplen un rol clave, puesto que son la puerta de acceso que tienen las comunidades con la funci\u00f3n p\u00fablica, y por ello tienen un conocimiento espec\u00edfico de sus territorios que es relevante poder considerar. Con ese insumo, le hemos pedido a la industria sus planes de trabajo para la temporada invernal, porque nos interesa que cumplan aquellas acciones, tanto de inversi\u00f3n en nuevo equipamiento para reducir emisiones, o que ajusten sus operaciones en beneficio de la calidad de vida de las personas\u201d.<\/p>\n<p>En el caso de Los \u00c1ngeles, donde la calefacci\u00f3n residencial es el principal aporte de material particulado, Delannays destac\u00f3 que \u201ca pesar que tenemos un alto \u00edndice de MP en la comuna por uso de le\u00f1a como combustible para calefaccionarse, durante el a\u00f1o pasado tuvimos buenos indicadores, reduciendo los episodios cr\u00edticos comparados con a\u00f1os anteriores\u201d, a\u00f1adi\u00f3.<\/p>\n<p>Por \u00faltimo, \u201cEsta vez sabemos que la situaci\u00f3n es distinta, porque tenemos la emergencia sanitaria, y la gente va a pasar m\u00e1s tiempo en sus hogares para evitar posibles contagios, por tanto podr\u00eda aumentar las emisiones. Por ello hacemos un llamado a hacer un buen uso de su calefactor, y evitar los humos visibles, s\u00f3lo as\u00ed ayudaremos a reducir el riesgo de enfermedades respiratorias en ni\u00f1os y adultos mayores\u201d.<\/p>\n<p><img decoding=\"async\" class=\"alignnone size-large wp-image-20468\" src=\"https:\/\/portal.sma.gob.cl\/wp-content\/uploads\/2020\/04\/SMA-activa-fiscalizaci\u00f3n-a-planes-de-descontaminaci\u00f3n-del-Gran-Concepci\u00f3n-y-Los-\u00c1ngeles-con-especial-foco-en-fuentes-fijas-y-le\u00f1a-B-1024x596.jpg\" alt=\"\" width=\"1024\" height=\"596\" srcset=\"https:\/\/portal.sma.gob.cl\/wp-content\/uploads\/2020\/04\/SMA-activa-fiscalizaci\u00f3n-a-planes-de-descontaminaci\u00f3n-del-Gran-Concepci\u00f3n-y-Los-\u00c1ngeles-con-especial-foco-en-fuentes-fijas-y-le\u00f1a-B-200x116.jpg 200w, https:\/\/portal.sma.gob.cl\/wp-content\/uploads\/2020\/04\/SMA-activa-fiscalizaci\u00f3n-a-planes-de-descontaminaci\u00f3n-del-Gran-Concepci\u00f3n-y-Los-\u00c1ngeles-con-especial-foco-en-fuentes-fijas-y-le\u00f1a-B-300x175.jpg 300w, https:\/\/portal.sma.gob.cl\/wp-content\/uploads\/2020\/04\/SMA-activa-fiscalizaci\u00f3n-a-planes-de-descontaminaci\u00f3n-del-Gran-Concepci\u00f3n-y-Los-\u00c1ngeles-con-especial-foco-en-fuentes-fijas-y-le\u00f1a-B-400x233.jpg 400w, https:\/\/portal.sma.gob.cl\/wp-content\/uploads\/2020\/04\/SMA-activa-fiscalizaci\u00f3n-a-planes-de-descontaminaci\u00f3n-del-Gran-Concepci\u00f3n-y-Los-\u00c1ngeles-con-especial-foco-en-fuentes-fijas-y-le\u00f1a-B-600x349.jpg 600w, https:\/\/portal.sma.gob.cl\/wp-content\/uploads\/2020\/04\/SMA-activa-fiscalizaci\u00f3n-a-planes-de-descontaminaci\u00f3n-del-Gran-Concepci\u00f3n-y-Los-\u00c1ngeles-con-especial-foco-en-fuentes-fijas-y-le\u00f1a-B-768x447.jpg 768w, https:\/\/portal.sma.gob.cl\/wp-content\/uploads\/2020\/04\/SMA-activa-fiscalizaci\u00f3n-a-planes-de-descontaminaci\u00f3n-del-Gran-Concepci\u00f3n-y-Los-\u00c1ngeles-con-especial-foco-en-fuentes-fijas-y-le\u00f1a-B-800x465.jpg 800w, https:\/\/portal.sma.gob.cl\/wp-content\/uploads\/2020\/04\/SMA-activa-fiscalizaci\u00f3n-a-planes-de-descontaminaci\u00f3n-del-Gran-Concepci\u00f3n-y-Los-\u00c1ngeles-con-especial-foco-en-fuentes-fijas-y-le\u00f1a-B-1024x596.jpg 1024w, https:\/\/portal.sma.gob.cl\/wp-content\/uploads\/2020\/04\/SMA-activa-fiscalizaci\u00f3n-a-planes-de-descontaminaci\u00f3n-del-Gran-Concepci\u00f3n-y-Los-\u00c1ngeles-con-especial-foco-en-fuentes-fijas-y-le\u00f1a-B.jpg 1100w\" sizes=\"(max-width: 1024px) 100vw, 1024px\" \/><\/p>\n<p>Fotograf\u00eda: Instalaci\u00f3n con fuentes fijas en la Regi\u00f3n del Biob\u00edo.<\/p>\n","protected":false},"excerpt":{"rendered":"<p>En la zona metropolitana de Concepci\u00f3n la contaminaci\u00f3n ambiental la generan la calefacci\u00f3n domiciliaria, fuentes fijas industriales, el transporte y las quemas agr\u00edcolas o incendios, mientras en Los \u00c1ngeles el 95% lo producen las casas. Concepci\u00f3n, 27 de abril de 2020.- La Superintendencia de Medio Ambiente activ\u00f3 su programa de fiscalizaci\u00f3n para la gesti\u00f3n de episodios <a href=\"https:\/\/portal.sma.gob.cl\/index.php\/sma-activa-fiscalizacion-a-planes-de-descontaminacion-del-gran-concepcion-y-los-angeles-con-especial-foco-en-fuentes-fijas-y-lena-2\/\">Leer m\u00e1s<\/a><\/p>\n","protected":false},"author":8,"featured_media":20467,"comment_status":"open","ping_status":"open","sticky":false,"template":"","format":"standard","meta":{"footnotes":""},"categories":[90,107],"tags":[],"class_list":["post-20469","post","type-post","status-publish","format-standard","has-post-thumbnail","hentry","category-comunicados-noticias","category-destacado"],"_links":{"self":[{"href":"https:\/\/portal.sma.gob.cl\/index.php\/wp-json\/wp\/v2\/posts\/20469","targetHints":{"allow":["GET"]}}],"collection":[{"href":"https:\/\/portal.sma.gob.cl\/index.php\/wp-json\/wp\/v2\/posts"}],"about":[{"href":"https:\/\/portal.sma.gob.cl\/index.php\/wp-json\/wp\/v2\/types\/post"}],"author":[{"embeddable":true,"href":"https:\/\/portal.sma.gob.cl\/index.php\/wp-json\/wp\/v2\/users\/8"}],"replies":[{"embeddable":true,"href":"https:\/\/portal.sma.gob.cl\/index.php\/wp-json\/wp\/v2\/comments?post=20469"}],"version-history":[{"count":2,"href":"https:\/\/portal.sma.gob.cl\/index.php\/wp-json\/wp\/v2\/posts\/20469\/revisions"}],"predecessor-version":[{"id":20471,"href":"https:\/\/portal.sma.gob.cl\/index.php\/wp-json\/wp\/v2\/posts\/20469\/revisions\/20471"}],"wp:featuredmedia":[{"embeddable":true,"href":"https:\/\/portal.sma.gob.cl\/index.php\/wp-json\/wp\/v2\/media\/20467"}],"wp:attachment":[{"href":"https:\/\/portal.sma.gob.cl\/index.php\/wp-json\/wp\/v2\/media?parent=20469"}],"wp:term":[{"taxonomy":"category","embeddable":true,"href":"https:\/\/portal.sma.gob.cl\/index.php\/wp-json\/wp\/v2\/categories?post=20469"},{"taxonomy":"post_tag","embeddable":true,"href":"https:\/\/portal.sma.gob.cl\/index.php\/wp-json\/wp\/v2\/tags?post=20469"}],"curies":[{"name":"wp","href":"https:\/\/api.w.org\/{rel}","templated":true}]}}