{"id":20511,"date":"2020-04-28T11:00:56","date_gmt":"2020-04-28T15:00:56","guid":{"rendered":"https:\/\/portal.sma.gob.cl\/?p=20511"},"modified":"2020-04-28T11:00:56","modified_gmt":"2020-04-28T15:00:56","slug":"superintendente-de-la-maza-participo-en-la-primera-reunion-2020-de-la-red-nacional-de-fiscalizacion","status":"publish","type":"post","link":"https:\/\/portal.sma.gob.cl\/index.php\/superintendente-de-la-maza-participo-en-la-primera-reunion-2020-de-la-red-nacional-de-fiscalizacion\/","title":{"rendered":"Superintendente De La Maza particip\u00f3 en la primera reuni\u00f3n 2020 de la Red Nacional de Fiscalizaci\u00f3n"},"content":{"rendered":"<p><strong>Los organismos fiscalizadores plantearon la necesidad no s\u00f3lo de actuar de manera coordinada frente a las contingencias, optimizar las acciones de fiscalizaci\u00f3n, fortalecer los pilares tecnol\u00f3gicos y la gesti\u00f3n de datos, sino tambi\u00e9n avanzar en el enfoque de riesgo y territorial. <\/strong><\/p>\n<p><strong>Santiago, 28 de abril de 2020.- <\/strong>El Superintendente de Medio Ambiente, Crist\u00f3bal De La Maza, particip\u00f3 el pasado viernes 24 de abril en la primera reuni\u00f3n 2020 de la Red Nacional de Fiscalizaci\u00f3n Ambiental (RENFA), que se realiz\u00f3 de manera remota dada la situaci\u00f3n de pandemia por coronavirus (COVID-19) que afecta a nuestro pa\u00eds.<\/p>\n<p>En su presentaci\u00f3n, De La Maza abord\u00f3 c\u00f3mo la SMA ha adaptado la fiscalizaci\u00f3n ante la contingencia actual, los ajustes al programa 2020, el fortalecimiento de otros mecanismos de fiscalizaci\u00f3n y de informaci\u00f3n relevante, as\u00ed como la b\u00fasqueda de otros mecanismos de financiamiento.<\/p>\n<p>\u201cNo hay inconvenientes para que los servicios puedan postular a iniciativas de adquisici\u00f3n de activos no financieros, como veh\u00edculos y maquinarias, a los recursos de los gobiernos regionales, por lo cual la Superintendencia del Medio Ambiente comenzar\u00e1 a postular estas iniciativas de acuerdo a los formatos que establece el oficio circular n\u00famero 33 de DIPRES\u201d, dijo el jefe de la SMA.<\/p>\n<p>Otros aspectos relevantes fueron la necesidad de que la RENFA act\u00fae de manera coordinada frente a las contingencias, optimizar las acciones de fiscalizaci\u00f3n, fortalecer los pilares tecnol\u00f3gicos y la gesti\u00f3n de datos y avanzar en el enfoque de riesgo y territorial.<\/p>\n<p>El Superintendente De La Maza propuso conformar comit\u00e9s de integraci\u00f3n tecnol\u00f3gica y optimizaci\u00f3n de organizaci\u00f3n en terreno, adem\u00e1s de realizar un taller en el que cada instituci\u00f3n presente sus gestiones desde octubre de 2019 a la fecha.<\/p>\n<p>En representaci\u00f3n de la Direcci\u00f3n General de Aguas (DGA), M\u00f3nica Musalem se\u00f1al\u00f3 que la situaci\u00f3n de salubridad \u201clleg\u00f3 para quedarse y hay que saber vivir separados, pero juntos, y reaprender ciertas formas de trabajar. Ser\u00eda \u00fatil la plataforma SMA-SOS no s\u00f3lo para descargar los archivos presentados por los titulares, sino que tambi\u00e9n para reportar desde los servicios\u201d.<\/p>\n<p>Pilar Meza, del Servicio Agr\u00edcola y Ganadero (SAG), explic\u00f3 que han realizado s\u00f3lo las fiscalizaciones m\u00e1s importantes; mientras Teddy Holmberg, de la Corporaci\u00f3n Nacional Forestal (CONAF), indic\u00f3 que cuentan con un instructivo interno para el uso de la le\u00f1a, sobre todo en lo que se refiere a su origen.<\/p>\n<p>Por su parte, Jaime Mart\u00ednez, del Servicio Nacional de Geolog\u00eda y Miner\u00eda (Sernageomin), plante\u00f3 que el ajuste presupuestario los llev\u00f3 a ser m\u00e1s eficaces y que la industria minera en general ha seguido trabajando.<\/p>\n<p>Por \u00faltimo, Haxel Lindermann, de la Direcci\u00f3n General del Territorio Mar\u00edtimo y Mar\u00edtima Mercante (Directemar) mencion\u00f3 que est\u00e1n en fase de adjudicaci\u00f3n del laboratorio, pero necesitan el catastro de las fuentes emisoras que van a fiscalizar, para exigir a los titulares los informes de autocontrol.<\/p>\n<p>Cabe recordar que la <a href=\"http:\/\/renfa.sma.gob.cl\/\">RENFA<\/a> est\u00e1 integrada por diversas instituciones fiscalizadoras, como CONAF, SAG, DGA, Sernageomin, SEC, SIS, Sernapesca, entre otras, y tiene por objeto fortalecer el modelo de fiscalizaci\u00f3n ambiental creado por la Ley N\u00b020.417 mediante un uso eficiente, eficaz y coordinado de las capacidades de fiscalizaci\u00f3n de los organismos con competencias ambiental a nivel nacional.<\/p>\n","protected":false},"excerpt":{"rendered":"<p>Los organismos fiscalizadores plantearon la necesidad no s\u00f3lo de actuar de manera coordinada frente a las contingencias, optimizar las acciones de fiscalizaci\u00f3n, fortalecer los pilares tecnol\u00f3gicos y la gesti\u00f3n de datos, sino tambi\u00e9n avanzar en el enfoque de riesgo y territorial. Santiago, 28 de abril de 2020.- El Superintendente de Medio Ambiente, Crist\u00f3bal De La Maza, <a href=\"https:\/\/portal.sma.gob.cl\/index.php\/superintendente-de-la-maza-participo-en-la-primera-reunion-2020-de-la-red-nacional-de-fiscalizacion\/\">Leer m\u00e1s<\/a><\/p>\n","protected":false},"author":8,"featured_media":20513,"comment_status":"open","ping_status":"open","sticky":false,"template":"","format":"standard","meta":{"footnotes":""},"categories":[90,107],"tags":[],"class_list":["post-20511","post","type-post","status-publish","format-standard","has-post-thumbnail","hentry","category-comunicados-noticias","category-destacado"],"_links":{"self":[{"href":"https:\/\/portal.sma.gob.cl\/index.php\/wp-json\/wp\/v2\/posts\/20511","targetHints":{"allow":["GET"]}}],"collection":[{"href":"https:\/\/portal.sma.gob.cl\/index.php\/wp-json\/wp\/v2\/posts"}],"about":[{"href":"https:\/\/portal.sma.gob.cl\/index.php\/wp-json\/wp\/v2\/types\/post"}],"author":[{"embeddable":true,"href":"https:\/\/portal.sma.gob.cl\/index.php\/wp-json\/wp\/v2\/users\/8"}],"replies":[{"embeddable":true,"href":"https:\/\/portal.sma.gob.cl\/index.php\/wp-json\/wp\/v2\/comments?post=20511"}],"version-history":[{"count":6,"href":"https:\/\/portal.sma.gob.cl\/index.php\/wp-json\/wp\/v2\/posts\/20511\/revisions"}],"predecessor-version":[{"id":20518,"href":"https:\/\/portal.sma.gob.cl\/index.php\/wp-json\/wp\/v2\/posts\/20511\/revisions\/20518"}],"wp:featuredmedia":[{"embeddable":true,"href":"https:\/\/portal.sma.gob.cl\/index.php\/wp-json\/wp\/v2\/media\/20513"}],"wp:attachment":[{"href":"https:\/\/portal.sma.gob.cl\/index.php\/wp-json\/wp\/v2\/media?parent=20511"}],"wp:term":[{"taxonomy":"category","embeddable":true,"href":"https:\/\/portal.sma.gob.cl\/index.php\/wp-json\/wp\/v2\/categories?post=20511"},{"taxonomy":"post_tag","embeddable":true,"href":"https:\/\/portal.sma.gob.cl\/index.php\/wp-json\/wp\/v2\/tags?post=20511"}],"curies":[{"name":"wp","href":"https:\/\/api.w.org\/{rel}","templated":true}]}}