{"id":20520,"date":"2020-04-28T14:23:04","date_gmt":"2020-04-28T18:23:04","guid":{"rendered":"https:\/\/portal.sma.gob.cl\/?p=20520"},"modified":"2020-04-28T14:23:04","modified_gmt":"2020-04-28T18:23:04","slug":"region-metropolitana-sma-ordena-renovacion-de-medidas-provisionales-a-consorcio-santa-marta-s-a","status":"publish","type":"post","link":"https:\/\/portal.sma.gob.cl\/index.php\/region-metropolitana-sma-ordena-renovacion-de-medidas-provisionales-a-consorcio-santa-marta-s-a\/","title":{"rendered":"Regi\u00f3n Metropolitana: SMA ordena renovaci\u00f3n de medidas provisionales a Consorcio Santa Marta S.A."},"content":{"rendered":"<p><strong>Debido a que siguen existiendo residuos dispuestos sobre suelo sin impermeabilizar en el eje de la Quebrada El Boldal, y a\u00fan se realizan descargas de efluentes del tratamiento terciario en la Quebrada El Aguilar.<\/strong><\/p>\n<p><strong>Santiago, 28 de abril de 2020.- <\/strong>El Superintendente del Medio Ambiente, Crist\u00f3bal De La Maza orden\u00f3 renovar medidas provisionales a la empresa Consorcio Santa Marta S.A. titular del proyecto &#8220;Relleno Sanitario Santa Marta\u201d, el cual consiste en la construcci\u00f3n, operaci\u00f3n y abandono de un sitio de disposici\u00f3n final de los residuos s\u00f3lidos urbanos de la zona sur de Santiago en la Regi\u00f3n Metropolitana.<\/p>\n<p>Cabe recordar, que este recinto se concibi\u00f3 con el fin de ofrecer una alternativa de disposici\u00f3n final sanitaria a los residuos s\u00f3lidos urbanos de la zona sur de Santiago que se depositaban en el relleno sanitario de Lepanto. Proyecto que tambi\u00e9n considera un Sistema de Tratamiento de Lixiviados, un Sistema de Manejo de Biog\u00e1s y una Central ERNC.<\/p>\n<p>Sumado a lo anterior, y tras el incendio ocurrido en el lugar durante el a\u00f1o 2016, la SMA formul\u00f3 cargos contra este relleno y le solicit\u00f3 al Tribunal Ambiental de Santiago la clausura parcial del recinto, permitiendo al proyecto recibir residuos domiciliarios en un \u00e1rea definida como segura.<\/p>\n<p>Luego, la Seremi de Salud, mediante la Resoluci\u00f3n Exenta N\u00b0 9753\/2017, aprob\u00f3 el funcionamiento de los proyectos \u201cRehabilitaci\u00f3n del Relleno Sanitario Santa Marta\u201d y \u201cDise\u00f1o geom\u00e9trico definitivo Relleno Sanitario Santa Marta\u201d.<\/p>\n<p>No obstante, lo anterior, existen a\u00fan residuos dispuestos sobre suelo sin impermeabilizar en el eje de la quebrada El Boldal, adem\u00e1s de la continua descarga de efluentes de tratamiento terciario en la quebrada El Aguilar. Debido a ello, esta Superintendencia estima necesario renovar determinadas medidas provisionales de control, con el fin monitorear el comportamiento de ciertas variables, y as\u00ed poder contar con la informaci\u00f3n necesaria que permita adoptar o precisar medidas que eviten una nueva hip\u00f3tesis de afectaci\u00f3n al medio ambiente y a la salud de poblaci\u00f3n.<\/p>\n<p>Frente a lo anterior, la empresa deber\u00e1: reportar el volumen de residuos dispuestos, en ton\/d\u00eda, as\u00ed como tambi\u00e9n el caudal de biog\u00e1s captado de manera mensual y que ingresa a la central ENRC.<\/p>\n<p>Asimismo, deber\u00e1 incluir en el reporte mensual el avance del proceso de instalaci\u00f3n de geomembranas en las nuevas etapas de impermeabilizaci\u00f3n cercanas al frente de trabajo e informar el estado actual en que se encuentra la autorizaci\u00f3n sectorial de tramitaci\u00f3n del sector denominado Etapa 627 S-E2.<\/p>\n<p>Adicionalmente, se solicit\u00f3 mantener disponible el enlace web de la c\u00e1mara de video que visualice la operaci\u00f3n, reportar los caudales y vol\u00famenes de lixiviados captados, conducidos e ingresados a la planta de tratamiento, provenientes de todas las fuentes del relleno sanitario.<\/p>\n<p>Por \u00faltimo, deber\u00e1n continuar efectuando el monitoreo de calidad de aguas superficiales y subterr\u00e1neas; de manera que impidan la infiltraci\u00f3n de los lixiviados que afloran desde la masa de residuos dispuesta en la Quebrada El Boldal, a medida que se avanza con la limpieza de la quebrada; entre otras medidas ordenadas.<\/p>\n","protected":false},"excerpt":{"rendered":"<p>Debido a que siguen existiendo residuos dispuestos sobre suelo sin impermeabilizar en el eje de la Quebrada El Boldal, y a\u00fan se realizan descargas de efluentes del tratamiento terciario en la Quebrada El Aguilar. Santiago, 28 de abril de 2020.- El Superintendente del Medio Ambiente, Crist\u00f3bal De La Maza orden\u00f3 renovar medidas provisionales a la empresa <a href=\"https:\/\/portal.sma.gob.cl\/index.php\/region-metropolitana-sma-ordena-renovacion-de-medidas-provisionales-a-consorcio-santa-marta-s-a\/\">Leer m\u00e1s<\/a><\/p>\n","protected":false},"author":8,"featured_media":20519,"comment_status":"open","ping_status":"open","sticky":false,"template":"","format":"standard","meta":{"footnotes":""},"categories":[90,107],"tags":[],"class_list":["post-20520","post","type-post","status-publish","format-standard","has-post-thumbnail","hentry","category-comunicados-noticias","category-destacado"],"_links":{"self":[{"href":"https:\/\/portal.sma.gob.cl\/index.php\/wp-json\/wp\/v2\/posts\/20520","targetHints":{"allow":["GET"]}}],"collection":[{"href":"https:\/\/portal.sma.gob.cl\/index.php\/wp-json\/wp\/v2\/posts"}],"about":[{"href":"https:\/\/portal.sma.gob.cl\/index.php\/wp-json\/wp\/v2\/types\/post"}],"author":[{"embeddable":true,"href":"https:\/\/portal.sma.gob.cl\/index.php\/wp-json\/wp\/v2\/users\/8"}],"replies":[{"embeddable":true,"href":"https:\/\/portal.sma.gob.cl\/index.php\/wp-json\/wp\/v2\/comments?post=20520"}],"version-history":[{"count":2,"href":"https:\/\/portal.sma.gob.cl\/index.php\/wp-json\/wp\/v2\/posts\/20520\/revisions"}],"predecessor-version":[{"id":20522,"href":"https:\/\/portal.sma.gob.cl\/index.php\/wp-json\/wp\/v2\/posts\/20520\/revisions\/20522"}],"wp:featuredmedia":[{"embeddable":true,"href":"https:\/\/portal.sma.gob.cl\/index.php\/wp-json\/wp\/v2\/media\/20519"}],"wp:attachment":[{"href":"https:\/\/portal.sma.gob.cl\/index.php\/wp-json\/wp\/v2\/media?parent=20520"}],"wp:term":[{"taxonomy":"category","embeddable":true,"href":"https:\/\/portal.sma.gob.cl\/index.php\/wp-json\/wp\/v2\/categories?post=20520"},{"taxonomy":"post_tag","embeddable":true,"href":"https:\/\/portal.sma.gob.cl\/index.php\/wp-json\/wp\/v2\/tags?post=20520"}],"curies":[{"name":"wp","href":"https:\/\/api.w.org\/{rel}","templated":true}]}}