{"id":20525,"date":"2020-04-28T17:55:54","date_gmt":"2020-04-28T21:55:54","guid":{"rendered":"https:\/\/portal.sma.gob.cl\/?p=20525"},"modified":"2020-04-28T17:55:54","modified_gmt":"2020-04-28T21:55:54","slug":"sma-y-seremi-de-energia-fiscalizan-leneria-y-llaman-a-usar-lena-seca-para-reducir-la-contaminacion","status":"publish","type":"post","link":"https:\/\/portal.sma.gob.cl\/index.php\/sma-y-seremi-de-energia-fiscalizan-leneria-y-llaman-a-usar-lena-seca-para-reducir-la-contaminacion\/","title":{"rendered":"SMA y seremi de Energ\u00eda fiscalizan le\u00f1er\u00eda y llaman a usar le\u00f1a seca para reducir la contaminaci\u00f3n"},"content":{"rendered":"<p><strong>Ello es especialmente relevante en este momento de pandemia por coronavirus, porque la contaminaci\u00f3n atmosf\u00e9rica aumenta el riesgo de sufrir enfermedades cardiorespiratorias. <\/strong><\/p>\n<p><strong>Talca, 28 de abril de 2020.-<\/strong> Como parte del programa de fiscalizaci\u00f3n para la gesti\u00f3n de episodios cr\u00edticos (GEC) 2020 al plan de descontaminaci\u00f3n atmosf\u00e9rica (PDA) de Talca-Maule, la jefa regional de la Superintendencia de Medio Ambiente (SMA) en Maule, Mariela Valenzuela, inspeccion\u00f3 la venta de le\u00f1a seca junto a la seremi de Energ\u00eda, Anita Prizant.<\/p>\n<p>Las autoridades llegaron hasta un establecimiento ubicado en Villa Francia, en Talca, y verificaron el grado de humedad de la le\u00f1a con xilohigr\u00f3metro, verificando el cumplimiento de \u00e9sta mediante la respectiva tabla de conversi\u00f3n.<\/p>\n<p>Valenzuela record\u00f3 que, tal como establece el PDA, toda la le\u00f1a que sea comercializada en zonas saturadas por contaminaci\u00f3n, como ocurre en la capital regional, deber\u00e1 cumplir los requerimientos t\u00e9cnicos de la Norma NCh2907, de acuerdo con la especificaci\u00f3n de &#8220;le\u00f1a seca&#8221;, que b\u00e1sicamente establece que \u00e9sta debe tener menos del 25% de humedad.<\/p>\n<p>Argument\u00f3 que se trata de un procedimiento que debe ser especialmente relevante en esta condici\u00f3n sanitaria que se encuentra el pa\u00eds, porque la contaminaci\u00f3n atmosf\u00e9rica aumenta el riesgo de sufrir enfermedades cardiorespiratorias.<\/p>\n<p>La jefa de la SMA destac\u00f3 el sistema de denuncias que tendr\u00e1 la SMA con clave \u00fanica para reportar venta de le\u00f1a h\u00fameda, las mesas de fiscalizaciones lideradas por CONAF, y el catastro completo de le\u00f1er\u00edas de la regi\u00f3n, que exigir\u00e1 reportes de humedad de manera mensual.<\/p>\n<p>\u201cCon la pandemia hemos visto como la comunidad ha puesto la salud como prioridad y por consecuencia el tema de la contaminaci\u00f3n del aire se vuelve tambi\u00e9n prioritario. Tenemos que tomar conciencia de que nuestras acciones tambi\u00e9n pueden producir un aumento en el riesgo de enfermedades cardiorespiratorias en otros miembros de la comunidad\u201d, dijo Mariela Valenzuela.<\/p>\n<p>Tambi\u00e9n llam\u00f3 a la comunidad a utilizar artefactos que tengan sus mantenciones al d\u00eda y ser responsables en el consumo de la le\u00f1a, porque se estima que en Chile la contaminaci\u00f3n generada por el uso de \u00e9sta es responsable de dos mil muertes prematuras al a\u00f1o, lo que es una situaci\u00f3n muy grave que debemos enfrentar como Estado y sociedad.<\/p>\n<p>La le\u00f1a es utilizada para la calefacci\u00f3n de forma masiva y en malas condiciones, siendo responsable del 87% del total de emisiones de material particulado fino de la zona centro-sur de nuestro pa\u00eds.<\/p>\n<p>En la misma l\u00ednea, la seremi de Energ\u00eda del Maule, Anita Prizant, se\u00f1al\u00f3 que ante la emergencia sanitaria producto del COVID-19 se est\u00e1 fiscalizando a los empresarios le\u00f1eros \u201cque forman parte de esta actividad regional, y que fueron beneficiados con el Programa Le\u00f1a M\u00e1s Seca del FNDR del Gore Maule; los cuales pudieron adquirir maquinarias o construir galpones para el acopio de \u00e9sta.<\/p>\n<p>\u201cEn consecuencia, comercializan le\u00f1a seca y contribuyen a reducir la contaminaci\u00f3n en el aire de nuestra comunidad. Mientras que la comunidad tambi\u00e9n tiene un rol c\u00f3mo fiscalizador al comprar s\u00f3lo le\u00f1a seca. Es, sin duda, responsabilidad de todos como enfrentaremos este invierno&#8221;, puntualiz\u00f3 Prizant.<\/p>\n<p><img decoding=\"async\" class=\"alignnone size-large wp-image-20524\" src=\"https:\/\/portal.sma.gob.cl\/wp-content\/uploads\/2020\/04\/28-04-2020-SMA-y-seremi-de-Energ\u00eda-fiscalizan-le\u00f1er\u00eda-y-llaman-a-usar-le\u00f1a-seca-para-reducir-la-contaminaci\u00f3n-1024x596.jpg\" alt=\"\" width=\"1024\" height=\"596\" srcset=\"https:\/\/portal.sma.gob.cl\/wp-content\/uploads\/2020\/04\/28-04-2020-SMA-y-seremi-de-Energ\u00eda-fiscalizan-le\u00f1er\u00eda-y-llaman-a-usar-le\u00f1a-seca-para-reducir-la-contaminaci\u00f3n-200x116.jpg 200w, https:\/\/portal.sma.gob.cl\/wp-content\/uploads\/2020\/04\/28-04-2020-SMA-y-seremi-de-Energ\u00eda-fiscalizan-le\u00f1er\u00eda-y-llaman-a-usar-le\u00f1a-seca-para-reducir-la-contaminaci\u00f3n-300x175.jpg 300w, https:\/\/portal.sma.gob.cl\/wp-content\/uploads\/2020\/04\/28-04-2020-SMA-y-seremi-de-Energ\u00eda-fiscalizan-le\u00f1er\u00eda-y-llaman-a-usar-le\u00f1a-seca-para-reducir-la-contaminaci\u00f3n-400x233.jpg 400w, https:\/\/portal.sma.gob.cl\/wp-content\/uploads\/2020\/04\/28-04-2020-SMA-y-seremi-de-Energ\u00eda-fiscalizan-le\u00f1er\u00eda-y-llaman-a-usar-le\u00f1a-seca-para-reducir-la-contaminaci\u00f3n-600x349.jpg 600w, https:\/\/portal.sma.gob.cl\/wp-content\/uploads\/2020\/04\/28-04-2020-SMA-y-seremi-de-Energ\u00eda-fiscalizan-le\u00f1er\u00eda-y-llaman-a-usar-le\u00f1a-seca-para-reducir-la-contaminaci\u00f3n-768x447.jpg 768w, https:\/\/portal.sma.gob.cl\/wp-content\/uploads\/2020\/04\/28-04-2020-SMA-y-seremi-de-Energ\u00eda-fiscalizan-le\u00f1er\u00eda-y-llaman-a-usar-le\u00f1a-seca-para-reducir-la-contaminaci\u00f3n-800x465.jpg 800w, https:\/\/portal.sma.gob.cl\/wp-content\/uploads\/2020\/04\/28-04-2020-SMA-y-seremi-de-Energ\u00eda-fiscalizan-le\u00f1er\u00eda-y-llaman-a-usar-le\u00f1a-seca-para-reducir-la-contaminaci\u00f3n-1024x596.jpg 1024w, https:\/\/portal.sma.gob.cl\/wp-content\/uploads\/2020\/04\/28-04-2020-SMA-y-seremi-de-Energ\u00eda-fiscalizan-le\u00f1er\u00eda-y-llaman-a-usar-le\u00f1a-seca-para-reducir-la-contaminaci\u00f3n.jpg 1100w\" sizes=\"(max-width: 1024px) 100vw, 1024px\" \/><\/p>\n<p>Fotograf\u00eda: actividad de fiscalizaci\u00f3n de humedad de le\u00f1a, en conjunto con Seremi de Energ\u00eda del Maule, Anita Prizant.<\/p>\n<p>&nbsp;<\/p>\n","protected":false},"excerpt":{"rendered":"<p>Ello es especialmente relevante en este momento de pandemia por coronavirus, porque la contaminaci\u00f3n atmosf\u00e9rica aumenta el riesgo de sufrir enfermedades cardiorespiratorias. Talca, 28 de abril de 2020.- Como parte del programa de fiscalizaci\u00f3n para la gesti\u00f3n de episodios cr\u00edticos (GEC) 2020 al plan de descontaminaci\u00f3n atmosf\u00e9rica (PDA) de Talca-Maule, la jefa regional de la Superintendencia <a href=\"https:\/\/portal.sma.gob.cl\/index.php\/sma-y-seremi-de-energia-fiscalizan-leneria-y-llaman-a-usar-lena-seca-para-reducir-la-contaminacion\/\">Leer m\u00e1s<\/a><\/p>\n","protected":false},"author":8,"featured_media":20523,"comment_status":"open","ping_status":"open","sticky":false,"template":"","format":"standard","meta":{"footnotes":""},"categories":[90,107],"tags":[],"class_list":["post-20525","post","type-post","status-publish","format-standard","has-post-thumbnail","hentry","category-comunicados-noticias","category-destacado"],"_links":{"self":[{"href":"https:\/\/portal.sma.gob.cl\/index.php\/wp-json\/wp\/v2\/posts\/20525","targetHints":{"allow":["GET"]}}],"collection":[{"href":"https:\/\/portal.sma.gob.cl\/index.php\/wp-json\/wp\/v2\/posts"}],"about":[{"href":"https:\/\/portal.sma.gob.cl\/index.php\/wp-json\/wp\/v2\/types\/post"}],"author":[{"embeddable":true,"href":"https:\/\/portal.sma.gob.cl\/index.php\/wp-json\/wp\/v2\/users\/8"}],"replies":[{"embeddable":true,"href":"https:\/\/portal.sma.gob.cl\/index.php\/wp-json\/wp\/v2\/comments?post=20525"}],"version-history":[{"count":2,"href":"https:\/\/portal.sma.gob.cl\/index.php\/wp-json\/wp\/v2\/posts\/20525\/revisions"}],"predecessor-version":[{"id":20527,"href":"https:\/\/portal.sma.gob.cl\/index.php\/wp-json\/wp\/v2\/posts\/20525\/revisions\/20527"}],"wp:featuredmedia":[{"embeddable":true,"href":"https:\/\/portal.sma.gob.cl\/index.php\/wp-json\/wp\/v2\/media\/20523"}],"wp:attachment":[{"href":"https:\/\/portal.sma.gob.cl\/index.php\/wp-json\/wp\/v2\/media?parent=20525"}],"wp:term":[{"taxonomy":"category","embeddable":true,"href":"https:\/\/portal.sma.gob.cl\/index.php\/wp-json\/wp\/v2\/categories?post=20525"},{"taxonomy":"post_tag","embeddable":true,"href":"https:\/\/portal.sma.gob.cl\/index.php\/wp-json\/wp\/v2\/tags?post=20525"}],"curies":[{"name":"wp","href":"https:\/\/api.w.org\/{rel}","templated":true}]}}