{"id":20530,"date":"2020-04-28T19:31:54","date_gmt":"2020-04-28T23:31:54","guid":{"rendered":"https:\/\/portal.sma.gob.cl\/?p=20530"},"modified":"2020-06-01T19:41:06","modified_gmt":"2020-06-01T23:41:06","slug":"sma-dicta-instrucciones-sobre-catastro-y-deber-de-reportar-para-titulares-del-comercio-de-lena-afectos-a-planes-de-prevencion-y-o-descontaminacion","status":"publish","type":"post","link":"https:\/\/portal.sma.gob.cl\/index.php\/sma-dicta-instrucciones-sobre-catastro-y-deber-de-reportar-para-titulares-del-comercio-de-lena-afectos-a-planes-de-prevencion-y-o-descontaminacion\/","title":{"rendered":"SMA dicta instrucciones sobre catastro y deber de reportar para titulares del comercio de le\u00f1a afectos a planes de prevenci\u00f3n y\/o descontaminaci\u00f3n"},"content":{"rendered":"<p><strong>El registro obligar\u00e1 a <\/strong><strong>que los<\/strong> <strong>titulares de comercio a le\u00f1a se inscriban en el sistema que la SMA dispondr\u00e1 para estos fines, y deber\u00e1n reportar mensualmente la humedad de la le\u00f1a que se comercializa entre otras variables.<\/strong><\/p>\n<p><strong>Santiago, <\/strong><strong>28<\/strong><strong> de <\/strong><strong>abril<\/strong><strong> de 20<\/strong><strong>20<\/strong><strong>.-<\/strong>\u00a0El Diario Oficial public\u00f3 esta ma\u00f1ana la Resoluci\u00f3n Exenta N\u00b0651\/2020 de la Superintendencia del Medio Ambiente (SMA) que dicta \u201cInstrucciones de car\u00e1cter general sobre catastro y deber de reporte para los titulares del comercio de le\u00f1a afectos a planes de prevenci\u00f3n y\/o descontaminaci\u00f3n que se indican\u201d, y que tiene por objeto, que los titulares del comercio de le\u00f1a afectos a los planes de prevenci\u00f3n y\/o descontaminaci\u00f3n atmosf\u00e9rica (PPDA) de la Regi\u00f3n Metropolitana,\u00a0 Valle Central de Curic\u00f3, Valle Central Curic\u00f3, Talca y Maule, Chill\u00e1n y Chill\u00e1n Viejo, Concepci\u00f3n Metropolitano, Los \u00c1ngeles, Temuco y Padre Las Casas, Valdivia, Osorno y Coyhaique, procedan a inscribirse en el sistema que la SMA dispondr\u00e1 para estos fines; y en segundo lugar, para que reporten mensualmente la humedad de la le\u00f1a que se comercializa y otras variables de inter\u00e9s, seg\u00fan corresponda.<\/p>\n<p>Dichas instrucciones permitir\u00e1n a la SMA tener una base de datos unificada a nivel nacional que ser\u00e1 construida con la informaci\u00f3n que los organismos sectoriales deben administrar y remitir a este Servicio, y que ser\u00e1 actualizada de forma permanente, y con una periodicidad m\u00ednima semestral.<\/p>\n<p>Adem\u00e1s, permitir\u00e1 tener un control permanente de la humedad de la le\u00f1a comercializada y otras variables de inter\u00e9s en zonas afectas a los Planes de Prevenci\u00f3n y\/o Descontaminaci\u00f3n, lo cual complementar\u00e1 la fiscalizaci\u00f3n en terreno respecto de estas mismas materias.<\/p>\n<p>Las instrucciones est\u00e1n orientadas a todos los comerciantes de le\u00f1a, que se encuentren regidos por los Decretos Supremos que se indican en los PPDA mencionados anteriormente, quienes deber\u00e1n inscribirse en el sistema que la SMA dispondr\u00e1 para estos fines, disponible desde el portal institucional (<a href=\"https:\/\/portal.sma.gob.cl\/\">https:\/\/portal.sma.gob.cl\/<\/a>), el cual ser\u00e1 comunicado oportunamente a trav\u00e9s de distintas plataformas de este servicio.<\/p>\n<p>Para conocer en mayor detalle las instrucciones referidas, descargar el siguiente documento.<\/p>\n<div class='w3eden'><!-- WPDM Link Template: Call to Action 3 -->\n\n<div class=\"well c2a3\">\n    <div class=\"media\">\n        <div class=\"mr-3\" align=\"left\">\n            <img decoding=\"async\" class=\"wpdm_icon\" alt=\"\u00cdcono\" src=\"https:\/\/portal.sma.gob.cl\/wp-content\/plugins\/download-manager\/assets\/file-type-icons\/pdf.svg\" \/>\n        <\/div>\n        <div class=\"media-body\">\n            <h3 class=\"media-heading\" style=\"padding-top: 0px;border:0px;margin: 0 0 5px 0;font-size:12pt;\">\n                <a style=\"font-weight: 700\" href=\"https:\/\/portal.sma.gob.cl\/index.php\/download\/resolucion-exenta-651-2020\/\">Resoluci\u00f3n Exenta 651\/2020<\/a>\n                <span style=\"font-size:8pt;font-weight:300\" class=\"text-muted ml-4\">\n                    <i class=\"fas fa-hdd mr-1\"><\/i> 2.84 MB\n                    <i class=\"ml-3 far fa-arrow-alt-circle-down mr-1\"><\/i> 87 downloads\n                <\/span>\n            <\/h3>\n            ...\n        <\/div>\n        <div class=\"ml-3\" align=\"right\">\n            <a class='wpdm-download-link download-on-click btn btn-primary btn-sm' rel='nofollow' href='#' data-downloadurl=\"https:\/\/portal.sma.gob.cl\/index.php\/download\/resolucion-exenta-651-2020\/?wpdmdl=20529&refresh=69ef5ea6b0ff31777295014\">Descargar<\/a>\n        <\/div>\n    <\/div>\n\n<\/div>\n<style>\n    .well.c2a3 .btn {\n        padding: 11px 30px;\n        font-size: 11pt;\n    }\n\n    .well.c2a3 .media-body {\n        font-size: 11pt;\n    }\n\n    .well.c2a3 .wpdm_icon {\n        height: 42px;\n        width: auto;\n    }<\/style>\n<\/div>\n","protected":false},"excerpt":{"rendered":"<p>El registro obligar\u00e1 a que los titulares de comercio a le\u00f1a se inscriban en el sistema que la SMA dispondr\u00e1 para estos fines, y deber\u00e1n reportar mensualmente la humedad de la le\u00f1a que se comercializa entre otras variables. Santiago, 28 de abril de 2020.-\u00a0El Diario Oficial public\u00f3 esta ma\u00f1ana la Resoluci\u00f3n Exenta N\u00b0651\/2020 de la Superintendencia <a href=\"https:\/\/portal.sma.gob.cl\/index.php\/sma-dicta-instrucciones-sobre-catastro-y-deber-de-reportar-para-titulares-del-comercio-de-lena-afectos-a-planes-de-prevencion-y-o-descontaminacion\/\">Leer m\u00e1s<\/a><\/p>\n","protected":false},"author":8,"featured_media":20532,"comment_status":"open","ping_status":"open","sticky":false,"template":"","format":"standard","meta":{"footnotes":""},"categories":[90,107],"tags":[],"class_list":["post-20530","post","type-post","status-publish","format-standard","has-post-thumbnail","hentry","category-comunicados-noticias","category-destacado"],"_links":{"self":[{"href":"https:\/\/portal.sma.gob.cl\/index.php\/wp-json\/wp\/v2\/posts\/20530","targetHints":{"allow":["GET"]}}],"collection":[{"href":"https:\/\/portal.sma.gob.cl\/index.php\/wp-json\/wp\/v2\/posts"}],"about":[{"href":"https:\/\/portal.sma.gob.cl\/index.php\/wp-json\/wp\/v2\/types\/post"}],"author":[{"embeddable":true,"href":"https:\/\/portal.sma.gob.cl\/index.php\/wp-json\/wp\/v2\/users\/8"}],"replies":[{"embeddable":true,"href":"https:\/\/portal.sma.gob.cl\/index.php\/wp-json\/wp\/v2\/comments?post=20530"}],"version-history":[{"count":3,"href":"https:\/\/portal.sma.gob.cl\/index.php\/wp-json\/wp\/v2\/posts\/20530\/revisions"}],"predecessor-version":[{"id":20826,"href":"https:\/\/portal.sma.gob.cl\/index.php\/wp-json\/wp\/v2\/posts\/20530\/revisions\/20826"}],"wp:featuredmedia":[{"embeddable":true,"href":"https:\/\/portal.sma.gob.cl\/index.php\/wp-json\/wp\/v2\/media\/20532"}],"wp:attachment":[{"href":"https:\/\/portal.sma.gob.cl\/index.php\/wp-json\/wp\/v2\/media?parent=20530"}],"wp:term":[{"taxonomy":"category","embeddable":true,"href":"https:\/\/portal.sma.gob.cl\/index.php\/wp-json\/wp\/v2\/categories?post=20530"},{"taxonomy":"post_tag","embeddable":true,"href":"https:\/\/portal.sma.gob.cl\/index.php\/wp-json\/wp\/v2\/tags?post=20530"}],"curies":[{"name":"wp","href":"https:\/\/api.w.org\/{rel}","templated":true}]}}