{"id":20539,"date":"2020-04-30T12:43:32","date_gmt":"2020-04-30T16:43:32","guid":{"rendered":"https:\/\/portal.sma.gob.cl\/?p=20539"},"modified":"2020-04-30T12:43:32","modified_gmt":"2020-04-30T16:43:32","slug":"los-rios-sma-en-conjunto-con-seremi-de-medio-ambiente-y-de-energia-fiscalizaron-lenerias-de-valdivia","status":"publish","type":"post","link":"https:\/\/portal.sma.gob.cl\/index.php\/los-rios-sma-en-conjunto-con-seremi-de-medio-ambiente-y-de-energia-fiscalizaron-lenerias-de-valdivia\/","title":{"rendered":"Los R\u00edos: SMA en conjunto con Seremi de Medio Ambiente y de Energ\u00eda fiscalizaron le\u00f1er\u00edas de Valdivia"},"content":{"rendered":"<p><strong>Inspecciones se enmarcan en el contexto de la Gesti\u00f3n de Episodios Cr\u00edticos (GEC) del Plan de Descontaminaci\u00f3n Atmosf\u00e9rica que rigen para la zona.<\/strong><\/p>\n<p><strong>Valdivia, 30 de abril de 2020.-<\/strong> Eduardo Rodr\u00edguez, jefe de la Oficina Regional de la SMA de Los R\u00edos en conjunto con los seremis de Medio Ambiente, Daniel del Campo y de Energ\u00eda, Felipe Porflit fiscalizaron durante esta ma\u00f1ana acciones del Plan de Descontaminaci\u00f3n Atmosf\u00e9rica (PDA) que rige para la comuna de Valdivia con \u00e9nfasis en el comercio de le\u00f1a, los que deben contar con tabla de conversi\u00f3n, y xilohigr\u00f3metro para controlar la humedad de le\u00f1a que se vende.<\/p>\n<p>Inspecciones, que partieron el primero de abril, forman parte del Programa de Fiscalizaci\u00f3n durante el per\u00edodo de Gesti\u00f3n de Episodios Cr\u00edticos (GEC) y que se extiende hasta el 30 de septiembre de este a\u00f1o.<\/p>\n<p>Cabe recordar que el programa de fiscalizaci\u00f3n de la SMA durante el GEC 2020 se focalizar\u00e1 en las siguientes medidas: aquellas que debe implementar el comercio para controlar la humedad de le\u00f1a, obligaci\u00f3n de los establecimientos comerciales y de organismos del Estado de recambiar calefactores debidamente certificados, y restricciones a las calderas durante episodios cr\u00edticos.<\/p>\n<p>Al respecto, el jefe Regional de la SMA de Los R\u00edos, Eduardo Rodr\u00edguez se\u00f1al\u00f3 que \u201ccomo Superintendencia del Medio Ambiente estamos desplegando toda nuestra capacidad fiscalizadora, de tal manera de no generar episodios de contaminaci\u00f3n que agraven la actual emergencia, pero lo m\u00e1s importante es el compromiso de la ciudadan\u00eda de respetar las restricciones que impone el Plan de Descontaminaci\u00f3n Atmosf\u00e9rica\u201d.<\/p>\n<p><img decoding=\"async\" class=\"alignnone size-large wp-image-20538\" src=\"https:\/\/portal.sma.gob.cl\/wp-content\/uploads\/2020\/04\/SMA-de-Los-R\u00edos-en-conjunto-con-Seremi-de-Medio-Ambiente-y-de-Energ\u00eda-fiscalizaron-le\u00f1er\u00edas-de-Valdivia-B-1024x596.jpg\" alt=\"\" width=\"1024\" height=\"596\" srcset=\"https:\/\/portal.sma.gob.cl\/wp-content\/uploads\/2020\/04\/SMA-de-Los-R\u00edos-en-conjunto-con-Seremi-de-Medio-Ambiente-y-de-Energ\u00eda-fiscalizaron-le\u00f1er\u00edas-de-Valdivia-B-200x116.jpg 200w, https:\/\/portal.sma.gob.cl\/wp-content\/uploads\/2020\/04\/SMA-de-Los-R\u00edos-en-conjunto-con-Seremi-de-Medio-Ambiente-y-de-Energ\u00eda-fiscalizaron-le\u00f1er\u00edas-de-Valdivia-B-300x175.jpg 300w, https:\/\/portal.sma.gob.cl\/wp-content\/uploads\/2020\/04\/SMA-de-Los-R\u00edos-en-conjunto-con-Seremi-de-Medio-Ambiente-y-de-Energ\u00eda-fiscalizaron-le\u00f1er\u00edas-de-Valdivia-B-400x233.jpg 400w, https:\/\/portal.sma.gob.cl\/wp-content\/uploads\/2020\/04\/SMA-de-Los-R\u00edos-en-conjunto-con-Seremi-de-Medio-Ambiente-y-de-Energ\u00eda-fiscalizaron-le\u00f1er\u00edas-de-Valdivia-B-600x349.jpg 600w, https:\/\/portal.sma.gob.cl\/wp-content\/uploads\/2020\/04\/SMA-de-Los-R\u00edos-en-conjunto-con-Seremi-de-Medio-Ambiente-y-de-Energ\u00eda-fiscalizaron-le\u00f1er\u00edas-de-Valdivia-B-768x447.jpg 768w, https:\/\/portal.sma.gob.cl\/wp-content\/uploads\/2020\/04\/SMA-de-Los-R\u00edos-en-conjunto-con-Seremi-de-Medio-Ambiente-y-de-Energ\u00eda-fiscalizaron-le\u00f1er\u00edas-de-Valdivia-B-800x465.jpg 800w, https:\/\/portal.sma.gob.cl\/wp-content\/uploads\/2020\/04\/SMA-de-Los-R\u00edos-en-conjunto-con-Seremi-de-Medio-Ambiente-y-de-Energ\u00eda-fiscalizaron-le\u00f1er\u00edas-de-Valdivia-B-1024x596.jpg 1024w, https:\/\/portal.sma.gob.cl\/wp-content\/uploads\/2020\/04\/SMA-de-Los-R\u00edos-en-conjunto-con-Seremi-de-Medio-Ambiente-y-de-Energ\u00eda-fiscalizaron-le\u00f1er\u00edas-de-Valdivia-B.jpg 1100w\" sizes=\"(max-width: 1024px) 100vw, 1024px\" \/><\/p>\n<p>Fotograf\u00eda: Autoridades fiscalizaron durante esta ma\u00f1ana acciones del Plan de Descontaminaci\u00f3n Atmosf\u00e9rica (PDA) que rige para la comuna de Valdivia.<\/p>\n<p>&nbsp;<\/p>\n","protected":false},"excerpt":{"rendered":"<p>Inspecciones se enmarcan en el contexto de la Gesti\u00f3n de Episodios Cr\u00edticos (GEC) del Plan de Descontaminaci\u00f3n Atmosf\u00e9rica que rigen para la zona. Valdivia, 30 de abril de 2020.- Eduardo Rodr\u00edguez, jefe de la Oficina Regional de la SMA de Los R\u00edos en conjunto con los seremis de Medio Ambiente, Daniel del Campo y de Energ\u00eda, <a href=\"https:\/\/portal.sma.gob.cl\/index.php\/los-rios-sma-en-conjunto-con-seremi-de-medio-ambiente-y-de-energia-fiscalizaron-lenerias-de-valdivia\/\">Leer m\u00e1s<\/a><\/p>\n","protected":false},"author":8,"featured_media":20537,"comment_status":"open","ping_status":"open","sticky":false,"template":"","format":"standard","meta":{"footnotes":""},"categories":[90,107],"tags":[],"class_list":["post-20539","post","type-post","status-publish","format-standard","has-post-thumbnail","hentry","category-comunicados-noticias","category-destacado"],"_links":{"self":[{"href":"https:\/\/portal.sma.gob.cl\/index.php\/wp-json\/wp\/v2\/posts\/20539","targetHints":{"allow":["GET"]}}],"collection":[{"href":"https:\/\/portal.sma.gob.cl\/index.php\/wp-json\/wp\/v2\/posts"}],"about":[{"href":"https:\/\/portal.sma.gob.cl\/index.php\/wp-json\/wp\/v2\/types\/post"}],"author":[{"embeddable":true,"href":"https:\/\/portal.sma.gob.cl\/index.php\/wp-json\/wp\/v2\/users\/8"}],"replies":[{"embeddable":true,"href":"https:\/\/portal.sma.gob.cl\/index.php\/wp-json\/wp\/v2\/comments?post=20539"}],"version-history":[{"count":1,"href":"https:\/\/portal.sma.gob.cl\/index.php\/wp-json\/wp\/v2\/posts\/20539\/revisions"}],"predecessor-version":[{"id":20540,"href":"https:\/\/portal.sma.gob.cl\/index.php\/wp-json\/wp\/v2\/posts\/20539\/revisions\/20540"}],"wp:featuredmedia":[{"embeddable":true,"href":"https:\/\/portal.sma.gob.cl\/index.php\/wp-json\/wp\/v2\/media\/20537"}],"wp:attachment":[{"href":"https:\/\/portal.sma.gob.cl\/index.php\/wp-json\/wp\/v2\/media?parent=20539"}],"wp:term":[{"taxonomy":"category","embeddable":true,"href":"https:\/\/portal.sma.gob.cl\/index.php\/wp-json\/wp\/v2\/categories?post=20539"},{"taxonomy":"post_tag","embeddable":true,"href":"https:\/\/portal.sma.gob.cl\/index.php\/wp-json\/wp\/v2\/tags?post=20539"}],"curies":[{"name":"wp","href":"https:\/\/api.w.org\/{rel}","templated":true}]}}