{"id":20543,"date":"2020-04-30T17:15:26","date_gmt":"2020-04-30T21:15:26","guid":{"rendered":"https:\/\/portal.sma.gob.cl\/?p=20543"},"modified":"2020-04-30T17:15:26","modified_gmt":"2020-04-30T21:15:26","slug":"sma-firma-convenio-de-colaboracion-con-municipalidad-de-curico","status":"publish","type":"post","link":"https:\/\/portal.sma.gob.cl\/index.php\/sma-firma-convenio-de-colaboracion-con-municipalidad-de-curico\/","title":{"rendered":"SMA firma convenio de colaboraci\u00f3n con Municipalidad de Curic\u00f3"},"content":{"rendered":"<p><strong>El acuerdo -que tiene por objeto mejorar la respuesta entregada a los denunciantes de ruidos-<\/strong> <strong>tendr\u00e1 una duraci\u00f3n de un a\u00f1o, desde la fecha de entrada en vigor y se renovar\u00e1 autom\u00e1tica y sucesivamente, por un nuevo per\u00edodo.<\/strong><\/p>\n<p><strong>Curic\u00f3, 30 de abril de 2020.<\/strong> El Superintendente del Medio Ambiente, Crist\u00f3bal de la Maza, firm\u00f3 un convenio con el alcalde de la Municipalidad de Curic\u00f3, Javier Mu\u00f1oz, con el fin de ampliar la respuesta fiscalizadora del servicio, mediante acciones como la capacitaci\u00f3n de funcionarios municipales en materia de medici\u00f3n de ruidos en la comuna, utilizando son\u00f3metros calibrados y en observancia a lo dispuesto por la norma de emisi\u00f3n contenida en el Decreto Supremo N\u00b038 de 2011, del Ministerio del Medio Ambiente.<\/p>\n<p>El convenio tendr\u00e1 una duraci\u00f3n de un a\u00f1o, contado desde la fecha de entrada en vigencia de la resoluci\u00f3n que lo apruebe y se renovar\u00e1 autom\u00e1tica y sucesivamente, por el mismo per\u00edodo. A la fecha, es el und\u00e9cimo convenio que la SMA firma con un municipio sobre esta materia. Providencia, Lo Barnechea, Punta Arenas y Antofagasta son algunos ejemplos donde ya se est\u00e1 aplicando este tipo de acuerdos.<\/p>\n<p>Al respecto, el Superintendente de La Maza sostuvo que \u201ceste convenio lo que operativiza es habilitar m\u00e1s v\u00edas para que la comunidad puede denunciar problemas de contaminaci\u00f3n de este tipo, y tambi\u00e9n habilita que la municipalidad pueda fiscalizar este tema con equipamiento t\u00e9cnico adecuado. Nosotros vamos a aportar con conocimiento t\u00e9cnico, con transferencia de capacidad, y la municipalidad con toda su experiencia en la relaci\u00f3n con la comunidad\u201d, sostuvo.<\/p>\n<p>Adem\u00e1s, la autoridad enfatiz\u00f3 que \u201cla firma de estos convenios con municipios es una estrategia que se est\u00e1 fortaleciendo en la Superintendencia. Ya tenemos varios acuerdos operando en otras regiones y su resultado ha sido \u00f3ptimo, toda vez que los ruidos corresponden al 50% de las denuncias que recibimos todos los a\u00f1os\u201d.<\/p>\n<p>Al respecto, el Alcalde de Curic\u00f3, Jorge Mu\u00f1oz destac\u00f3 que la firma de estos convenios ayuda a mejorar la calidad de vida de los vecinos, y sostuvo que \u201cuno de los episodios m\u00e1s complejos de abordar de la contaminaci\u00f3n es el de los ruidos. Hemos tenido varios conflictos en comunidades sobre esta materia y las facultades de fiscalizar de los municipios son s\u00faper limitadas, por eso es que este convenio nos fortalece en capacitar equipos t\u00e9cnicos y tener una mejor coordinaci\u00f3n con la superintendencia. Adem\u00e1s, vamos a trabajar en ordenanzas municipales para que contribuyamos en otras materias de fiscalizaci\u00f3n medioambiental bajo el amparo de la ley. Lo importante es que la comunidad sepa que este municipio est\u00e1 en la l\u00ednea de avanzar en la fiscalizaci\u00f3n y cumplimiento de reglamentaci\u00f3n ambiental\u201d.<\/p>\n<p><strong>Alcances del convenio.<\/strong><\/p>\n<p>Entre los compromisos adquiridos, la Municipalidad de Curic\u00f3 -al recibir una denuncia- deber\u00e1 verificar que la norma de emisi\u00f3n sea aplicable a la fuente de ruido individualizada en la presentaci\u00f3n. De este modo, al relevar aquella denuncia ante la SMA, la Municipalidad asegurar\u00e1 que la misma posea una adecuada identificaci\u00f3n de la fuente emisora de ruido, mejorando la calidad de la informaci\u00f3n con la que este servicio ejecuta actividades de fiscalizaci\u00f3n.<\/p>\n<p>Por su parte, la SMA se compromete a realizar capacitaciones respecto del sentido y alcance de la Norma de Emisi\u00f3n, de las metodolog\u00edas aplicables a la medici\u00f3n de ruido, el uso de equipos y la realizaci\u00f3n de zonificaci\u00f3n, entre otros. Del mismo modo, se compromete a brindar apoyo t\u00e9cnico para la adquisici\u00f3n de equipamiento por parte del municipio, as\u00ed como para el desarrollo o mejoramiento de la ordenanza sobre este tema espec\u00edfico.<\/p>\n<p><img decoding=\"async\" class=\"alignnone size-large wp-image-20542\" src=\"https:\/\/portal.sma.gob.cl\/wp-content\/uploads\/2020\/04\/SMA-firma-convenio-de-colaboraci\u00f3n-con-Municipalidad-de-Curic\u00f3-B-1024x596.jpg\" alt=\"\" width=\"1024\" height=\"596\" srcset=\"https:\/\/portal.sma.gob.cl\/wp-content\/uploads\/2020\/04\/SMA-firma-convenio-de-colaboraci\u00f3n-con-Municipalidad-de-Curic\u00f3-B-200x116.jpg 200w, https:\/\/portal.sma.gob.cl\/wp-content\/uploads\/2020\/04\/SMA-firma-convenio-de-colaboraci\u00f3n-con-Municipalidad-de-Curic\u00f3-B-300x175.jpg 300w, https:\/\/portal.sma.gob.cl\/wp-content\/uploads\/2020\/04\/SMA-firma-convenio-de-colaboraci\u00f3n-con-Municipalidad-de-Curic\u00f3-B-400x233.jpg 400w, https:\/\/portal.sma.gob.cl\/wp-content\/uploads\/2020\/04\/SMA-firma-convenio-de-colaboraci\u00f3n-con-Municipalidad-de-Curic\u00f3-B-600x349.jpg 600w, https:\/\/portal.sma.gob.cl\/wp-content\/uploads\/2020\/04\/SMA-firma-convenio-de-colaboraci\u00f3n-con-Municipalidad-de-Curic\u00f3-B-768x447.jpg 768w, https:\/\/portal.sma.gob.cl\/wp-content\/uploads\/2020\/04\/SMA-firma-convenio-de-colaboraci\u00f3n-con-Municipalidad-de-Curic\u00f3-B-800x465.jpg 800w, https:\/\/portal.sma.gob.cl\/wp-content\/uploads\/2020\/04\/SMA-firma-convenio-de-colaboraci\u00f3n-con-Municipalidad-de-Curic\u00f3-B-1024x596.jpg 1024w, https:\/\/portal.sma.gob.cl\/wp-content\/uploads\/2020\/04\/SMA-firma-convenio-de-colaboraci\u00f3n-con-Municipalidad-de-Curic\u00f3-B.jpg 1100w\" sizes=\"(max-width: 1024px) 100vw, 1024px\" \/><\/p>\n<p>Fotograf\u00eda: Autoridades conversan sobre alcance del Convenio de Colaboraci\u00f3n firmado esta ma\u00f1ana entre la SMA y la Ilustre Municipalidad de Curic\u00f3.<\/p>\n","protected":false},"excerpt":{"rendered":"<p>El acuerdo -que tiene por objeto mejorar la respuesta entregada a los denunciantes de ruidos- tendr\u00e1 una duraci\u00f3n de un a\u00f1o, desde la fecha de entrada en vigor y se renovar\u00e1 autom\u00e1tica y sucesivamente, por un nuevo per\u00edodo. Curic\u00f3, 30 de abril de 2020. El Superintendente del Medio Ambiente, Crist\u00f3bal de la Maza, firm\u00f3 un convenio <a href=\"https:\/\/portal.sma.gob.cl\/index.php\/sma-firma-convenio-de-colaboracion-con-municipalidad-de-curico\/\">Leer m\u00e1s<\/a><\/p>\n","protected":false},"author":8,"featured_media":20541,"comment_status":"open","ping_status":"open","sticky":false,"template":"","format":"standard","meta":{"footnotes":""},"categories":[90,107],"tags":[],"class_list":["post-20543","post","type-post","status-publish","format-standard","has-post-thumbnail","hentry","category-comunicados-noticias","category-destacado"],"_links":{"self":[{"href":"https:\/\/portal.sma.gob.cl\/index.php\/wp-json\/wp\/v2\/posts\/20543","targetHints":{"allow":["GET"]}}],"collection":[{"href":"https:\/\/portal.sma.gob.cl\/index.php\/wp-json\/wp\/v2\/posts"}],"about":[{"href":"https:\/\/portal.sma.gob.cl\/index.php\/wp-json\/wp\/v2\/types\/post"}],"author":[{"embeddable":true,"href":"https:\/\/portal.sma.gob.cl\/index.php\/wp-json\/wp\/v2\/users\/8"}],"replies":[{"embeddable":true,"href":"https:\/\/portal.sma.gob.cl\/index.php\/wp-json\/wp\/v2\/comments?post=20543"}],"version-history":[{"count":1,"href":"https:\/\/portal.sma.gob.cl\/index.php\/wp-json\/wp\/v2\/posts\/20543\/revisions"}],"predecessor-version":[{"id":20544,"href":"https:\/\/portal.sma.gob.cl\/index.php\/wp-json\/wp\/v2\/posts\/20543\/revisions\/20544"}],"wp:featuredmedia":[{"embeddable":true,"href":"https:\/\/portal.sma.gob.cl\/index.php\/wp-json\/wp\/v2\/media\/20541"}],"wp:attachment":[{"href":"https:\/\/portal.sma.gob.cl\/index.php\/wp-json\/wp\/v2\/media?parent=20543"}],"wp:term":[{"taxonomy":"category","embeddable":true,"href":"https:\/\/portal.sma.gob.cl\/index.php\/wp-json\/wp\/v2\/categories?post=20543"},{"taxonomy":"post_tag","embeddable":true,"href":"https:\/\/portal.sma.gob.cl\/index.php\/wp-json\/wp\/v2\/tags?post=20543"}],"curies":[{"name":"wp","href":"https:\/\/api.w.org\/{rel}","templated":true}]}}