{"id":20585,"date":"2020-05-05T16:38:12","date_gmt":"2020-05-05T20:38:12","guid":{"rendered":"https:\/\/portal.sma.gob.cl\/?p=20585"},"modified":"2020-05-05T16:38:12","modified_gmt":"2020-05-05T20:38:12","slug":"los-lagos-sma-ordena-medidas-provisionales-a-pesquera-ludrimar","status":"publish","type":"post","link":"https:\/\/portal.sma.gob.cl\/index.php\/los-lagos-sma-ordena-medidas-provisionales-a-pesquera-ludrimar\/","title":{"rendered":"Los Lagos: SMA ordena medidas provisionales a pesquera Ludrimar"},"content":{"rendered":"<p><strong>Debido a la constataci\u00f3n de la afectaci\u00f3n al estero El Ma\u00f1\u00edo y estero Sin Nombre, donde descarga sus Riles la citada empresa, por malos olores, turbiedad, y residuos s\u00f3lidos en los cursos de agua, los que podr\u00edan generar un inminente riesgo para la salud de las personas y al medio ambiente.<\/strong><\/p>\n<p><strong>Puerto Montt, 5 de mayo de 2020.- <\/strong>El Superintendente del Medio Ambiente, Crist\u00f3bal De La Maza orden\u00f3 medidas provisionales contra la empresa Sociedad Jim\u00e9nez Guti\u00e9rrez y Compa\u00f1\u00eda Limitada o Ludrimar Ltda., titular del proyecto \u201cPlanta de Tratamiento de RILes Ludrimar Limitada\u201d, ubicado en el kil\u00f3metro 12 de la ruta a Las Quemas, comuna de Puerto Montt. Las medidas se sustentan debido a que en las inspecciones realizadas en los esteros aleda\u00f1os a la planta se constatara que las descargas podr\u00edan generar un inminente riesgo para la salud de las personas.<\/p>\n<p>Cabe recordar, que la SMA inici\u00f3 en septiembre de 2019 un procedimiento sancionatorio en contra esta empresa debido a una operaci\u00f3n deficiente del sistema de tratamiento de Residuos industriales l\u00edquidos (RILes) y por presentar una superaci\u00f3n de los niveles de tolerancia de los l\u00edmites de emisi\u00f3n de contaminantes establecidos en la norma de emisi\u00f3n D.S. N\u00b0 90\/2000, entre otras infracciones.<\/p>\n<p>Sumado a lo anterior, la SMA de la Oficina Regional de Los Lagos recibi\u00f3 una nueva denuncia en diciembre de 2019 del Seremi de Medio Ambiente y de la Municipalidad de Puerto Montt, constatando curso de aguas turbias y malos olores en el estero El Ma\u00f1\u00edo. Frente a lo anterior, se realizaron mediciones en 5 estaciones de los esteros de la zona concluyendo la existencia de una fuente contaminante.<\/p>\n<p>Debido a estos antecedentes, es que el Superintendente De La Maza ha ordenado medidas provisionales, y la primera acci\u00f3n ser\u00e1 la de retirar todos los RILes acumulados y contenidos en los sistemas de la Planta de tratamiento de RILes generados en su proceso industrial, a fin de no descargarlos en el estero Sin Nombre.<\/p>\n<p>Adem\u00e1s, se le solicit\u00f3 a la empresa el monitorear la calidad del agua en el punto de captaci\u00f3n del derecho de aprovechamiento constituido en el r\u00edo Negro y efectuar un an\u00e1lisis de sus resultados en funci\u00f3n de la NCh 1333 para consumo humano.<\/p>\n<p>La empresa tambi\u00e9n deber\u00e1 ejecutar un programa de monitoreo de calidad de las aguas y sedimento del estero Sin Nombre, estero El Ma\u00f1\u00edo y r\u00edo Negro, con frecuencia semanal, considerando los par\u00e1metros establecidos en su RCA m\u00e1s aceites y grasas, cloruros, conductividad, DBO\u2085, DQO, hidrocarburos fijos, total y vol\u00e1tiles, nitr\u00f3geno total Kjeldahl, poder espum\u00f3geno, f\u00f3sforo total, s\u00f3lidos suspendidos totales, pH y temperatura.<\/p>\n<p>A estas medidas, se suma limpiar y retirar los residuos s\u00f3lidos y s\u00f3lidos flotantes o sobrenadantes que se encuentran en los esteros hasta su confluencia con el r\u00edo Negro, y posterior env\u00edo y disposici\u00f3n final a un sitio autorizado.<\/p>\n<p>Por \u00faltimo, la pesquera Ludrimar deber\u00e1 presentar un informe final que d\u00e9 cuenta de la ejecuci\u00f3n de cada una de las medidas mencionadas, y que deber\u00e1 ser presentado en un plazo de 30 d\u00edas corridos contados desde la notificaci\u00f3n de la resoluci\u00f3n.<\/p>\n","protected":false},"excerpt":{"rendered":"<p>Debido a la constataci\u00f3n de la afectaci\u00f3n al estero El Ma\u00f1\u00edo y estero Sin Nombre, donde descarga sus Riles la citada empresa, por malos olores, turbiedad, y residuos s\u00f3lidos en los cursos de agua, los que podr\u00edan generar un inminente riesgo para la salud de las personas y al medio ambiente. Puerto Montt, 5 de mayo <a href=\"https:\/\/portal.sma.gob.cl\/index.php\/los-lagos-sma-ordena-medidas-provisionales-a-pesquera-ludrimar\/\">Leer m\u00e1s<\/a><\/p>\n","protected":false},"author":8,"featured_media":20587,"comment_status":"open","ping_status":"open","sticky":false,"template":"","format":"standard","meta":{"footnotes":""},"categories":[90,107],"tags":[],"class_list":["post-20585","post","type-post","status-publish","format-standard","has-post-thumbnail","hentry","category-comunicados-noticias","category-destacado"],"_links":{"self":[{"href":"https:\/\/portal.sma.gob.cl\/index.php\/wp-json\/wp\/v2\/posts\/20585","targetHints":{"allow":["GET"]}}],"collection":[{"href":"https:\/\/portal.sma.gob.cl\/index.php\/wp-json\/wp\/v2\/posts"}],"about":[{"href":"https:\/\/portal.sma.gob.cl\/index.php\/wp-json\/wp\/v2\/types\/post"}],"author":[{"embeddable":true,"href":"https:\/\/portal.sma.gob.cl\/index.php\/wp-json\/wp\/v2\/users\/8"}],"replies":[{"embeddable":true,"href":"https:\/\/portal.sma.gob.cl\/index.php\/wp-json\/wp\/v2\/comments?post=20585"}],"version-history":[{"count":1,"href":"https:\/\/portal.sma.gob.cl\/index.php\/wp-json\/wp\/v2\/posts\/20585\/revisions"}],"predecessor-version":[{"id":20586,"href":"https:\/\/portal.sma.gob.cl\/index.php\/wp-json\/wp\/v2\/posts\/20585\/revisions\/20586"}],"wp:featuredmedia":[{"embeddable":true,"href":"https:\/\/portal.sma.gob.cl\/index.php\/wp-json\/wp\/v2\/media\/20587"}],"wp:attachment":[{"href":"https:\/\/portal.sma.gob.cl\/index.php\/wp-json\/wp\/v2\/media?parent=20585"}],"wp:term":[{"taxonomy":"category","embeddable":true,"href":"https:\/\/portal.sma.gob.cl\/index.php\/wp-json\/wp\/v2\/categories?post=20585"},{"taxonomy":"post_tag","embeddable":true,"href":"https:\/\/portal.sma.gob.cl\/index.php\/wp-json\/wp\/v2\/tags?post=20585"}],"curies":[{"name":"wp","href":"https:\/\/api.w.org\/{rel}","templated":true}]}}