{"id":20612,"date":"2020-05-07T14:41:27","date_gmt":"2020-05-07T18:41:27","guid":{"rendered":"https:\/\/portal.sma.gob.cl\/?p=20612"},"modified":"2020-05-07T14:41:27","modified_gmt":"2020-05-07T18:41:27","slug":"nuble-sma-inicia-procedimiento-de-requerimiento-de-ingreso-al-seia-de-proyecto-de-extraccion-de-aridos-de-la-empresa-armix-ltda","status":"publish","type":"post","link":"https:\/\/portal.sma.gob.cl\/index.php\/nuble-sma-inicia-procedimiento-de-requerimiento-de-ingreso-al-seia-de-proyecto-de-extraccion-de-aridos-de-la-empresa-armix-ltda\/","title":{"rendered":"\u00d1uble: SMA inicia procedimiento de requerimiento de ingreso al SEIA de proyecto de extracci\u00f3n de \u00e1ridos de la empresa Armix Ltda."},"content":{"rendered":"<p><strong>Esta decisi\u00f3n se adopt\u00f3 en virtud de una investigaci\u00f3n que determin\u00f3 una posible elusi\u00f3n al SEIA. En paralelo, la comunidad ha presentado denuncias por descargas de aguas al R\u00edo \u00d1uble.<\/strong><\/p>\n<p><strong>Chill\u00e1n, 7 de mayo de 2020.-<\/strong> La Superintendencia del Medio Ambiente (SMA) dio inicio al procedimiento de requerimiento de ingreso al Sistema de Evaluaci\u00f3n de Impacto Ambiental (SEIA) del proyecto \u201cPlanta de \u00c1ridos Armix\u201d, cuyo titular es la empresa Pelech y Compa\u00f1\u00eda Limitada, nombre de fantas\u00eda Armix Ltda., destinado al procesamiento y faenas de extracci\u00f3n de \u00e1ridos.<\/p>\n<p>Como contexto, es importante destacar adem\u00e1s que la Superintendencia recibi\u00f3 denuncias en contra de la empresa Armix Ltda., ubicada en Camino Nahueltoro, r\u00edo \u00d1uble, comuna de Chill\u00e1n, regi\u00f3n de \u00d1uble, principalmente por extracci\u00f3n superior de \u00e1ridos desde un pozo lastrero en una superficie mayor a 5 hect\u00e1reas con un volumen de extracci\u00f3n que se estimaba en 258.720 m3, lo cual configurar\u00eda los requisitos para ingresar al SEIA. A ello, se suman denuncias por descargas de aguas al R\u00edo \u00d1uble.<\/p>\n<p>A ra\u00edz de estos antecedentes, seg\u00fan coment\u00f3 el jefe de la Oficina Regional de la SMA de \u00d1uble, Cristian Lineros, se realiz\u00f3 una actividad de fiscalizaci\u00f3n al proyecto en noviembre de 2019 donde se constat\u00f3 la extracci\u00f3n de \u00e1ridos por sobres los l\u00edmites que exige la norma para contar con una Resoluci\u00f3n de Calificaci\u00f3n Ambiental, previo a su ejecuci\u00f3n.<\/p>\n<p>Actualmente, la empresa tiene un plazo de 15 d\u00edas h\u00e1biles para hacer valer las observaciones, alegaciones, o pruebas que estime pertinente frente a la hip\u00f3tesis de elusi\u00f3n al SEIA. Luego de ello, y de tener el pronunciamiento del SEA, la SMA deber\u00e1 resolver el caso.<\/p>\n<p>Para mayor informaci\u00f3n de este caso, ingresar al siguiente link: <a href=\"http:\/\/snifa.sma.gob.cl\/v2\/RequerimientoIngreso\/Ficha\/69\">http:\/\/snifa.sma.gob.cl\/v2\/RequerimientoIngreso\/Ficha\/69<\/a><\/p>\n","protected":false},"excerpt":{"rendered":"<p>Esta decisi\u00f3n se adopt\u00f3 en virtud de una investigaci\u00f3n que determin\u00f3 una posible elusi\u00f3n al SEIA. En paralelo, la comunidad ha presentado denuncias por descargas de aguas al R\u00edo \u00d1uble. Chill\u00e1n, 7 de mayo de 2020.- La Superintendencia del Medio Ambiente (SMA) dio inicio al procedimiento de requerimiento de ingreso al Sistema de Evaluaci\u00f3n de Impacto <a href=\"https:\/\/portal.sma.gob.cl\/index.php\/nuble-sma-inicia-procedimiento-de-requerimiento-de-ingreso-al-seia-de-proyecto-de-extraccion-de-aridos-de-la-empresa-armix-ltda\/\">Leer m\u00e1s<\/a><\/p>\n","protected":false},"author":8,"featured_media":20611,"comment_status":"open","ping_status":"open","sticky":false,"template":"","format":"standard","meta":{"footnotes":""},"categories":[90,107],"tags":[],"class_list":["post-20612","post","type-post","status-publish","format-standard","has-post-thumbnail","hentry","category-comunicados-noticias","category-destacado"],"_links":{"self":[{"href":"https:\/\/portal.sma.gob.cl\/index.php\/wp-json\/wp\/v2\/posts\/20612","targetHints":{"allow":["GET"]}}],"collection":[{"href":"https:\/\/portal.sma.gob.cl\/index.php\/wp-json\/wp\/v2\/posts"}],"about":[{"href":"https:\/\/portal.sma.gob.cl\/index.php\/wp-json\/wp\/v2\/types\/post"}],"author":[{"embeddable":true,"href":"https:\/\/portal.sma.gob.cl\/index.php\/wp-json\/wp\/v2\/users\/8"}],"replies":[{"embeddable":true,"href":"https:\/\/portal.sma.gob.cl\/index.php\/wp-json\/wp\/v2\/comments?post=20612"}],"version-history":[{"count":1,"href":"https:\/\/portal.sma.gob.cl\/index.php\/wp-json\/wp\/v2\/posts\/20612\/revisions"}],"predecessor-version":[{"id":20613,"href":"https:\/\/portal.sma.gob.cl\/index.php\/wp-json\/wp\/v2\/posts\/20612\/revisions\/20613"}],"wp:featuredmedia":[{"embeddable":true,"href":"https:\/\/portal.sma.gob.cl\/index.php\/wp-json\/wp\/v2\/media\/20611"}],"wp:attachment":[{"href":"https:\/\/portal.sma.gob.cl\/index.php\/wp-json\/wp\/v2\/media?parent=20612"}],"wp:term":[{"taxonomy":"category","embeddable":true,"href":"https:\/\/portal.sma.gob.cl\/index.php\/wp-json\/wp\/v2\/categories?post=20612"},{"taxonomy":"post_tag","embeddable":true,"href":"https:\/\/portal.sma.gob.cl\/index.php\/wp-json\/wp\/v2\/tags?post=20612"}],"curies":[{"name":"wp","href":"https:\/\/api.w.org\/{rel}","templated":true}]}}