{"id":20682,"date":"2020-05-14T11:32:03","date_gmt":"2020-05-14T15:32:03","guid":{"rendered":"https:\/\/portal.sma.gob.cl\/?p=20682"},"modified":"2020-05-14T11:32:03","modified_gmt":"2020-05-14T15:32:03","slug":"sma-no-detecto-incumplimientos-ambientales-tras-fiscalizar-denuncia-en-criadero-de-los-angeles","status":"publish","type":"post","link":"https:\/\/portal.sma.gob.cl\/index.php\/sma-no-detecto-incumplimientos-ambientales-tras-fiscalizar-denuncia-en-criadero-de-los-angeles\/","title":{"rendered":"SMA no detect\u00f3 incumplimientos ambientales tras fiscalizar denuncia en criadero de Los \u00c1ngeles"},"content":{"rendered":"<p><strong>\u00a0<\/strong><strong>En la inspecci\u00f3n realizada en potreros y \u00e1reas de manejo de purines de la empresa Criadero Los Varones, no se detectaron evidencias de malos manejos, emisiones de olores, vertidos o descargas recientes de residuos l\u00edquidos y s\u00f3lidos hacia el Estero Curanad\u00fa, seg\u00fan explic\u00f3 Juan Pablo Granzow, jefe regional de la SMA en Biob\u00edo.<\/strong><\/p>\n<p>Los \u00c1ngeles, 14 de mayo de 2020<\/p>\n<p>Funcionarios de la Superintendencia de Medio Ambiente (SMA) en Biob\u00edo realizaron una fiscalizaci\u00f3n al Criadero Los Varones, en la comuna de Los \u00c1ngeles, tras recibir una denuncia ciudadana, no detectando evidencias de incumplimientos ambientales en esta oportunidad.<\/p>\n<p>En la inspecci\u00f3n realizada en potreros y \u00e1reas de manejo de purines de la empresa, la SMA no se detect\u00f3 evidencias de malos manejos, emisiones de olores, vertidos o descargas recientes de residuos l\u00edquidos hacia el Estero Curanad\u00fa, seg\u00fan explic\u00f3 Juan Pablo Granzow, jefe regional de la SMA en Biob\u00edo.<\/p>\n<p>\u201cEl personal fiscalizador verific\u00f3 que la empresa se encuentra dando cumplimiento a las exigencias realizadas por la SMA\u201d, afirm\u00f3 la autoridad ambiental.<\/p>\n<p>Por tal motivo, se realiz\u00f3 un recorrido aguas abajo del plantel, en direcci\u00f3n al punto donde se film\u00f3 la denuncia, no detect\u00e1ndose evidencias de acumulaciones de residuos l\u00edquidos o s\u00f3lidos en las aguas del estero.<\/p>\n<p>Los vecinos del lugar hab\u00edan denunciado una \u201cespuma blanca mal oliente que avanzaba junto con la corriente del afluente\u201d, algo que antes hab\u00edan relacionado con los trabajos de una agropecuaria en la zona.<\/p>\n<p>A juicio de Granzow, existen motivos para se\u00f1alar que las precipitaciones del fin de semana reci\u00e9n pasado, podr\u00edan haber generado el arrastre de materia org\u00e1nica desde otros planteles agropecuarios o potreros agr\u00edcolas del \u00e1rea hacia el Estero Curanad\u00fa, gener\u00e1ndose el efecto observado. Adem\u00e1s,\u00a0 resalt\u00f3 que la pr\u00e1ctica de abonar los suelos agr\u00edcolas con purines s\u00f3lidos y l\u00edquidos es antigua, y no es exclusiva de un solo establecimiento agr\u00edcola en la zona.<\/p>\n<p><img decoding=\"async\" class=\"alignnone size-medium wp-image-20680\" src=\"https:\/\/portal.sma.gob.cl\/wp-content\/uploads\/2020\/05\/WhatsApp-Image-2020-05-13-at-15.16.25-1-300x225.jpeg\" alt=\"\" width=\"300\" height=\"225\" srcset=\"https:\/\/portal.sma.gob.cl\/wp-content\/uploads\/2020\/05\/WhatsApp-Image-2020-05-13-at-15.16.25-1-200x150.jpeg 200w, https:\/\/portal.sma.gob.cl\/wp-content\/uploads\/2020\/05\/WhatsApp-Image-2020-05-13-at-15.16.25-1-300x225.jpeg 300w, https:\/\/portal.sma.gob.cl\/wp-content\/uploads\/2020\/05\/WhatsApp-Image-2020-05-13-at-15.16.25-1-400x300.jpeg 400w, https:\/\/portal.sma.gob.cl\/wp-content\/uploads\/2020\/05\/WhatsApp-Image-2020-05-13-at-15.16.25-1-600x450.jpeg 600w, https:\/\/portal.sma.gob.cl\/wp-content\/uploads\/2020\/05\/WhatsApp-Image-2020-05-13-at-15.16.25-1-768x576.jpeg 768w, https:\/\/portal.sma.gob.cl\/wp-content\/uploads\/2020\/05\/WhatsApp-Image-2020-05-13-at-15.16.25-1-800x600.jpeg 800w, https:\/\/portal.sma.gob.cl\/wp-content\/uploads\/2020\/05\/WhatsApp-Image-2020-05-13-at-15.16.25-1-1024x768.jpeg 1024w, https:\/\/portal.sma.gob.cl\/wp-content\/uploads\/2020\/05\/WhatsApp-Image-2020-05-13-at-15.16.25-1-1200x900.jpeg 1200w, https:\/\/portal.sma.gob.cl\/wp-content\/uploads\/2020\/05\/WhatsApp-Image-2020-05-13-at-15.16.25-1.jpeg 1280w\" sizes=\"(max-width: 300px) 100vw, 300px\" \/><\/p>\n<p><img decoding=\"async\" class=\"alignnone size-medium wp-image-20679\" src=\"https:\/\/portal.sma.gob.cl\/wp-content\/uploads\/2020\/05\/WhatsApp-Image-2020-05-13-at-15.13.57-1-300x225.jpeg\" alt=\"\" width=\"300\" height=\"225\" srcset=\"https:\/\/portal.sma.gob.cl\/wp-content\/uploads\/2020\/05\/WhatsApp-Image-2020-05-13-at-15.13.57-1-200x150.jpeg 200w, https:\/\/portal.sma.gob.cl\/wp-content\/uploads\/2020\/05\/WhatsApp-Image-2020-05-13-at-15.13.57-1-300x225.jpeg 300w, https:\/\/portal.sma.gob.cl\/wp-content\/uploads\/2020\/05\/WhatsApp-Image-2020-05-13-at-15.13.57-1-400x300.jpeg 400w, https:\/\/portal.sma.gob.cl\/wp-content\/uploads\/2020\/05\/WhatsApp-Image-2020-05-13-at-15.13.57-1-600x450.jpeg 600w, https:\/\/portal.sma.gob.cl\/wp-content\/uploads\/2020\/05\/WhatsApp-Image-2020-05-13-at-15.13.57-1-768x576.jpeg 768w, https:\/\/portal.sma.gob.cl\/wp-content\/uploads\/2020\/05\/WhatsApp-Image-2020-05-13-at-15.13.57-1-800x600.jpeg 800w, https:\/\/portal.sma.gob.cl\/wp-content\/uploads\/2020\/05\/WhatsApp-Image-2020-05-13-at-15.13.57-1-1024x768.jpeg 1024w, https:\/\/portal.sma.gob.cl\/wp-content\/uploads\/2020\/05\/WhatsApp-Image-2020-05-13-at-15.13.57-1-1200x900.jpeg 1200w, https:\/\/portal.sma.gob.cl\/wp-content\/uploads\/2020\/05\/WhatsApp-Image-2020-05-13-at-15.13.57-1.jpeg 1280w\" sizes=\"(max-width: 300px) 100vw, 300px\" \/><\/p>\n","protected":false},"excerpt":{"rendered":"<p>\u00a0En la inspecci\u00f3n realizada en potreros y \u00e1reas de manejo de purines de la empresa Criadero Los Varones, no se detectaron evidencias de malos manejos, emisiones de olores, vertidos o descargas recientes de residuos l\u00edquidos y s\u00f3lidos hacia el Estero Curanad\u00fa, seg\u00fan explic\u00f3 Juan Pablo Granzow, jefe regional de la SMA en Biob\u00edo. Los \u00c1ngeles, 14 <a href=\"https:\/\/portal.sma.gob.cl\/index.php\/sma-no-detecto-incumplimientos-ambientales-tras-fiscalizar-denuncia-en-criadero-de-los-angeles\/\">Leer m\u00e1s<\/a><\/p>\n","protected":false},"author":2,"featured_media":20681,"comment_status":"open","ping_status":"open","sticky":false,"template":"","format":"standard","meta":{"footnotes":""},"categories":[94],"tags":[],"class_list":["post-20682","post","type-post","status-publish","format-standard","has-post-thumbnail","hentry","category-notas-noticias"],"_links":{"self":[{"href":"https:\/\/portal.sma.gob.cl\/index.php\/wp-json\/wp\/v2\/posts\/20682","targetHints":{"allow":["GET"]}}],"collection":[{"href":"https:\/\/portal.sma.gob.cl\/index.php\/wp-json\/wp\/v2\/posts"}],"about":[{"href":"https:\/\/portal.sma.gob.cl\/index.php\/wp-json\/wp\/v2\/types\/post"}],"author":[{"embeddable":true,"href":"https:\/\/portal.sma.gob.cl\/index.php\/wp-json\/wp\/v2\/users\/2"}],"replies":[{"embeddable":true,"href":"https:\/\/portal.sma.gob.cl\/index.php\/wp-json\/wp\/v2\/comments?post=20682"}],"version-history":[{"count":1,"href":"https:\/\/portal.sma.gob.cl\/index.php\/wp-json\/wp\/v2\/posts\/20682\/revisions"}],"predecessor-version":[{"id":20683,"href":"https:\/\/portal.sma.gob.cl\/index.php\/wp-json\/wp\/v2\/posts\/20682\/revisions\/20683"}],"wp:featuredmedia":[{"embeddable":true,"href":"https:\/\/portal.sma.gob.cl\/index.php\/wp-json\/wp\/v2\/media\/20681"}],"wp:attachment":[{"href":"https:\/\/portal.sma.gob.cl\/index.php\/wp-json\/wp\/v2\/media?parent=20682"}],"wp:term":[{"taxonomy":"category","embeddable":true,"href":"https:\/\/portal.sma.gob.cl\/index.php\/wp-json\/wp\/v2\/categories?post=20682"},{"taxonomy":"post_tag","embeddable":true,"href":"https:\/\/portal.sma.gob.cl\/index.php\/wp-json\/wp\/v2\/tags?post=20682"}],"curies":[{"name":"wp","href":"https:\/\/api.w.org\/{rel}","templated":true}]}}