{"id":20723,"date":"2020-05-20T17:25:20","date_gmt":"2020-05-20T21:25:20","guid":{"rendered":"https:\/\/portal.sma.gob.cl\/?p=20723"},"modified":"2020-05-20T17:25:20","modified_gmt":"2020-05-20T21:25:20","slug":"superintendente-cristobal-de-la-maza-presentara-cuenta-publica-participativa-2019","status":"publish","type":"post","link":"https:\/\/portal.sma.gob.cl\/index.php\/superintendente-cristobal-de-la-maza-presentara-cuenta-publica-participativa-2019\/","title":{"rendered":"Superintendente Crist\u00f3bal De La Maza presentar\u00e1 Cuenta P\u00fablica Participativa 2019"},"content":{"rendered":"<p><strong>La actividad se realizar\u00e1 el jueves 28 de mayo a partir de las 12:00 horas, v\u00eda streaming.<\/strong><\/p>\n<p><strong>Santiago, 20 de mayo de 2020. <\/strong>El Superintendente del Medio Ambiente, Crist\u00f3bal De La Maza (SMA) rendir\u00e1 la Cuenta P\u00fablica Participativa 2019, el jueves 28 de mayo de 2020 a las 12:00 horas, evento que ser\u00e1 transmitido v\u00eda streaming, a trav\u00e9s del canal de <a href=\"https:\/\/www.youtube.com\/channel\/UCUFDJBDkk2H4B_PzFouCNLw\">YouTube<\/a> de la instituci\u00f3n.<\/p>\n<p>Durante la exposici\u00f3n, el Superintendente realizar\u00e1 un resumen de los \u00faltimos 10 a\u00f1os de gesti\u00f3n de la entidad, sus principales hitos en el per\u00edodo 2019 y los lineamientos estrat\u00e9gicos de cara al 2022.<\/p>\n<p>Cabe recordar que la rendici\u00f3n de la Cuenta P\u00fablica anual se encuentra instaurada en el marco de la Ley 20.500 Sobre Asociaciones y Participaci\u00f3n Ciudadana en la Gesti\u00f3n P\u00fablica. Dicha Ley busca promover un modelo de gesti\u00f3n gubernamental que, inspirado en el Principio de Transparencia y el Derecho de Acceso a la Informaci\u00f3n P\u00fablica, profundice la democracia y fomente la confianza en la funci\u00f3n p\u00fablica sobre la base de la participaci\u00f3n y el control social; permitiendo una efectiva rendici\u00f3n de cuentas.<\/p>\n<p>Una vez finalizada la Cuenta P\u00fablica Participativa 2019, se dispondr\u00e1 del material exhibido a trav\u00e9s de las distintas plataformas digitales de la SMA y se responder\u00e1n todas las consultas requeridas por la ciudadan\u00eda, en un plazo de 20 d\u00edas h\u00e1biles.<\/p>\n<p>&nbsp;<\/p>\n","protected":false},"excerpt":{"rendered":"<p>La actividad se realizar\u00e1 el jueves 28 de mayo a partir de las 12:00 horas, v\u00eda streaming. Santiago, 20 de mayo de 2020. El Superintendente del Medio Ambiente, Crist\u00f3bal De La Maza (SMA) rendir\u00e1 la Cuenta P\u00fablica Participativa 2019, el jueves 28 de mayo de 2020 a las 12:00 horas, evento que ser\u00e1 transmitido v\u00eda streaming, <a href=\"https:\/\/portal.sma.gob.cl\/index.php\/superintendente-cristobal-de-la-maza-presentara-cuenta-publica-participativa-2019\/\">Leer m\u00e1s<\/a><\/p>\n","protected":false},"author":8,"featured_media":20722,"comment_status":"open","ping_status":"open","sticky":false,"template":"","format":"standard","meta":{"footnotes":""},"categories":[107,94],"tags":[],"class_list":["post-20723","post","type-post","status-publish","format-standard","has-post-thumbnail","hentry","category-destacado","category-notas-noticias"],"_links":{"self":[{"href":"https:\/\/portal.sma.gob.cl\/index.php\/wp-json\/wp\/v2\/posts\/20723","targetHints":{"allow":["GET"]}}],"collection":[{"href":"https:\/\/portal.sma.gob.cl\/index.php\/wp-json\/wp\/v2\/posts"}],"about":[{"href":"https:\/\/portal.sma.gob.cl\/index.php\/wp-json\/wp\/v2\/types\/post"}],"author":[{"embeddable":true,"href":"https:\/\/portal.sma.gob.cl\/index.php\/wp-json\/wp\/v2\/users\/8"}],"replies":[{"embeddable":true,"href":"https:\/\/portal.sma.gob.cl\/index.php\/wp-json\/wp\/v2\/comments?post=20723"}],"version-history":[{"count":1,"href":"https:\/\/portal.sma.gob.cl\/index.php\/wp-json\/wp\/v2\/posts\/20723\/revisions"}],"predecessor-version":[{"id":20724,"href":"https:\/\/portal.sma.gob.cl\/index.php\/wp-json\/wp\/v2\/posts\/20723\/revisions\/20724"}],"wp:featuredmedia":[{"embeddable":true,"href":"https:\/\/portal.sma.gob.cl\/index.php\/wp-json\/wp\/v2\/media\/20722"}],"wp:attachment":[{"href":"https:\/\/portal.sma.gob.cl\/index.php\/wp-json\/wp\/v2\/media?parent=20723"}],"wp:term":[{"taxonomy":"category","embeddable":true,"href":"https:\/\/portal.sma.gob.cl\/index.php\/wp-json\/wp\/v2\/categories?post=20723"},{"taxonomy":"post_tag","embeddable":true,"href":"https:\/\/portal.sma.gob.cl\/index.php\/wp-json\/wp\/v2\/tags?post=20723"}],"curies":[{"name":"wp","href":"https:\/\/api.w.org\/{rel}","templated":true}]}}