{"id":20784,"date":"2020-05-26T13:34:05","date_gmt":"2020-05-26T17:34:05","guid":{"rendered":"https:\/\/portal.sma.gob.cl\/?p=20784"},"modified":"2020-05-26T15:53:51","modified_gmt":"2020-05-26T19:53:51","slug":"sma-fiscalizo-polucion-ambiental-en-caimanes-e-inicio-una-investigacion","status":"publish","type":"post","link":"https:\/\/portal.sma.gob.cl\/index.php\/sma-fiscalizo-polucion-ambiental-en-caimanes-e-inicio-una-investigacion\/","title":{"rendered":"SMA fiscaliz\u00f3 poluci\u00f3n ambiental en Caimanes e inici\u00f3 una investigaci\u00f3n"},"content":{"rendered":"<p><strong>La existencia de material particulado en suspensi\u00f3n denunciada por los vecinos y la municipalidad de Los Vilos llev\u00f3 a la SMA a anunciar el inicio de una investigaci\u00f3n, y a inspeccionar la estaci\u00f3n de monitoreo de aire y el tranque de relave El Mauro.<\/strong><\/p>\n<p><strong>Santiago, 26 de mayo de 2020.-\u00a0<\/strong>Hasta la localidad de Caimanes se dirigi\u00f3 la jefa regional de la Superintendencia de Medio Ambiente (SMA) en Coquimbo, Vi\u0161nja Musi\u0107, para constatar en terreno diversas denuncias de poluci\u00f3n ambiental realizadas por la municipalidad de Los Vilos y los vecinos del lugar.<\/p>\n<p>La autoridad sostuvo una reuni\u00f3n junto al gobernador de Choapa, Juan Pablo G\u00e1lvez, el alcalde de Los Vilos, Manuel Marcarian, la seremi de Medio Ambiente de Coquimbo, Claudia Rivera, y diversas juntas de vecinos de Caimanes, en que se abordaron los problemas ambientales denunciados.<\/p>\n<p>La existencia de material particulado en suspensi\u00f3n, seg\u00fan los vecinos, llev\u00f3 a la SMA a anunciar el inicio de una investigaci\u00f3n, y a inspeccionar la estaci\u00f3n de monitoreo de aire, y el tranque de relave El Mauro.<\/p>\n<p>\u201cTras recibir esta denuncia nos dirigimos a la localidad de Caimanes a reunirnos con las autoridades locales y vecinos para escucharlos e instruir las primeras diligencias. Quiero se\u00f1alar que la SMA ya inici\u00f3 la investigaci\u00f3n de los hechos y que tan pronto tengamos informaci\u00f3n relevante se la haremos saber a la comunidad\u201d, se\u00f1al\u00f3 la jefa regional Vi\u0161nja Musi\u0107.<\/p>\n<p>La autoridad agreg\u00f3 que para la Superintendencia \u201ces muy importante hacer part\u00edcipe a la comunidad durante este proceso, y es por ello que se conform\u00f3, a trav\u00e9s de la gobernaci\u00f3n provincial, \u00a0un comit\u00e9 de trabajo con cinco representantes elegidos democr\u00e1ticamente que participar\u00e1n del proceso y sostendremos diversas reuniones\u201d.<\/p>\n<p><img decoding=\"async\" class=\"alignnone size-medium wp-image-20788\" src=\"https:\/\/portal.sma.gob.cl\/wp-content\/uploads\/2020\/05\/WhatsApp-Image-2020-05-25-at-16.15.22-1-300x225.jpeg\" alt=\"\" width=\"300\" height=\"225\" srcset=\"https:\/\/portal.sma.gob.cl\/wp-content\/uploads\/2020\/05\/WhatsApp-Image-2020-05-25-at-16.15.22-1-200x150.jpeg 200w, https:\/\/portal.sma.gob.cl\/wp-content\/uploads\/2020\/05\/WhatsApp-Image-2020-05-25-at-16.15.22-1-300x225.jpeg 300w, https:\/\/portal.sma.gob.cl\/wp-content\/uploads\/2020\/05\/WhatsApp-Image-2020-05-25-at-16.15.22-1-400x300.jpeg 400w, https:\/\/portal.sma.gob.cl\/wp-content\/uploads\/2020\/05\/WhatsApp-Image-2020-05-25-at-16.15.22-1-600x450.jpeg 600w, https:\/\/portal.sma.gob.cl\/wp-content\/uploads\/2020\/05\/WhatsApp-Image-2020-05-25-at-16.15.22-1-768x576.jpeg 768w, https:\/\/portal.sma.gob.cl\/wp-content\/uploads\/2020\/05\/WhatsApp-Image-2020-05-25-at-16.15.22-1-800x600.jpeg 800w, https:\/\/portal.sma.gob.cl\/wp-content\/uploads\/2020\/05\/WhatsApp-Image-2020-05-25-at-16.15.22-1-1024x768.jpeg 1024w, https:\/\/portal.sma.gob.cl\/wp-content\/uploads\/2020\/05\/WhatsApp-Image-2020-05-25-at-16.15.22-1-1200x900.jpeg 1200w, https:\/\/portal.sma.gob.cl\/wp-content\/uploads\/2020\/05\/WhatsApp-Image-2020-05-25-at-16.15.22-1.jpeg 1280w\" sizes=\"(max-width: 300px) 100vw, 300px\" \/><\/p>\n<p><img decoding=\"async\" class=\"alignnone size-medium wp-image-20787\" src=\"https:\/\/portal.sma.gob.cl\/wp-content\/uploads\/2020\/05\/fiscalizacion-SMA-Caimanes-300x225.jpeg\" alt=\"\" width=\"300\" height=\"225\" srcset=\"https:\/\/portal.sma.gob.cl\/wp-content\/uploads\/2020\/05\/fiscalizacion-SMA-Caimanes-200x150.jpeg 200w, https:\/\/portal.sma.gob.cl\/wp-content\/uploads\/2020\/05\/fiscalizacion-SMA-Caimanes-300x225.jpeg 300w, https:\/\/portal.sma.gob.cl\/wp-content\/uploads\/2020\/05\/fiscalizacion-SMA-Caimanes-400x300.jpeg 400w, https:\/\/portal.sma.gob.cl\/wp-content\/uploads\/2020\/05\/fiscalizacion-SMA-Caimanes-600x450.jpeg 600w, https:\/\/portal.sma.gob.cl\/wp-content\/uploads\/2020\/05\/fiscalizacion-SMA-Caimanes-768x576.jpeg 768w, https:\/\/portal.sma.gob.cl\/wp-content\/uploads\/2020\/05\/fiscalizacion-SMA-Caimanes-800x600.jpeg 800w, https:\/\/portal.sma.gob.cl\/wp-content\/uploads\/2020\/05\/fiscalizacion-SMA-Caimanes-1024x768.jpeg 1024w, https:\/\/portal.sma.gob.cl\/wp-content\/uploads\/2020\/05\/fiscalizacion-SMA-Caimanes-1200x900.jpeg 1200w, https:\/\/portal.sma.gob.cl\/wp-content\/uploads\/2020\/05\/fiscalizacion-SMA-Caimanes.jpeg 1280w\" sizes=\"(max-width: 300px) 100vw, 300px\" \/><\/p>\n","protected":false},"excerpt":{"rendered":"<p>La existencia de material particulado en suspensi\u00f3n denunciada por los vecinos y la municipalidad de Los Vilos llev\u00f3 a la SMA a anunciar el inicio de una investigaci\u00f3n, y a inspeccionar la estaci\u00f3n de monitoreo de aire y el tranque de relave El Mauro. Santiago, 26 de mayo de 2020.-\u00a0Hasta la localidad de Caimanes se dirigi\u00f3 <a href=\"https:\/\/portal.sma.gob.cl\/index.php\/sma-fiscalizo-polucion-ambiental-en-caimanes-e-inicio-una-investigacion\/\">Leer m\u00e1s<\/a><\/p>\n","protected":false},"author":2,"featured_media":20789,"comment_status":"open","ping_status":"open","sticky":false,"template":"","format":"standard","meta":{"footnotes":""},"categories":[107,94],"tags":[],"class_list":["post-20784","post","type-post","status-publish","format-standard","has-post-thumbnail","hentry","category-destacado","category-notas-noticias"],"_links":{"self":[{"href":"https:\/\/portal.sma.gob.cl\/index.php\/wp-json\/wp\/v2\/posts\/20784","targetHints":{"allow":["GET"]}}],"collection":[{"href":"https:\/\/portal.sma.gob.cl\/index.php\/wp-json\/wp\/v2\/posts"}],"about":[{"href":"https:\/\/portal.sma.gob.cl\/index.php\/wp-json\/wp\/v2\/types\/post"}],"author":[{"embeddable":true,"href":"https:\/\/portal.sma.gob.cl\/index.php\/wp-json\/wp\/v2\/users\/2"}],"replies":[{"embeddable":true,"href":"https:\/\/portal.sma.gob.cl\/index.php\/wp-json\/wp\/v2\/comments?post=20784"}],"version-history":[{"count":4,"href":"https:\/\/portal.sma.gob.cl\/index.php\/wp-json\/wp\/v2\/posts\/20784\/revisions"}],"predecessor-version":[{"id":20791,"href":"https:\/\/portal.sma.gob.cl\/index.php\/wp-json\/wp\/v2\/posts\/20784\/revisions\/20791"}],"wp:featuredmedia":[{"embeddable":true,"href":"https:\/\/portal.sma.gob.cl\/index.php\/wp-json\/wp\/v2\/media\/20789"}],"wp:attachment":[{"href":"https:\/\/portal.sma.gob.cl\/index.php\/wp-json\/wp\/v2\/media?parent=20784"}],"wp:term":[{"taxonomy":"category","embeddable":true,"href":"https:\/\/portal.sma.gob.cl\/index.php\/wp-json\/wp\/v2\/categories?post=20784"},{"taxonomy":"post_tag","embeddable":true,"href":"https:\/\/portal.sma.gob.cl\/index.php\/wp-json\/wp\/v2\/tags?post=20784"}],"curies":[{"name":"wp","href":"https:\/\/api.w.org\/{rel}","templated":true}]}}