{"id":20793,"date":"2020-05-27T15:59:33","date_gmt":"2020-05-27T19:59:33","guid":{"rendered":"https:\/\/portal.sma.gob.cl\/?p=20793"},"modified":"2020-05-27T15:59:33","modified_gmt":"2020-05-27T19:59:33","slug":"sma-ordena-medidas-provisionales-a-municipalidad-de-osorno-por-mal-manejo-de-lixiviados","status":"publish","type":"post","link":"https:\/\/portal.sma.gob.cl\/index.php\/sma-ordena-medidas-provisionales-a-municipalidad-de-osorno-por-mal-manejo-de-lixiviados\/","title":{"rendered":"SMA ordena medidas provisionales a Municipalidad de Osorno por mal manejo de lixiviados"},"content":{"rendered":"<p><strong>A ra\u00edz de una denuncia ciudadana se constat\u00f3 que el programa de cumplimiento presentado por el municipio no est\u00e1 implementando el manejo de lixiviados comprometido, provocando un inminente riesgo sanitario y ambiental.<\/strong><\/p>\n<p><strong>Osorno, 26 de mayo de 2020.-<\/strong> El Superintendente del Medio Ambiente, Crist\u00f3bal De La Maza orden\u00f3 medidas provisionales a la Ilustre Municipalidad de Osorno, titular del \u201cVertedero Municipal de Osorno\u201d \u2013regulado por RCA N\u00b0 438 de 2010\u2013 debido a que no est\u00e1 implementando las acciones comprometidas en el programa de cumplimiento, esto luego de que se le formularan cargos por deficiente manejo de lixiviados, entre otras infracciones.<\/p>\n<p>Tras una nueva denuncia ciudadana, funcionarios de la Oficina Regional de la SMA de Los Lagos, constataron que a\u00fan existe una deficiente operaci\u00f3n del Vertedero en materia de lixiviados y manejo de basura, lo que conlleva a un riesgo sanitario y ambiental.<\/p>\n<p>Cabe recordar que dicho Vertedero est\u00e1 ubicado en el sector de Curaco en la comuna de Osorno y recibe residuos s\u00f3lidos domiciliarios y asimilables urbanos provenientes de las comunas de Purranque, San Juan de la Costa, Puyehue, San Pablo, Puerto Octay y Osorno.<\/p>\n<p>Las medidas provisionales ordenan un control de descargas del lixiviado, en un plazo no superior a 10 d\u00edas h\u00e1biles contados desde su notificaci\u00f3n, deteniendo de manera inmediata todas las descargas y escurrimiento de estos l\u00edquidos que fluyen hacia el estero sin nombre, as\u00ed como tambi\u00e9n todos los l\u00edquidos lixiviados que aparezcan en los taludes de la torta de residuos.<\/p>\n<p>Adem\u00e1s, el titular deber\u00e1 realizar un manejo de la piscina de lixiviados con el fin de evitar el colapso de esta, sobre todo cuando no se pueda mantener el nivel de revancha de 1 metro, por lo que deber\u00e1 retirar estos l\u00edquidos lixiviados mediante camiones aljibe, especiales para el transporte de RILes, y que cuenten con autorizaci\u00f3n sanitaria. El plazo de esta medida es de 30 d\u00edas h\u00e1biles.<\/p>\n<p>El municipio tambi\u00e9n deber\u00e1 monitorear las aguas del estero sin nombre y del estero Curaco, presentando resultados de al menos una medici\u00f3n, muestreo y an\u00e1lisis de la calidad de las aguas superficiales; y, adem\u00e1s, deber\u00e1 entregar un plan de monitoreo que considere la frecuencia semanal y al menos por 2 meses. Ambas medidas deber\u00e1n ser ejecutada en un plazo de 30 d\u00edas.<\/p>\n<p>A estas medidas, se suma el manejo de los residuos s\u00f3lidos dispuestos, cuyo medio de verificaci\u00f3n ser\u00e1n fotograf\u00edas fechadas y georrefenciadas en un plazo no superior a 10 d\u00edas h\u00e1biles.<\/p>\n<p>Por \u00faltimo, se le solicit\u00f3 al municipio un reporte consolidado respecto de cada una de las medidas provisionales ordenadas que deber\u00e1 ser entregado tambi\u00e9n dentro de un per\u00edodo de 30 d\u00edas h\u00e1biles.<\/p>\n","protected":false},"excerpt":{"rendered":"<p>A ra\u00edz de una denuncia ciudadana se constat\u00f3 que el programa de cumplimiento presentado por el municipio no est\u00e1 implementando el manejo de lixiviados comprometido, provocando un inminente riesgo sanitario y ambiental. Osorno, 26 de mayo de 2020.- El Superintendente del Medio Ambiente, Crist\u00f3bal De La Maza orden\u00f3 medidas provisionales a la Ilustre Municipalidad de Osorno, <a href=\"https:\/\/portal.sma.gob.cl\/index.php\/sma-ordena-medidas-provisionales-a-municipalidad-de-osorno-por-mal-manejo-de-lixiviados\/\">Leer m\u00e1s<\/a><\/p>\n","protected":false},"author":8,"featured_media":20792,"comment_status":"open","ping_status":"open","sticky":false,"template":"","format":"standard","meta":{"footnotes":""},"categories":[90,107],"tags":[],"class_list":["post-20793","post","type-post","status-publish","format-standard","has-post-thumbnail","hentry","category-comunicados-noticias","category-destacado"],"_links":{"self":[{"href":"https:\/\/portal.sma.gob.cl\/index.php\/wp-json\/wp\/v2\/posts\/20793","targetHints":{"allow":["GET"]}}],"collection":[{"href":"https:\/\/portal.sma.gob.cl\/index.php\/wp-json\/wp\/v2\/posts"}],"about":[{"href":"https:\/\/portal.sma.gob.cl\/index.php\/wp-json\/wp\/v2\/types\/post"}],"author":[{"embeddable":true,"href":"https:\/\/portal.sma.gob.cl\/index.php\/wp-json\/wp\/v2\/users\/8"}],"replies":[{"embeddable":true,"href":"https:\/\/portal.sma.gob.cl\/index.php\/wp-json\/wp\/v2\/comments?post=20793"}],"version-history":[{"count":1,"href":"https:\/\/portal.sma.gob.cl\/index.php\/wp-json\/wp\/v2\/posts\/20793\/revisions"}],"predecessor-version":[{"id":20794,"href":"https:\/\/portal.sma.gob.cl\/index.php\/wp-json\/wp\/v2\/posts\/20793\/revisions\/20794"}],"wp:featuredmedia":[{"embeddable":true,"href":"https:\/\/portal.sma.gob.cl\/index.php\/wp-json\/wp\/v2\/media\/20792"}],"wp:attachment":[{"href":"https:\/\/portal.sma.gob.cl\/index.php\/wp-json\/wp\/v2\/media?parent=20793"}],"wp:term":[{"taxonomy":"category","embeddable":true,"href":"https:\/\/portal.sma.gob.cl\/index.php\/wp-json\/wp\/v2\/categories?post=20793"},{"taxonomy":"post_tag","embeddable":true,"href":"https:\/\/portal.sma.gob.cl\/index.php\/wp-json\/wp\/v2\/tags?post=20793"}],"curies":[{"name":"wp","href":"https:\/\/api.w.org\/{rel}","templated":true}]}}