{"id":20836,"date":"2020-06-03T12:33:58","date_gmt":"2020-06-03T16:33:58","guid":{"rendered":"https:\/\/portal.sma.gob.cl\/?p=20836"},"modified":"2020-06-03T12:35:41","modified_gmt":"2020-06-03T16:35:41","slug":"sma-lanza-boletin-trimestral-de-jurisprudencia","status":"publish","type":"post","link":"https:\/\/portal.sma.gob.cl\/index.php\/sma-lanza-boletin-trimestral-de-jurisprudencia\/","title":{"rendered":"SMA lanza bolet\u00edn trimestral de jurisprudencia"},"content":{"rendered":"<p><strong>La edici\u00f3n -de car\u00e1cter trimestral- se enfocar\u00e1 en los fallos ejecutados en el \u00faltimo periodo, de una forma m\u00e1s simple y de f\u00e1cil revisi\u00f3n.<\/strong><\/p>\n<p><strong>Santiago, 03 de junio de 2020.- <\/strong>Encabezada por el Fiscal Emanuel Ibarra, la Divisi\u00f3n de Fiscal\u00eda de la Superintendencia del Medio Ambiente, lanz\u00f3 la primera edici\u00f3n del bolet\u00edn trimestral de jurisprudencia. Esto, en busca de contribuir al acceso a la informaci\u00f3n ambiental, especialmente con relaci\u00f3n a las decisiones que adoptan los tribunales de justicia respecto al ejercicio de la potestad sancionatoria ambiental.<\/p>\n<p>Con este proyecto tambi\u00e9n, se busca aterrizar informaci\u00f3n tratada en los fallos que presentan cierto grado de complejidad t\u00e9cnica. Por esta raz\u00f3n surge la necesidad de sintetizar, simplificar y hacer f\u00e1cil la revisi\u00f3n de estos contenidos.<\/p>\n<p>Respecto a lo anterior Emanuel Ibarra, jefe de la Divisi\u00f3n de Fiscal\u00eda de la SMA, se\u00f1al\u00f3 que, \u201ccon el equipo de litigios estimamos necesario poner a disposici\u00f3n de la comunidad regulada y ciudadanos, los resultados de los juicios donde la SMA es parte, con el objetivo de generar un acceso f\u00e1cil a los nuevos criterios que se vayan generando por los tribunales, de manera que la discusi\u00f3n sobre los mismos vaya avanzando cada d\u00eda m\u00e1s, entregando certeza a todos los interesados\u201d.<\/p>\n<p>El bolet\u00edn -con periodicidad trimestral- se divide en dos partes. La primera cuenta con los fallos m\u00e1s relevantes, cada uno con sus respectivas informaciones sobre los procedimientos, una s\u00edntesis b\u00e1sica de la decisi\u00f3n y, la segunda, un resumen m\u00e1s extenso del contenido de la sentencia.<\/p>\n<p>Por otro lado, recalcar la importancia del rol que cumple Fiscal\u00eda dentro de la Superintendencia del Medio Ambiente, en cuanto ejerce el control de legalidad de los actos administrativos de la entidad con el fin de dar respuestas oportunas y efectivas a las demandas de la ciudadan\u00eda.<\/p>\n<p>&#8220;Por lo anterior es que nos hemos concentrado en gestionar los productos que se relacionan con las personas. Siendo el principal foco aquellos problemas ambientales que generan alg\u00fan tipo de riesgo\u201d, explic\u00f3 Emanuel Ibarra. En esa l\u00ednea a\u00f1ade que durante el a\u00f1o 2019 y 2020 se han aumentado entre un 30% a un 40% la cantidad de medidas provisionales que han enfrentado esos problemas, en coordinaci\u00f3n con las otras divisiones.<\/p>\n<p>Asimismo, dentro del mismo periodo se ha logrado enfrentar la totalidad de casos de elusi\u00f3n con el respecto inicio del procedimiento de requerimiento de ingreso al SEIA. \u201cNos hemos dedicado a perseguir a los sujetos que act\u00faan sin permiso ambiental para que en un plazo prudente puedan volver a operar en regla\u201d, precis\u00f3.<\/p>\n<p>Asimismo, asegur\u00f3 que se presentan nuevos desaf\u00edos impuestos por el Superintendente, Crist\u00f3bal de la Maza, \u201cque es la mayor cantidad de procedimientos que se tienen que generar para enfrentar una demanda cada vez es m\u00e1s alta respecto a nuestro servicio, sin perder de ninguna manera la calidad del control legal\u201d.<\/p>\n<p>Para conocer en detalle al bolet\u00edn ingresar en el siguiente <a href=\"http:\/\/newsletter.sma.gob.cl\/boletin-jurisprudencial\/\">link<\/a><\/p>\n<p>&nbsp;<\/p>\n<p>&nbsp;<\/p>\n","protected":false},"excerpt":{"rendered":"<p>La edici\u00f3n -de car\u00e1cter trimestral- se enfocar\u00e1 en los fallos ejecutados en el \u00faltimo periodo, de una forma m\u00e1s simple y de f\u00e1cil revisi\u00f3n. Santiago, 03 de junio de 2020.- Encabezada por el Fiscal Emanuel Ibarra, la Divisi\u00f3n de Fiscal\u00eda de la Superintendencia del Medio Ambiente, lanz\u00f3 la primera edici\u00f3n del bolet\u00edn trimestral de jurisprudencia. Esto, <a href=\"https:\/\/portal.sma.gob.cl\/index.php\/sma-lanza-boletin-trimestral-de-jurisprudencia\/\">Leer m\u00e1s<\/a><\/p>\n","protected":false},"author":3,"featured_media":20842,"comment_status":"open","ping_status":"open","sticky":false,"template":"","format":"standard","meta":{"footnotes":""},"categories":[107,94],"tags":[],"class_list":["post-20836","post","type-post","status-publish","format-standard","has-post-thumbnail","hentry","category-destacado","category-notas-noticias"],"_links":{"self":[{"href":"https:\/\/portal.sma.gob.cl\/index.php\/wp-json\/wp\/v2\/posts\/20836","targetHints":{"allow":["GET"]}}],"collection":[{"href":"https:\/\/portal.sma.gob.cl\/index.php\/wp-json\/wp\/v2\/posts"}],"about":[{"href":"https:\/\/portal.sma.gob.cl\/index.php\/wp-json\/wp\/v2\/types\/post"}],"author":[{"embeddable":true,"href":"https:\/\/portal.sma.gob.cl\/index.php\/wp-json\/wp\/v2\/users\/3"}],"replies":[{"embeddable":true,"href":"https:\/\/portal.sma.gob.cl\/index.php\/wp-json\/wp\/v2\/comments?post=20836"}],"version-history":[{"count":4,"href":"https:\/\/portal.sma.gob.cl\/index.php\/wp-json\/wp\/v2\/posts\/20836\/revisions"}],"predecessor-version":[{"id":20838,"href":"https:\/\/portal.sma.gob.cl\/index.php\/wp-json\/wp\/v2\/posts\/20836\/revisions\/20838"}],"wp:featuredmedia":[{"embeddable":true,"href":"https:\/\/portal.sma.gob.cl\/index.php\/wp-json\/wp\/v2\/media\/20842"}],"wp:attachment":[{"href":"https:\/\/portal.sma.gob.cl\/index.php\/wp-json\/wp\/v2\/media?parent=20836"}],"wp:term":[{"taxonomy":"category","embeddable":true,"href":"https:\/\/portal.sma.gob.cl\/index.php\/wp-json\/wp\/v2\/categories?post=20836"},{"taxonomy":"post_tag","embeddable":true,"href":"https:\/\/portal.sma.gob.cl\/index.php\/wp-json\/wp\/v2\/tags?post=20836"}],"curies":[{"name":"wp","href":"https:\/\/api.w.org\/{rel}","templated":true}]}}