{"id":20904,"date":"2020-06-05T16:10:24","date_gmt":"2020-06-05T20:10:24","guid":{"rendered":"https:\/\/portal.sma.gob.cl\/?p=20904"},"modified":"2020-06-05T16:10:24","modified_gmt":"2020-06-05T20:10:24","slug":"valdivia-sma-formula-cargos-contra-11-establecimientos-comerciales-e-intensifica-fiscalizacion-del-plan-de-descontaminacion","status":"publish","type":"post","link":"https:\/\/portal.sma.gob.cl\/index.php\/valdivia-sma-formula-cargos-contra-11-establecimientos-comerciales-e-intensifica-fiscalizacion-del-plan-de-descontaminacion\/","title":{"rendered":"Valdivia: SMA formula cargos contra 11 establecimientos comerciales e intensifica fiscalizaci\u00f3n del Plan de Descontaminaci\u00f3n"},"content":{"rendered":"<p><strong>La notificaci\u00f3n de cargos fue rotulada por incumplimiento de la Norma de Emisi\u00f3n para artefactos de comercio y por incumplir las restricciones establecidas durante la Gesti\u00f3n de Episodios Cr\u00edticos que regula el PDA de Valdivia.<\/strong><\/p>\n<p><strong>Valdivia, 5 de junio 2020.\u00a0<\/strong>La Superintendencia del Medio Ambiente formul\u00f3 cargos contra 11 establecimientos de la ciudad de Valdivia por incumplir el Plan de Descontaminaci\u00f3n Atmosf\u00e9rica de la zona, que proh\u00edbe entre otras medidas, el uso de calefactores que no cuenten con la debida certificaci\u00f3n de acuerdo con la norma de emisi\u00f3n de calefactores, esto es el DS 39\/2011.<\/p>\n<p>Los establecimientos que se les ha iniciado el respectivo proceso sancionatorio son: Hotel Villa del R\u00edo; Hotel Diego de Almagro; Approach; Guata Amarilla; Libros Araucaria; Cappuccino Companny; Medieval; Puerto Canelos; Tierra Norte\u00f1a;\u00a0Asenav y Capreva.<\/p>\n<p>\u201cSiete de estos procedimientos sancionatorios tiene que ver con el no cumplimiento de la Norma de Emisi\u00f3n para artefactos en el comercio, y cuatro de ellos por no cumplir la restricci\u00f3n que establece la Gesti\u00f3n de Episodios Cr\u00edticos (GES) que rige para el Plan de Descontaminaci\u00f3n Atmosf\u00e9rica para Valdivia, es decir, la paralizaci\u00f3n o el apagado de las calderas, ya sea de calefacci\u00f3n o de \u00edndole industrial entre las 18 y 06 horas para episodios de preemergencia y emergencia\u201d, afirm\u00f3 Eduardo Rodr\u00edguez, jefe de la Oficina Regional SMA de Los R\u00edos.<\/p>\n<p>Por su parte, el seremi del Medio Ambiente de Los R\u00edos, Daniel Del Campo enfatiz\u00f3 que \u201cen el contexto de la pandemia que estamos viviendo como pa\u00eds y planeta, mantener una buena calidad del aire se hace m\u00e1s importante que nunca, ya que la contaminaci\u00f3n atmosf\u00e9rica genera graves efectos sobre la salud de las personas, especialmente enfermedades cardiovasculares y respiratorias. Es por ello, que la Superintendencia del Medio Ambiente ha reforzado sus labores de fiscalizaci\u00f3n en el marco de los Planes de Descontaminaci\u00f3n Atmosf\u00e9rica, y m\u00e1s a\u00fan, en la Gesti\u00f3n de Episodios Cr\u00edticos\u201d.<\/p>\n<p>Las infracciones detectadas fueron clasificadas como leves, por lo que las empresas podr\u00edan ser objeto de una amonestaci\u00f3n por escrito o una multa de hasta 1.000 Unidades Tributarias Anuales (UTA).<\/p>\n<p>As\u00ed, los infractores que reciban una formulaci\u00f3n de cargos en este periodo pueden optar por presentar un Programa de Cumplimiento en un plazo de 10 d\u00edas h\u00e1biles, para lo cual la SMA construy\u00f3 una \u201cGu\u00eda para la presentaci\u00f3n de Programas de Cumplimiento\u201d, y con ello el infractor comprometer acciones, las que son fiscalizadas rigurosamente por la SMA, y en el caso de no cumplirse se arriesgan hasta el doble de la multa original. Tambi\u00e9n pueden optar por presentar descargos y para ello tienen un plazo de 15 d\u00edas.<\/p>\n<p>\u201cLa Superintendencia del Medio Ambiente no busca aplicar multas, no es su objetivo, sin embargo, es necesario que las medidas establecidas en el Plan de Descontaminaci\u00f3n de Valdivia se cumplan, por todos, con mayor raz\u00f3n ahora que estamos sometidos a m\u00e1s factores de riesgo con la condici\u00f3n sanitaria. Adem\u00e1s, se est\u00e1n cumpliendo los plazos fijados en el PDA que establecen l\u00edmites de emisiones, como material particulado, lo que tambi\u00e9n ser\u00e1 controlado\u201d, enfatiz\u00f3 Rodr\u00edguez.<\/p>\n<p>Por \u00faltimo, es importante recordar que la restricci\u00f3n para el periodo de Gesti\u00f3n de Episodios Cr\u00edticos (GEC) rige desde abril hasta el mes de septiembre de cada a\u00f1o.<\/p>\n","protected":false},"excerpt":{"rendered":"<p>La notificaci\u00f3n de cargos fue rotulada por incumplimiento de la Norma de Emisi\u00f3n para artefactos de comercio y por incumplir las restricciones establecidas durante la Gesti\u00f3n de Episodios Cr\u00edticos que regula el PDA de Valdivia. Valdivia, 5 de junio 2020.\u00a0La Superintendencia del Medio Ambiente formul\u00f3 cargos contra 11 establecimientos de la ciudad de Valdivia por incumplir <a href=\"https:\/\/portal.sma.gob.cl\/index.php\/valdivia-sma-formula-cargos-contra-11-establecimientos-comerciales-e-intensifica-fiscalizacion-del-plan-de-descontaminacion\/\">Leer m\u00e1s<\/a><\/p>\n","protected":false},"author":8,"featured_media":20903,"comment_status":"open","ping_status":"open","sticky":false,"template":"","format":"standard","meta":{"footnotes":""},"categories":[90,107],"tags":[],"class_list":["post-20904","post","type-post","status-publish","format-standard","has-post-thumbnail","hentry","category-comunicados-noticias","category-destacado"],"_links":{"self":[{"href":"https:\/\/portal.sma.gob.cl\/index.php\/wp-json\/wp\/v2\/posts\/20904","targetHints":{"allow":["GET"]}}],"collection":[{"href":"https:\/\/portal.sma.gob.cl\/index.php\/wp-json\/wp\/v2\/posts"}],"about":[{"href":"https:\/\/portal.sma.gob.cl\/index.php\/wp-json\/wp\/v2\/types\/post"}],"author":[{"embeddable":true,"href":"https:\/\/portal.sma.gob.cl\/index.php\/wp-json\/wp\/v2\/users\/8"}],"replies":[{"embeddable":true,"href":"https:\/\/portal.sma.gob.cl\/index.php\/wp-json\/wp\/v2\/comments?post=20904"}],"version-history":[{"count":1,"href":"https:\/\/portal.sma.gob.cl\/index.php\/wp-json\/wp\/v2\/posts\/20904\/revisions"}],"predecessor-version":[{"id":20905,"href":"https:\/\/portal.sma.gob.cl\/index.php\/wp-json\/wp\/v2\/posts\/20904\/revisions\/20905"}],"wp:featuredmedia":[{"embeddable":true,"href":"https:\/\/portal.sma.gob.cl\/index.php\/wp-json\/wp\/v2\/media\/20903"}],"wp:attachment":[{"href":"https:\/\/portal.sma.gob.cl\/index.php\/wp-json\/wp\/v2\/media?parent=20904"}],"wp:term":[{"taxonomy":"category","embeddable":true,"href":"https:\/\/portal.sma.gob.cl\/index.php\/wp-json\/wp\/v2\/categories?post=20904"},{"taxonomy":"post_tag","embeddable":true,"href":"https:\/\/portal.sma.gob.cl\/index.php\/wp-json\/wp\/v2\/tags?post=20904"}],"curies":[{"name":"wp","href":"https:\/\/api.w.org\/{rel}","templated":true}]}}