{"id":20917,"date":"2020-06-08T18:05:54","date_gmt":"2020-06-08T22:05:54","guid":{"rendered":"https:\/\/portal.sma.gob.cl\/?p=20917"},"modified":"2020-06-08T18:05:54","modified_gmt":"2020-06-08T22:05:54","slug":"atacama-sma-fiscaliza-instalaciones-de-enami-tras-superacion-de-niveles-de-dioxido-de-azufre","status":"publish","type":"post","link":"https:\/\/portal.sma.gob.cl\/index.php\/atacama-sma-fiscaliza-instalaciones-de-enami-tras-superacion-de-niveles-de-dioxido-de-azufre\/","title":{"rendered":"Atacama: SMA Fiscaliza Instalaciones de ENAMI tras superaci\u00f3n de niveles de di\u00f3xido de azufre"},"content":{"rendered":"<p><strong>En el marco de la emergencia por di\u00f3xido de azufre (SO<sub>2<\/sub>) registrado el domingo 7 de junio en la estaci\u00f3n de monitoreo de Tierra Amarilla y el d\u00eda de hoy en la estaci\u00f3n de Paipote en la comuna de Copiap\u00f3, la Superintendencia realiz\u00f3 una inspecci\u00f3n ambiental a la Fundici\u00f3n Hern\u00e1n Videla Lira de ENAMI para verificar en terreno no s\u00f3lo la causa del alza de concentraciones, sino tambi\u00e9n las condiciones operacionales de la fundici\u00f3n durante ambos eventos.<\/strong><\/p>\n<p><strong>Copiap\u00f3, 08 de junio de 2020.<\/strong> El motivo de la fiscalizaci\u00f3n se origin\u00f3 a partir de la activaci\u00f3n del nivel de emergencia el domingo 07 de junio, seg\u00fan el D. S. N\u00b0104 que establece la norma primaria de calidad de aire para Di\u00f3xido de Azufre (SO<sub>2<\/sub>), la cual para la concentraci\u00f3n media horaria de las 13:00 p.m. en la estaci\u00f3n de monitoreo de Tierra Amarilla, alcanz\u00f3 un nivel de 914 \u03bcg\/Nm3, superando el nivel de emergencia 2 establecido en el presente decreto.<\/p>\n<p>Por su parte, el d\u00eda de hoy, se activ\u00f3 nuevamente el nivel de emergencia, esta vez para la estaci\u00f3n de Paipote, donde se alcanz\u00f3 una concentraci\u00f3n media horaria a las 10:00 hrs. de 729 \u03bcg\/Nm3 de SO<sub>2<\/sub> superando con ello, el nivel 2 de emergencia.<\/p>\n<p>Frente a ello, se decretaron los protocolos de activaci\u00f3n de plan de emergencia por parte de la Seremi de Salud de Atacama, y la Superintendencia del Medio Ambiente de inmediato activ\u00f3 la inspecci\u00f3n en terreno para verificar en las instalaciones de la empresa las causas del incidente.<\/p>\n<p>Al respecto, Felipe S\u00e1nchez, jefe de la Oficina Regional SMA de Atacama se\u00f1al\u00f3 que \u201clos fiscalizadores de esta instituci\u00f3n, acompa\u00f1ados por profesionales de dicha cartera ministerial, se constituyeron en la empresa, constando que las alzas en los niveles de SO2 se debieron a las condiciones de ventilaci\u00f3n desfavorables durante parte de la noche de ayer y la madrugada del d\u00eda de hoy\u201d.<\/p>\n<p>Adem\u00e1s, agreg\u00f3 que se tomaron las medidas seg\u00fan lo establecido en el Plan de Acci\u00f3n Operacional aplicando en su primera instancia: Condici\u00f3n Ambiental Mala a las 22:00 hrs. del domingo y posteriormente a las 04:00 hrs se decreta Condici\u00f3n Ambiental Extrema. Posterior a ello, el titular decidi\u00f3 dejar fuera de servicio el Convertidor Teniente, quedando fuera servicio la Fundici\u00f3n a partir de las 10:00 hrs.<\/p>\n<p>Asimismo, se evidenci\u00f3 un alza repentina de los niveles de SO<sub>2 <\/sub>en la estaci\u00f3n de Tierra Amarilla, a eso de las 12:00 hrs. que respondi\u00f3 a un alza muy intensa, pero de corta duraci\u00f3n, generando una condici\u00f3n de superaci\u00f3n del nivel 2 de emergencia seg\u00fan el DS. N\u00b0104\/2019.<\/p>\n<p>\u201cEl d\u00eda de hoy y ya previendo las malas de condiciones de ventilaci\u00f3n en la zona y observando nuevamente el comportamiento de las estaciones de monitoreo, se volvi\u00f3 a detectar un alza, pero en la estaci\u00f3n de Paipote en Copiap\u00f3, por lo que se decidi\u00f3 acudir de inmediato a la Fundici\u00f3n para constatar en terreno, las razones de estos eventos\u201d, precis\u00f3 S\u00e1nchez.<\/p>\n<p>El jefe Regional de la SMA en Atacama detall\u00f3 que a pesar de que el titular indic\u00f3 que se tomaron todas las medidas de plan operacional, aplicando una condici\u00f3n ambiental extrema, la SMA constat\u00f3 fallas operacionales que explican las alzas registradas el d\u00eda de ayer y hoy, por lo que se iniciar\u00e1 investigaci\u00f3n respectiva para determinar si estas se ajustan a las condiciones establecidas en el Plan Operacional vigente.<\/p>\n<p>\u201cLo importante es que a pesar de estos eventos, no tuvimos antecedentes de afectaci\u00f3n a la salud de los habitantes de los sectores de Tierra Amarilla y Paipote; esto puede deberse a la situaci\u00f3n de pandemia en la que nos encontramos ya que la comunidad debe permanecer en sus casas; no obstante ello, estos eventos no deben ocurrir, por lo que se solicit\u00f3 a la empresa redoblar los esfuerzo para evitar que este tipo de eventos sigan ocurriendo\u201d, concluy\u00f3 el jefe regional.<\/p>\n","protected":false},"excerpt":{"rendered":"<p>En el marco de la emergencia por di\u00f3xido de azufre (SO2) registrado el domingo 7 de junio en la estaci\u00f3n de monitoreo de Tierra Amarilla y el d\u00eda de hoy en la estaci\u00f3n de Paipote en la comuna de Copiap\u00f3, la Superintendencia realiz\u00f3 una inspecci\u00f3n ambiental a la Fundici\u00f3n Hern\u00e1n Videla Lira de ENAMI para verificar <a href=\"https:\/\/portal.sma.gob.cl\/index.php\/atacama-sma-fiscaliza-instalaciones-de-enami-tras-superacion-de-niveles-de-dioxido-de-azufre\/\">Leer m\u00e1s<\/a><\/p>\n","protected":false},"author":8,"featured_media":20913,"comment_status":"open","ping_status":"open","sticky":false,"template":"","format":"standard","meta":{"footnotes":""},"categories":[90,107],"tags":[],"class_list":["post-20917","post","type-post","status-publish","format-standard","has-post-thumbnail","hentry","category-comunicados-noticias","category-destacado"],"_links":{"self":[{"href":"https:\/\/portal.sma.gob.cl\/index.php\/wp-json\/wp\/v2\/posts\/20917","targetHints":{"allow":["GET"]}}],"collection":[{"href":"https:\/\/portal.sma.gob.cl\/index.php\/wp-json\/wp\/v2\/posts"}],"about":[{"href":"https:\/\/portal.sma.gob.cl\/index.php\/wp-json\/wp\/v2\/types\/post"}],"author":[{"embeddable":true,"href":"https:\/\/portal.sma.gob.cl\/index.php\/wp-json\/wp\/v2\/users\/8"}],"replies":[{"embeddable":true,"href":"https:\/\/portal.sma.gob.cl\/index.php\/wp-json\/wp\/v2\/comments?post=20917"}],"version-history":[{"count":1,"href":"https:\/\/portal.sma.gob.cl\/index.php\/wp-json\/wp\/v2\/posts\/20917\/revisions"}],"predecessor-version":[{"id":20918,"href":"https:\/\/portal.sma.gob.cl\/index.php\/wp-json\/wp\/v2\/posts\/20917\/revisions\/20918"}],"wp:featuredmedia":[{"embeddable":true,"href":"https:\/\/portal.sma.gob.cl\/index.php\/wp-json\/wp\/v2\/media\/20913"}],"wp:attachment":[{"href":"https:\/\/portal.sma.gob.cl\/index.php\/wp-json\/wp\/v2\/media?parent=20917"}],"wp:term":[{"taxonomy":"category","embeddable":true,"href":"https:\/\/portal.sma.gob.cl\/index.php\/wp-json\/wp\/v2\/categories?post=20917"},{"taxonomy":"post_tag","embeddable":true,"href":"https:\/\/portal.sma.gob.cl\/index.php\/wp-json\/wp\/v2\/tags?post=20917"}],"curies":[{"name":"wp","href":"https:\/\/api.w.org\/{rel}","templated":true}]}}