{"id":20925,"date":"2020-06-11T16:51:29","date_gmt":"2020-06-11T20:51:29","guid":{"rendered":"https:\/\/portal.sma.gob.cl\/?p=20925"},"modified":"2020-06-11T17:08:46","modified_gmt":"2020-06-11T21:08:46","slug":"accion-preventiva-superintendente-de-la-maza-inspecciona-primera-alerta-ambiental-en-la-region-metropolitana","status":"publish","type":"post","link":"https:\/\/portal.sma.gob.cl\/index.php\/accion-preventiva-superintendente-de-la-maza-inspecciona-primera-alerta-ambiental-en-la-region-metropolitana\/","title":{"rendered":"Acci\u00f3n preventiva: Superintendente De La Maza inspecciona alerta ambiental en la Regi\u00f3n Metropolitana"},"content":{"rendered":"<p><strong>La actividad consisti\u00f3 en un chequeo en terreno del cumplimiento del l\u00edmite de emisi\u00f3n de material particulado en fuentes fijas.<\/strong><\/p>\n<p><strong>Santiago, 11 de junio de 2020.-<\/strong> En el contexto de la alerta ambiental establecida hoy por la Intendencia Metropolitana debido a las malas condiciones de ventilaci\u00f3n sumado a las bajas temperaturas, el Superintendente del Medio Ambiente, Crist\u00f3bal De La Maza visit\u00f3 la planta de la empresa Lucchetti ubicada en la comuna de Macul donde hizo un llamado a las empresas sujetas al Plan de Prevenci\u00f3n y\/o Descontaminaci\u00f3n Atmosf\u00e9rico (PPDA), que rige para el Gran Santiago, a respetar las restricciones que fija el plan durante la Gesti\u00f3n de Episodios Cr\u00edticos (GEC), con el objeto de evitar alcanzar niveles de pre-emergencia o emergencia ambiental en la capital.<\/p>\n<p>Al respecto, el Superintendente De La Maza enfatiz\u00f3 que \u201caun cuando en condiciones de alerta ambiental las Fuentes Fijas no paralizan, la intenci\u00f3n de la SMA es relevar las acciones preventivas, las mejoras en los procesos productivos, as\u00ed como el desaf\u00edo de avanzar hacia la conectividad en l\u00ednea del seguimiento de emisiones y variables operacionales\u201d, afirm\u00f3 la autoridad.<\/p>\n<p>Adem\u00e1s, De La Maza reforz\u00f3 el llamado a las empresas sujetas al plan de descontaminaci\u00f3n a respetar las restricciones que regula este instrumento de gesti\u00f3n ambiental, que tiene por objeto mejorar la calidad del aire. \u201cDebemos evitar alcanzar niveles de pre-emergencia y emergencia ambiental. Como Superintendencia estamos reforzando nuestra presencia fiscalizadora en la Gesti\u00f3n de Episodios Cr\u00edticos de contaminaci\u00f3n, y hemos programado un 100% m\u00e1s de actividades preventivas para este per\u00edodo con respecto al 2019\u201d, indic\u00f3.<\/p>\n<p>La autoridad agreg\u00f3 que \u201cla actividad de fiscalizaci\u00f3n realizada hoy consisti\u00f3 en un chequeo en terreno del cumplimiento del l\u00edmite de emisi\u00f3n de material particulado en cuanto a que \u00e9ste puede tener un efecto negativo en la salud de las personas, lo que es sumamente relevante considerando la condici\u00f3n sanitaria actual\u201d, afirm\u00f3.<\/p>\n<p>El Superintendente se\u00f1al\u00f3 tambi\u00e9n que \u201csi queremos mejoras ambientales concretas debemos centrar el foco en el cumplimiento normativo. Nuestra prioridad y esfuerzo est\u00e1 justamente en perfeccionar el enfoque fiscalizador y adelantarnos a este tipo de contingencias como lo que hoy estamos haciendo\u201d.<\/p>\n<p>Junto con inspeccionar la instalaci\u00f3n, el equipo del Nivel Central de la SMA tambi\u00e9n solicit\u00f3 a la empresa la declaraci\u00f3n de emisiones de la Resoluci\u00f3n Exenta N\u00b015027\/1994 del MINSAL, informe t\u00e9cnico individual de la caldera, informe de muestreo isocin\u00e9tico de material particulado, entre otras acciones.<\/p>\n<p>Es importante destacar que, en episodio de alerta ambiental, no hay medidas asociadas a paralizaci\u00f3n de fuentes fijas, por lo mismo esta actividad se enmarca en el programa anual de fiscalizaciones que despliega la Superintendencia del Medio Ambiente en todo el pa\u00eds, y que tiene por finalidad la asistencia al cumplimiento ambiental, manteniendo el enfoque preventivo y de mejora continua.<\/p>\n<p>Por \u00faltimo, entre las medidas que contempla el PPDA de la Regi\u00f3n Metropolitana durante episodios de alerta ambiental, est\u00e1 la prohibici\u00f3n del uso calefactores y cocinas a le\u00f1a. Para m\u00e1s informaci\u00f3n, revisar el siguiente link: <a href=\"https:\/\/portal.sma.gob.cl\/index.php\/portal-regulados\/instructivos-y-guias\/planes-de-prevencion-y-descontaminacion-ambiental\/\">Plan de Prevenci\u00f3n y Descontaminaci\u00f3n Ambiental<\/a><\/p>\n","protected":false},"excerpt":{"rendered":"<p>La actividad consisti\u00f3 en un chequeo en terreno del cumplimiento del l\u00edmite de emisi\u00f3n de material particulado en fuentes fijas. Santiago, 11 de junio de 2020.- En el contexto de la alerta ambiental establecida hoy por la Intendencia Metropolitana debido a las malas condiciones de ventilaci\u00f3n sumado a las bajas temperaturas, el Superintendente del Medio Ambiente, <a href=\"https:\/\/portal.sma.gob.cl\/index.php\/accion-preventiva-superintendente-de-la-maza-inspecciona-primera-alerta-ambiental-en-la-region-metropolitana\/\">Leer m\u00e1s<\/a><\/p>\n","protected":false},"author":8,"featured_media":20921,"comment_status":"open","ping_status":"open","sticky":false,"template":"","format":"standard","meta":{"footnotes":""},"categories":[90,107],"tags":[],"class_list":["post-20925","post","type-post","status-publish","format-standard","has-post-thumbnail","hentry","category-comunicados-noticias","category-destacado"],"_links":{"self":[{"href":"https:\/\/portal.sma.gob.cl\/index.php\/wp-json\/wp\/v2\/posts\/20925","targetHints":{"allow":["GET"]}}],"collection":[{"href":"https:\/\/portal.sma.gob.cl\/index.php\/wp-json\/wp\/v2\/posts"}],"about":[{"href":"https:\/\/portal.sma.gob.cl\/index.php\/wp-json\/wp\/v2\/types\/post"}],"author":[{"embeddable":true,"href":"https:\/\/portal.sma.gob.cl\/index.php\/wp-json\/wp\/v2\/users\/8"}],"replies":[{"embeddable":true,"href":"https:\/\/portal.sma.gob.cl\/index.php\/wp-json\/wp\/v2\/comments?post=20925"}],"version-history":[{"count":3,"href":"https:\/\/portal.sma.gob.cl\/index.php\/wp-json\/wp\/v2\/posts\/20925\/revisions"}],"predecessor-version":[{"id":20928,"href":"https:\/\/portal.sma.gob.cl\/index.php\/wp-json\/wp\/v2\/posts\/20925\/revisions\/20928"}],"wp:featuredmedia":[{"embeddable":true,"href":"https:\/\/portal.sma.gob.cl\/index.php\/wp-json\/wp\/v2\/media\/20921"}],"wp:attachment":[{"href":"https:\/\/portal.sma.gob.cl\/index.php\/wp-json\/wp\/v2\/media?parent=20925"}],"wp:term":[{"taxonomy":"category","embeddable":true,"href":"https:\/\/portal.sma.gob.cl\/index.php\/wp-json\/wp\/v2\/categories?post=20925"},{"taxonomy":"post_tag","embeddable":true,"href":"https:\/\/portal.sma.gob.cl\/index.php\/wp-json\/wp\/v2\/tags?post=20925"}],"curies":[{"name":"wp","href":"https:\/\/api.w.org\/{rel}","templated":true}]}}